{"id":5457,"count":1,"description":"","link":"https:\/\/gnews.cz\/en\/tag\/eva-jiricna\/","name":"Eva Ji\u0159i\u010dn\u00e1","slug":"eva-jiricna","taxonomy":"post_tag","meta":[],"_links":{"self":[{"href":"https:\/\/gnews.cz\/en\/wp-json\/wp\/v2\/tags\/5457","targetHints":{"allow":["GET"]}}],"collection":[{"href":"https:\/\/gnews.cz\/en\/wp-json\/wp\/v2\/tags"}],"about":[{"href":"https:\/\/gnews.cz\/en\/wp-json\/wp\/v2\/taxonomies\/post_tag"}],"wp:post_type":[{"href":"https:\/\/gnews.cz\/en\/wp-json\/wp\/v2\/posts?tags=5457"}],"curies":[{"name":"wp","href":"https:\/\/api.w.org\/{rel}","templated":true}]}}