{"id":8624,"count":2,"description":"","link":"https:\/\/gnews.cz\/en\/tag\/jan-milic-z-kromerize\/","name":"Jan Mil\u00ed\u010d of Krom\u011b\u0159\u00ed\u017e","slug":"jan-milic-from-kromeriz","taxonomy":"post_tag","meta":[],"_links":{"self":[{"href":"https:\/\/gnews.cz\/en\/wp-json\/wp\/v2\/tags\/8624","targetHints":{"allow":["GET"]}}],"collection":[{"href":"https:\/\/gnews.cz\/en\/wp-json\/wp\/v2\/tags"}],"about":[{"href":"https:\/\/gnews.cz\/en\/wp-json\/wp\/v2\/taxonomies\/post_tag"}],"wp:post_type":[{"href":"https:\/\/gnews.cz\/en\/wp-json\/wp\/v2\/posts?tags=8624"}],"curies":[{"name":"wp","href":"https:\/\/api.w.org\/{rel}","templated":true}]}}