{"id":10342,"date":"2024-08-05T12:58:18","date_gmt":"2024-08-05T10:58:18","guid":{"rendered":"https:\/\/www.gnews.cz\/?p=10342"},"modified":"2025-03-09T17:03:57","modified_gmt":"2025-03-09T16:03:57","slug":"el-alto-diplomatico-estadounidense-blinken-dice-al-g7-que-iran-y-hizballah-pueden-atacar-israel-en-las-proximas-24-horas","status":"publish","type":"post","link":"https:\/\/gnews.cz\/es\/politika\/nejvyssi-americky-diplomat-blinken-rekl-g7-ze-iran-a-hizballah-mohou-v-pristich-24-hodinach-zautocit-na-izrael\/","title":{"rendered":"Blinken, alto diplom\u00e1tico estadounidense, afirma ante el G7 que Ir\u00e1n y Hezbol\u00e1 pueden atacar Israel en las pr\u00f3ximas 24 horas"},"content":{"rendered":"<p><strong>foto: wikipedia commons<\/strong><\/p>\n\n\n\n<p><strong>WASHINGTON, 5 de agosto - El secretario de Estado estadounidense, Anthony Blinken, ha informado a los ministros de Asuntos Exteriores del Grupo de los Siete (G7) de que Ir\u00e1n y Hezbol\u00e1 podr\u00edan lanzar una ofensiva contra Israel en las pr\u00f3ximas 24 horas, inform\u00f3 el sitio web de noticias estadounidense Axios, citando fuentes an\u00f3nimas.<\/strong><\/p>\n\n\n\n<blockquote class=\"wp-block-quote is-layout-flow wp-block-quote-is-layout-flow\">\n<p><strong><em>Seg\u00fan un informe de Axios, \"el ministro de Asuntos Exteriores Tony Blinken dijo el domingo a sus hom\u00f3logos del G7 que un ataque de Ir\u00e1n y Hezbol\u00e1 contra Israel podr\u00eda comenzar ya el lunes\".<\/em><\/strong><\/p>\n<\/blockquote>\n\n\n\n<p>\"Blinken convoc\u00f3 la conferencia telef\u00f3nica para coordinarse con los aliados m\u00e1s pr\u00f3ximos de Estados Unidos y tratar de crear una presi\u00f3n diplom\u00e1tica de \u00faltima hora sobre Ir\u00e1n y Hezbol\u00e1 para minimizar sus represalias\", afirma el sitio web. \"Subray\u00f3 que limitar el impacto de sus ataques era la mejor oportunidad para evitar una guerra total\".<\/p>\n\n\n\n<blockquote class=\"wp-block-quote is-layout-flow wp-block-quote-is-layout-flow\">\n<p><strong><em>\"Ir\u00e1n y su aliado liban\u00e9s Hezbol\u00e1 han prometido responder al asesinato por Israel del l\u00edder pol\u00edtico de Ham\u00e1s, Ismail Haniyeh, en Teher\u00e1n\".<\/em><\/strong><\/p>\n<\/blockquote>\n\n\n\n<p>La agencia de noticias Axios, citando sus fuentes, inform\u00f3 de que \"Blinken subray\u00f3 que Estados Unidos cree que tanto Ir\u00e1n como Hezbol\u00e1 tomar\u00e1n represalias\".<\/p>\n\n\n\n<blockquote class=\"wp-block-quote is-layout-flow wp-block-quote-is-layout-flow\">\n<p><strong><em>\"Blinken dijo que Estados Unidos desconoce el momento exacto de los ataques, pero subray\u00f3 que podr\u00edan comenzar en las pr\u00f3ximas 24-48 horas, es decir, ya el lunes\", informa el sitio web.<\/em><\/strong><\/p>\n<\/blockquote>\n\n\n\n<p>El 31 de julio, el movimiento palestino Ham\u00e1s anunci\u00f3 que Haniyeh hab\u00eda muerto en un ataque israel\u00ed contra su residencia en Teher\u00e1n, donde asist\u00eda a la toma de posesi\u00f3n del presidente iran\u00ed Masoud Pezeskian. El canal de televisi\u00f3n Al Hadath inform\u00f3 de que Haniyeh hab\u00eda muerto en un ataque directo con misiles. Mousa Abu Marzook, jefe adjunto del bur\u00f3 pol\u00edtico de Ham\u00e1s, prometi\u00f3 que el asesinato de Haniyeh no quedar\u00eda sin respuesta.<\/p>\n\n\n\n<p><strong>TASS\/gnews.cz-roz<\/strong><\/p>\n\n\n\n<p><a href=\"https:\/\/tass.com\/world\/1825213\">https:\/\/tass.com\/world\/1825213<\/a><\/p>","protected":false},"excerpt":{"rendered":"<p>foto: wikipedia commons WASHINGTON, 5 de agosto - El secretario de Estado estadounidense, Anthony Blinken, ha informado a los ministros de Asuntos Exteriores del Grupo de los Siete (G7) de que Ir\u00e1n y...<\/p>","protected":false},"author":2,"featured_media":10343,"comment_status":"closed","ping_status":"closed","sticky":false,"template":"","format":"standard","meta":{"_acf_changed":false,"_lmt_disableupdate":"","_lmt_disable":"","footnotes":""},"categories":[7,580,2973],"tags":[316,760,49,147,10,50,17,38,41],"class_list":["post-10342","post","type-post","status-publish","format-standard","has-post-thumbnail","hentry","category-politika","category-vyber-sefredaktora","category-zahranicni","tag-antony-blinken","tag-iran-3","tag-izrael","tag-libanon","tag-news","tag-palestina","tag-top","tag-usa","tag-world"],"acf":[],"aioseo_notices":[],"_links":{"self":[{"href":"https:\/\/gnews.cz\/es\/wp-json\/wp\/v2\/posts\/10342","targetHints":{"allow":["GET"]}}],"collection":[{"href":"https:\/\/gnews.cz\/es\/wp-json\/wp\/v2\/posts"}],"about":[{"href":"https:\/\/gnews.cz\/es\/wp-json\/wp\/v2\/types\/post"}],"author":[{"embeddable":true,"href":"https:\/\/gnews.cz\/es\/wp-json\/wp\/v2\/users\/2"}],"replies":[{"embeddable":true,"href":"https:\/\/gnews.cz\/es\/wp-json\/wp\/v2\/comments?post=10342"}],"version-history":[{"count":0,"href":"https:\/\/gnews.cz\/es\/wp-json\/wp\/v2\/posts\/10342\/revisions"}],"wp:featuredmedia":[{"embeddable":true,"href":"https:\/\/gnews.cz\/es\/wp-json\/wp\/v2\/media\/10343"}],"wp:attachment":[{"href":"https:\/\/gnews.cz\/es\/wp-json\/wp\/v2\/media?parent=10342"}],"wp:term":[{"taxonomy":"category","embeddable":true,"href":"https:\/\/gnews.cz\/es\/wp-json\/wp\/v2\/categories?post=10342"},{"taxonomy":"post_tag","embeddable":true,"href":"https:\/\/gnews.cz\/es\/wp-json\/wp\/v2\/tags?post=10342"}],"curies":[{"name":"wp","href":"https:\/\/api.w.org\/{rel}","templated":true}]}}