{"id":15724,"date":"2024-11-02T22:19:52","date_gmt":"2024-11-02T20:19:52","guid":{"rendered":"https:\/\/www.gnews.cz\/?p=15724"},"modified":"2024-11-14T13:59:34","modified_gmt":"2024-11-14T11:59:34","slug":"__trashed-4-2__trashed-2","status":"publish","type":"post","link":"https:\/\/gnews.cz\/es\/politika\/__trashed-4-2__trashed-2\/","title":{"rendered":"Inundaciones en Espa\u00f1a: al menos 214 muertos, 10.000 soldados y polic\u00edas enviados a Valencia"},"content":{"rendered":"<p><strong>Cuatro d\u00edas despu\u00e9s de que las lluvias torrenciales arrasaran la regi\u00f3n oriental de Valencia, las inundaciones m\u00e1s mort\u00edferas de la historia moderna de Espa\u00f1a han causado la muerte de al menos 214 personas y decenas siguen desaparecidas, declar\u00f3 el s\u00e1bado el Presidente del Gobierno, Pedro S\u00e1nchez.<\/strong><\/p>\n\n\n\n<p>En una declaraci\u00f3n televisada, S\u00e1nchez dijo que el Gobierno est\u00e1 enviando otros 5.000 efectivos para ayudar en las labores de b\u00fasqueda y recuperaci\u00f3n, que se suman a los 2.500 soldados y 5.000 polic\u00edas ya desplegados.<\/p>\n\n\n\n<p><em>\"Se trata de la mayor operaci\u00f3n en tiempos de paz de las Fuerzas Armadas en Espa\u00f1a\".<\/em> dijo S\u00e1nchez. <em>\"El Gobierno va a movilizar todos los recursos necesarios mientras sean necesarios\".<\/em><\/p>\n\n\n\n<p>Esta tragedia es ya la peor cat\u00e1strofe europea relacionada con las inundaciones desde 1967, cuando murieron al menos 500 personas en Portugal.<\/p>\n\n\n\n<p>Casi todos los muertos se encontraban en la zona de Valencia, donde miles de efectivos de seguridad y de rescate estaban retirando escombros y barro en busca de cad\u00e1veres.<\/p>\n\n\n\n<p>La prioridad es restablecer el orden y distribuir ayuda a las ciudades y pueblos devastados, algunos de los cuales se han quedado sin alimentos, agua ni electricidad desde las lluvias torrenciales del martes.<\/p>\n\n\n\n<p>Las autoridades han sido criticadas por sus sistemas de alerta de inundaciones y algunos residentes afectados se quejan de que la respuesta a la cat\u00e1strofe ha sido demasiado lenta.<\/p>\n\n\n\n<p><em>\"Soy consciente de que la respuesta no es suficiente, hay problemas y graves carencias, ciudades cubiertas de barro, gente desesperada buscando a sus familiares, hay que mejorar\".<\/em> dijo S\u00e1nchez.<\/p>\n\n\n\n<p>El presidente del Gobierno espa\u00f1ol dijo que se hab\u00eda restablecido el suministro el\u00e9ctrico en el 94% de los hogares afectados por los apagones y que se hab\u00edan reparado cerca de la mitad de las l\u00edneas telef\u00f3nicas ca\u00eddas.<\/p>\n\n\n\n<p>Algunas autopistas de la Comunidad Valenciana han sido reabiertas, pero las carreteras locales y regionales parecen un \"queso suizo\", lo que significa que algunos lugares seguir\u00e1n siendo inaccesibles en todo el pa\u00eds durante probablemente semanas, dijo el ministro de Transportes. <strong>Oscar Puente<\/strong> del diario El Pa\u00eds.<\/p>\n\n\n\n<p>Los medios de comunicaci\u00f3n espa\u00f1oles informaron de que el Rey Felipe VI y la Reina Letizia tienen previsto visitar la Comunidad Valenciana el domingo, junto con S\u00e1nchez y el l\u00edder regional <strong>Carlos Maz\u00f3n<\/strong>.<\/p>\n\n\n\n<p>Maz\u00f3n describi\u00f3 el s\u00e1bado las inundaciones como <em>\"el peor momento de nuestra historia\"<\/em> y ha presentado una serie de propuestas, desde infraestructuras hasta apoyo econ\u00f3mico, para ayudar a su regi\u00f3n a reconstruirse.<\/p>\n\n\n\n<p>La tormenta que provoc\u00f3 las inundaciones del martes se form\u00f3 al pasar aire fr\u00edo sobre las aguas c\u00e1lidas del Mediterr\u00e1neo y es normal para esta \u00e9poca del a\u00f1o.<\/p>\n\n\n\n<p>Sin embargo, los cient\u00edficos advierten de que el cambio clim\u00e1tico inducido por el hombre est\u00e1 aumentando la gravedad, duraci\u00f3n y frecuencia de estos fen\u00f3menos meteorol\u00f3gicos extremos.<\/p>\n\n\n\n<p><strong><a href=\"https:\/\/news.cgtn.com\/news\/2024-11-03\/Spain-floods-10-000-troops-and-police-sent-to-Valencia-1ydJDIgnuXS\/p.html\" title=\"\">CGTN<\/a>\/ gnews.cz - HeK<\/strong><\/p>\n\n\n\n<p>FOTO - Xinhua\/Pablo Morano<\/p>\n\n\n\n<p><\/p>","protected":false},"excerpt":{"rendered":"<p>Cuatro d\u00edas despu\u00e9s de que las lluvias torrenciales arrasaran la regi\u00f3n oriental de Valencia, las inundaciones m\u00e1s mort\u00edferas de la historia moderna de Espa\u00f1a causaron la muerte de al menos 214 personas...<\/p>","protected":false},"author":4,"featured_media":15734,"comment_status":"closed","ping_status":"closed","sticky":false,"template":"","format":"standard","meta":{"_acf_changed":false,"_lmt_disableupdate":"","_lmt_disable":"","footnotes":""},"categories":[7],"tags":[25,18,78,1179,17,1586,697],"class_list":["post-15724","post","type-post","status-publish","format-standard","has-post-thumbnail","hentry","category-politika","tag-cgtn","tag-cmg","tag-evropa","tag-spanelsko","tag-top","tag-valencie","tag-zaplavy"],"acf":[],"aioseo_notices":[],"_links":{"self":[{"href":"https:\/\/gnews.cz\/es\/wp-json\/wp\/v2\/posts\/15724","targetHints":{"allow":["GET"]}}],"collection":[{"href":"https:\/\/gnews.cz\/es\/wp-json\/wp\/v2\/posts"}],"about":[{"href":"https:\/\/gnews.cz\/es\/wp-json\/wp\/v2\/types\/post"}],"author":[{"embeddable":true,"href":"https:\/\/gnews.cz\/es\/wp-json\/wp\/v2\/users\/4"}],"replies":[{"embeddable":true,"href":"https:\/\/gnews.cz\/es\/wp-json\/wp\/v2\/comments?post=15724"}],"version-history":[{"count":0,"href":"https:\/\/gnews.cz\/es\/wp-json\/wp\/v2\/posts\/15724\/revisions"}],"wp:featuredmedia":[{"embeddable":true,"href":"https:\/\/gnews.cz\/es\/wp-json\/wp\/v2\/media\/15734"}],"wp:attachment":[{"href":"https:\/\/gnews.cz\/es\/wp-json\/wp\/v2\/media?parent=15724"}],"wp:term":[{"taxonomy":"category","embeddable":true,"href":"https:\/\/gnews.cz\/es\/wp-json\/wp\/v2\/categories?post=15724"},{"taxonomy":"post_tag","embeddable":true,"href":"https:\/\/gnews.cz\/es\/wp-json\/wp\/v2\/tags?post=15724"}],"curies":[{"name":"wp","href":"https:\/\/api.w.org\/{rel}","templated":true}]}}