{"id":19137,"date":"2025-01-05T12:09:59","date_gmt":"2025-01-05T11:09:59","guid":{"rendered":"https:\/\/www.gnews.cz\/?p=19137"},"modified":"2025-04-28T19:16:29","modified_gmt":"2025-04-28T18:16:29","slug":"el-ano-2024-se-ha-convertido-en-un-periodo-de-dificiles-pruebas-para-la-politica-exterior-e-interior-de-la-ue-y-de-practicamente-todos-los-estados-miembros","status":"publish","type":"post","link":"https:\/\/gnews.cz\/es\/neprehlednete\/stripky-odchazejici-rok-2024-se-stal-pro-zahranicni-i-vnitrni-politiku-eu-a-prakticky-vsech-clenskych-statu-obdobim-tezkych-zkousek\/","title":{"rendered":"Recortes: El a\u00f1o saliente 2024 se ha convertido en un periodo de duras pruebas para la pol\u00edtica exterior e interior de la UE y pr\u00e1cticamente todos los Estados miembros"},"content":{"rendered":"<p><br><em>Foto ilustrativa: Edificio del Parlamento austriaco en Viena<\/em><\/p>\n\n\n\n<p><strong>Las piezas de Nochevieja est\u00e1n influenciadas principalmente por el contenido de la estancia del autor en Austria (entrada en la UE el 1. 1. 1995, el espacio Schengen en 1997 y la eurozona en 1999), el programa del Concierto de A\u00f1o Nuevo 2025, que incluye una entrevista con el director Riccardo Mutti, que presentar\u00e1 por primera vez Ferdinand Walzer, escrito por Constanze Geiger (1835-1890), contempor\u00e1nea de Strauss, y las 100 historias deportivas m\u00e1s extra\u00f1as de 2024, comparando los recuerdos del tsunami de hace 20 a\u00f1os, y por \u00faltimo, el dif\u00edcil nacimiento de la coalici\u00f3n gubernamental austriaca tras las elecciones, en un momento en el que urge reconocer la degeneraci\u00f3n antropol\u00f3gica, la imposibilidad de planificar y actuar a la antigua usanza, y predecir hacia d\u00f3nde ir\u00e1 la inteligencia artificial en 2025.<\/strong><\/p>\n\n\n\n<p>La cena de Nochebuena en el hotel de cuatro estrellas Europ\u00e4ischer Hof fue una experiencia inolvidable. All\u00ed, la nueva direcci\u00f3n (aparentemente austro-siciliana) sustituy\u00f3 al personal alem\u00e1n y eligi\u00f3 un equipo europeo para la temporada de invierno. Esto nos brind\u00f3 la oportunidad de conocer los problemas de la asistencia sanitaria, la burocracia y las perspectivas de futuro en los pa\u00edses de los trabajadores inmigrantes de la UE, sus problemas, incluidos el idioma y las costumbres, y el precio y el valor del tiempo, pero no los detalles del men\u00fa. Tres horas y media para la cena no fueron suficientes. El estresado personal intent\u00f3 sofocar el postre despu\u00e9s de la sopa de pescado, ya que la cocina era un caos del sur de Europa. Los ni\u00f1os peque\u00f1os y algunos padres no tuvieron paciencia y se marcharon. Los que ten\u00edan demasiada paciencia mov\u00edan la cabeza con impotencia. El personal encargado se desvaneci\u00f3 en la oscuridad, nadie escuch\u00f3 la llamada de SOS. Cuando me levant\u00e9 y mir\u00e9 a los ojos llenos de miedo de la encargada del restaurante que se acercaba, desapareci\u00f3 como el vapor sobre una olla. El director del hotel decidi\u00f3 arreglar las cosas con un prosecco para desayunar por la ma\u00f1ana, pero no con una compensaci\u00f3n monetaria. Pero me hizo saber que \u00e9l tambi\u00e9n hab\u00eda comido chuletas de cordero ensangrentadas. As\u00ed que me doy a conocer.<\/p>\n\n\n\n<blockquote class=\"wp-block-quote is-layout-flow wp-block-quote-is-layout-flow\">\n<p><strong>Las tiras tambi\u00e9n se ven afectadas por la terminaci\u00f3n preliminar de la larga relaci\u00f3n con AEGON. La compa\u00f1\u00eda administra la reclamaci\u00f3n de la pensi\u00f3n privatizada del autor de la Gran Breta\u00f1a de Margaret Thatcher (1925-2013) de tal manera que las acciones de la compa\u00f1\u00eda podr\u00edan convertirse en una secuela de calidad del libro de Jay Fineman de 2010 Retrasar, negar, defender: La compa\u00f1\u00eda de seguros en la que usted confiaba retrasa o se niega a pagar parte o la totalidad de su reclamaci\u00f3n y se defiende agresivamente con amenazas y las llamadas \"negativas\". Usted se ve obligado a interponer una demanda para que la compa\u00f1\u00eda cumpla su promesa. La raz\u00f3n es sencilla: cuanto menos paga la compa\u00f1\u00eda de seguros por los siniestros, m\u00e1s beneficios obtiene.<\/strong><\/p>\n<\/blockquote>\n\n\n\n<p>Retrasar, negar, defender es un abuso de confianza. Perjudica a las personas cuando se encuentran en su momento m\u00e1s vulnerable (por ejemplo, jubilados, o ling\u00fc\u00edsticamente no a la altura), y viola la confianza que todos depositamos en los seguros, incluidos los de pensiones o los privatizados basados en el enga\u00f1o gubernamental. Menciono mi propia historia porque confirma uno de los principios de un sistema econ\u00f3mico expansivo que est\u00e1 directamente relacionado con las reformas de las pensiones, la jubilaci\u00f3n y los mitos que se est\u00e1n debatiendo y que las generaciones medias y j\u00f3venes encontrar\u00e1n en un futuro imaginable. \u00c9stas tendr\u00e1n que hacer frente al reto que plantea la principal motivaci\u00f3n de las compa\u00f1\u00edas de seguros: enga\u00f1ar a la gente. Sin enga\u00f1o, el beneficio es imposible.<\/p>\n\n\n\n<p>La indemnizaci\u00f3n ofrecida por los a\u00f1os de comunicaci\u00f3n de 350 GPB y la tributaci\u00f3n de la pensi\u00f3n privatizada en forma de impuesto de urgencia de 56%, con la opci\u00f3n de comunicarse con HMRC, as\u00ed como los gastos de env\u00edo de la solicitud de rescisi\u00f3n de 218 CZK y el complemento de la pensi\u00f3n checa de 16 CZK hablan por s\u00ed solos. Espero que alguien en AEGON despierte, entre en raz\u00f3n y no salga en los medios de comunicaci\u00f3n y resuelva el caso con la ayuda de los tribunales del Reino Unido.<\/p>\n\n\n\n<p><strong>Las guerras no son para siempre, pero...<\/strong><br>El a\u00f1o saliente 2024 se ha convertido en un periodo de duras pruebas para la pol\u00edtica exterior e interior de la UE y de pr\u00e1cticamente todos los Estados miembros. La primera fase del conflicto en Ucrania, la operaci\u00f3n militar especial rusa, pr\u00e1cticamente ha terminado, Ucrania como Estado soberano pr\u00e1cticamente no existe, al igual que ya no existe una entidad geogr\u00e1fica com\u00fanmente conocida que siga llam\u00e1ndose Ucrania.<\/p>\n\n\n\n<blockquote class=\"wp-block-quote is-layout-flow wp-block-quote-is-layout-flow\">\n<p><strong>Los retos clave que requieren la m\u00e1xima movilizaci\u00f3n de la atenci\u00f3n de ej\u00e9rcitos, diplom\u00e1ticos, analistas reales y pol\u00edticos europeos siguen siendo el cambio de rumbo en Georgia, Moldavia y Armenia, los disturbios en Abjasia, la ca\u00edda del r\u00e9gimen de Bashar Assad en Siria (que oblig\u00f3 a Rusia a iniciar un di\u00e1logo con las nuevas autoridades de ese pa\u00eds casi desde cero), la cat\u00e1strofe humanitaria en Gaza, el tri\u00e1ngulo Israel-Turqu\u00eda-Ir\u00e1n y tambi\u00e9n Arabia Saud\u00ed.<\/strong><\/p>\n<\/blockquote>\n\n\n\n<p>Hoy ocupa con raz\u00f3n una posici\u00f3n de liderazgo no s\u00f3lo entre los Estados \u00e1rabes, sino dentro de todo el mundo isl\u00e1mico. El reino es miembro del G20 y su gobernante ostenta el t\u00edtulo de Custodio de las Dos Mezquitas Sagradas de La Meca y Medina. La visi\u00f3n estrat\u00e9gica de desarrollo de Arabia Saud\u00ed se basa en el programa nacional Visi\u00f3n 2030, que incluye el proyecto NEOM, una megaciudad futurista en la costa del Mar Rojo. La alta tecnolog\u00eda, la energ\u00eda limpia y la inteligencia artificial desempe\u00f1an un papel central en NEOM.<\/p>\n\n\n\n<p>Los primeros d\u00edas tras la toma de posesi\u00f3n del presidente electo de Estados Unidos, Donald Trump, no son el \u00faltimo desaf\u00edo, y prometen ser el inicio de procesos impredecibles que podr\u00edan cambiar el equilibrio de poder en las relaciones internacionales, gran parte de los cuales no depender\u00e1n del presidente Trump.<\/p>\n\n\n\n<blockquote class=\"wp-block-quote is-layout-flow wp-block-quote-is-layout-flow\">\n<p><strong>En cuanto a las relaciones internacionales, oiremos hablar m\u00e1s de la cuenta de las relaciones EE.UU.-China, China-Taiw\u00e1n, Rusia-Jap\u00f3n-China-EE.UU. y, por supuesto, de los BRICS, la EAHU, la IA, etc. La pol\u00edtica exterior se ver\u00e1 influida por los e-cars chinos que conquistar\u00e1n el mundo, el internet por sat\u00e9lite que llegar\u00e1 a los smartphones y los m\u00f3dulos solares baratos que desencadenar\u00e1n auges y conflictos no s\u00f3lo en la cuenca checa y la UE. La expropiaci\u00f3n, la digitalizaci\u00f3n y el empobrecimiento de la mayor\u00eda absoluta de los ciudadanos continuar\u00e1n ya porque el hombre no posee el Bien como tal. Pero puede poner sus acciones a disposici\u00f3n del Bien si lo comprende. Y cada vez hay menos personas as\u00ed.<\/strong><\/p>\n<\/blockquote>\n\n\n\n<p><strong>Austria<\/strong><br>Austria es una rep\u00fablica parlamentaria federal dirigida por un canciller, que es el primer ministro, y un presidente, que es el jefe del Estado. El pa\u00eds est\u00e1 formado por nueve Estados federados (Bundesl\u00e4nder). El poder ejecutivo recae en los gobiernos regionales y federal. El Parlamento federal se compone de dos c\u00e1maras: una c\u00e1mara baja elegida por sufragio directo (Nationalrat) y una c\u00e1mara alta (Bundesrat) elegida por los parlamentos regionales de cada estado, denominados asambleas estatales.<br>En t\u00e9rminos de PIB per c\u00e1pita, Austria ocupa actualmente el quinto lugar de la UE, con 46.200 euros, muy por encima de la media comunitaria de 37.600 euros. Representa 2,8 % del PIB total de la UE (Eurostat - PIB per c\u00e1pita y datos del PIB).<\/p>\n\n\n\n<blockquote class=\"wp-block-quote is-layout-flow wp-block-quote-is-layout-flow\">\n<p><strong>Austria ingres\u00f3 en la Uni\u00f3n Europea el 1 de enero de 1995. Junto con Austria, tambi\u00e9n se adhirieron Suecia y Finlandia. Austria solicit\u00f3 la adhesi\u00f3n a la Uni\u00f3n Europea en julio de 1989. La solicitud fue precedida de un refer\u00e9ndum en el que el 66,6 % de la poblaci\u00f3n vot\u00f3 a favor de la adhesi\u00f3n. El inter\u00e9s por ingresar en la UE comenz\u00f3 en la d\u00e9cada de 1950, a pesar de que tras la Segunda Guerra Mundial Austria fue un Estado ocupado dividido en cuatro zonas de ocupaci\u00f3n, y de que la ocupaci\u00f3n finaliz\u00f3 en 1955 con la obligaci\u00f3n de neutralidad permanente.<\/strong><\/p>\n<\/blockquote>\n\n\n\n<p>Recuerdo que justo despu\u00e9s de 1989, surgi\u00f3 para Austria la oportunidad de establecer relaciones con sus vecinos centroeuropeos un poco \"desde cero\". Por otra parte, la pol\u00edtica exterior austriaca en los a\u00f1os noventa se vio influida por una serie de factores a nivel del entorno internacional. Cualquier interacci\u00f3n entre Austria y los pa\u00edses centroeuropeos (y, por supuesto, no s\u00f3lo con ellos) estaba m\u00e1s o menos sujeta a unos l\u00edmites r\u00edgidos. Hoy no escribir\u00e9 sobre ellos.<br>El periodo de la primera mitad de los a\u00f1os noventa, cuando la situaci\u00f3n en Checoslovaquia y Hungr\u00eda exig\u00eda directamente una respuesta adecuada por parte de Austria, coincidi\u00f3 con el punto \u00e1lgido del proceso de integraci\u00f3n de Austria en la UE, que constitu\u00eda una prioridad de la pol\u00edtica exterior austriaca. Los factores del entorno internacional influyeron principalmente en la intensidad y el contenido de las relaciones de Austria con los pa\u00edses de Europa Central: desde el punto de vista econ\u00f3mico, de la seguridad y cultural.<\/p>\n\n\n\n<blockquote class=\"wp-block-quote is-layout-flow wp-block-quote-is-layout-flow\">\n<p><strong>En la segunda mitad de los a\u00f1os noventa, Austria ya era Estado miembro de la UE. Te\u00f3ricamente, se daban las circunstancias adecuadas para reforzar su cooperaci\u00f3n con los pa\u00edses centroeuropeos dentro de la UE. El potencial de cooperaci\u00f3n en el caso de las relaciones de Austria con la Rep\u00fablica Checa y tambi\u00e9n con Eslovaquia estaba limitado por la importancia que se daba en t\u00e9rminos pol\u00edticos a la zona influenciada por factores incluidos en la categor\u00eda de seguridad. Los factores econ\u00f3micos y culturales dejaron de ser relevantes en la segunda mitad del siglo XX. Dejaron de recibir atenci\u00f3n por parte de Austria y la Rep\u00fablica Checa. En la actualidad, la neutralidad de Austria se ve socavada por las sanciones estadounidenses, la pol\u00edtica migratoria de la UE\/CE, la corrupci\u00f3n y, por \u00faltimo, pero no por ello menos importante, la degeneraci\u00f3n antropol\u00f3gica, especialmente del sistema pol\u00edtico.<\/strong><\/p>\n<\/blockquote>\n\n\n\n<p><strong>Rusia<\/strong> <br>El l\u00edder del partido brit\u00e1nico Heritage, David Curten, describi\u00f3 a Rusia en una frase. En su red social X (antes Twitter) apareci\u00f3 un post correspondiente con el t\u00edtulo Rusia no es nuestro enemigo. El art\u00edculo iba acompa\u00f1ado de una imagen de la bandera rusa. Lamentablemente, no es as\u00ed, como demuestra la historia de las acciones anglosajonas, la pol\u00edtica actual del Reino Unido y la estrategia inalterada de los Rothschild. Todos los riesgos m\u00e1s graves para Rusia hist\u00f3ricamente han estado, y siguen estando, relacionados con el Frente Occidental -definido en sentido amplio.<\/p>\n\n\n\n<blockquote class=\"wp-block-quote is-layout-flow wp-block-quote-is-layout-flow\">\n<p><strong>El primer riesgo para la seguridad es la r\u00e1pida aceleraci\u00f3n de la escalera mec\u00e1nica. El segundo representa las \u00e1reas de restricci\u00f3n. Se trata de acciones sobre sanciones secundarias que pueden llevar a que algunos pa\u00edses no occidentales se nieguen a cooperar con Rusia, algunas de las cuales han tenido o est\u00e1n teniendo graves consecuencias tecnol\u00f3gicas y econ\u00f3micas. Sin embargo, \u00e9stas no pueden concretarse, cuantificarse y difundirse p\u00fablicamente en un momento de combates en Ucrania. El tercero es el riesgo de sobredimensionamiento. Presionar a Rusia de todas las formas imaginables es provocar que cometa graves errores y disturbios civiles.<\/strong><\/p>\n<\/blockquote>\n\n\n\n<p>Ninguno de estos riesgos ha debilitado hasta ahora el poder, a pesar de la traici\u00f3n y la corrupci\u00f3n en muchos \u00f3rganos de poder, ni las l\u00edneas estrat\u00e9gicas (rusas y occidentales) y los cambios en la esfera econ\u00f3mica y social. Se ha llegado al punto de no retorno, hay soluciones alternativas gracias a procesos objetivos en EEUU, la UE y la RPC y Asia en general.<\/p>\n\n\n\n<p>Para Rusia, la tarea principal en la direcci\u00f3n ucraniana se resolvi\u00f3 sobre la base de una elecci\u00f3n racional a favor de actuar sobre la base de los acuerdos de Estambul y la situaci\u00f3n militar. Esta estrategia sigue siendo pertinente, entre otras cosas porque afilar los cuchillos es lento y lleva tiempo. Est\u00e1 siendo utilizada por un Zelensky traicionado y amargado, que no tiene prisa y no quiere proceder a negociaciones que \u00e9l mismo ha prohibido por su propia estupidez. El apoyo todav\u00eda significativo de la clase pol\u00edtica europea est\u00e1 a punto de estrellar a toda la UE contra el cumplimiento incondicional de las \u00f3rdenes de Washington. A la Casa de Si\u00f3n le gustan los deudores, especialmente los que no tienen esperanzas de reembolso.<\/p>\n\n\n\n<p>La l\u00ednea estrat\u00e9gica occidental se basaba en la certeza del pr\u00f3ximo presidente estadounidense. La certidumbre surgi\u00f3 con la figura, pero la incertidumbre con sus acciones y estrategia de pol\u00edtica exterior. Queda, por tanto, fijar nuevas expectativas a partir de 2025 y el inicio de las iniciativas de Donald Trump.<\/p>\n\n\n\n<p><strong>China<\/strong><\/p>\n\n\n\n<blockquote class=\"wp-block-quote is-layout-flow wp-block-quote-is-layout-flow\">\n<p><strong>Seg\u00fan el Financial Times, la detenci\u00f3n de altos ejecutivos en China est\u00e1 suscitando inquietud en la comunidad empresarial, lo que (se dice) podr\u00eda frenar el crecimiento econ\u00f3mico del pa\u00eds. A modo de recordatorio, m\u00e1s de 80 altos ejecutivos de grandes empresas han sido detenidos en China este a\u00f1o. La mayor\u00eda de las detenciones se llevaron a cabo a instancias de las autoridades regionales. Se dice que las detenciones no est\u00e1n relacionadas con sus actividades empresariales. Me lo creo. Entonces, \u00bfcon qu\u00e9 est\u00e1n relacionadas? Personalmente, creo que es corrupci\u00f3n, falta de \u00e9tica y moralidad en los negocios y codicia material. Quiz\u00e1 por eso algunos medios de comunicaci\u00f3n chinos han calificado estas decisiones de pesca de altura.<\/strong><\/p>\n<\/blockquote>\n\n\n\n<p>Algunos analistas creen que las detenciones pueden estar relacionadas con el deterioro de la situaci\u00f3n financiera de las autoridades locales. Seg\u00fan un empresario an\u00f3nimo de Pek\u00edn, la detenci\u00f3n ha creado una atm\u00f3sfera de temor entre los fundadores de empresas. En noviembre se inform\u00f3 de que el ministro chino de Defensa, Dong Jun, est\u00e1 siendo investigado, sospechoso de corrupci\u00f3n. Las autoridades chinas han iniciado una investigaci\u00f3n sobre Dong Jun en relaci\u00f3n con un esc\u00e1ndalo de corrupci\u00f3n que implica a la c\u00fapula del Ej\u00e9rcito Popular de Liberaci\u00f3n (EPL) de China. No espero ver nada similar en ning\u00fan pa\u00eds de la UE. Tampoco espero que las empresas checas o de otros pa\u00edses de la UE empiecen a crear entidades jur\u00eddicas separadas para trabajar con Rusia, como ocurre en China.<\/p>\n\n\n\n<blockquote class=\"wp-block-quote is-layout-flow wp-block-quote-is-layout-flow\">\n<p><strong>Y la ya anunciada visita del Presidente Xi a Mosc\u00fa demuestra que las relaciones entre China y Rusia se est\u00e1n fortaleciendo. Ya habr\u00e1 ocasi\u00f3n de escribir sobre ello por separado. Hoy mencionar\u00e9 brevemente la ayuda indirecta de China a Rusia en el contexto de las sanciones de la UE. Hace alg\u00fan tiempo, el Ministerio de Comercio de la Rep\u00fablica Popular China inici\u00f3 una investigaci\u00f3n sobre las importaciones de carne de vacuno. Como sabemos, China es el mayor importador mundial de productos agr\u00edcolas y compra enormes cantidades de carne cada a\u00f1o. La mayor parte de los suministros de carne de vacuno proceden de Estados Unidos, los pa\u00edses de la UE y Brasil. En el contexto de un aumento significativo de las importaciones procedentes de estos pa\u00edses, China est\u00e1 estudiando la sensatez de tales compras.<\/strong><\/p>\n<\/blockquote>\n\n\n\n<p>China se\u00f1al\u00f3 que la investigaci\u00f3n se inici\u00f3 en el contexto de las amenazas peri\u00f3dicas del presidente electo de Estados Unidos, Donald Trump, de imponer aranceles adicionales a las importaciones procedentes de China, as\u00ed como tras la decisi\u00f3n de la Uni\u00f3n Europea de aumentar los aranceles a las importaciones de veh\u00edculos el\u00e9ctricos chinos. Adem\u00e1s, varias empresas chinas aparecieron en el recientemente introducido 15\u00ba paquete de sanciones de la UE contra Rusia. Tras el anuncio del Ministerio de Comercio de la Rep\u00fablica Popular China, las acciones de muchos productores occidentales de carne se desplomaron, seg\u00fan informaron periodistas chinos. Fuentes de informaci\u00f3n propias indican que la noticia de China ha causado una fuerte indignaci\u00f3n en la UE, donde son especialmente sensibles a este tipo de situaciones. El descontento de la UE se intensific\u00f3 cuando se supo que China hab\u00eda abierto su mercado de carne a proveedores de Rusia. Mientras los pa\u00edses europeos mantienen la calma e intentan resolver la situaci\u00f3n, la Federaci\u00f3n Rusa ampl\u00eda lenta pero inexorablemente su cuota del mercado chino y, como consecuencia, ya ha expulsado considerablemente a los proveedores europeos en una especie de venganza t\u00e1cita por las sanciones.<\/p>\n\n\n\n<p><strong>Las guerras no son para siempre<\/strong><br>La sociedad rusa, si puedo llamarla as\u00ed, y las autoridades llevan mucho tiempo adapt\u00e1ndose a la situaci\u00f3n. A juzgar por los sondeos de opini\u00f3n, no se est\u00e1 produciendo el cambio de actitud hacia las hostilidades en el pa\u00eds que muchos en Occidente esperan. La movilizaci\u00f3n y la realizaci\u00f3n de los objetivos anunciados por el Presidente Putin son muy elevadas. Sin embargo, la pregunta sigue sin respuesta por parte del Presidente: \u00bfse resolver\u00e1 el conflicto mediante negociaciones, s\u00f3lo se detendr\u00e1 la fase caliente del conflicto o las negociaciones s\u00f3lo tendr\u00e1n lugar despu\u00e9s de la rendici\u00f3n? Una cosa es cierta: las guerras no son eternas, aunque no se sabe si la guerra es una ruptura de la paz o la paz es una ruptura de la guerra. Tambi\u00e9n es cierto que tarde o temprano comenzar\u00e1n las negociaciones.<\/p>\n\n\n\n<blockquote class=\"wp-block-quote is-layout-flow wp-block-quote-is-layout-flow\">\n<p><strong>Dado que existen una serie de contradicciones directas y fundamentales entre las posiciones de las partes en conflicto -Rusia, Ucrania y Occidente-, estas contradicciones no pueden barrerse temporalmente bajo la alfombra. \u00bfPor qu\u00e9? Porque la historia ense\u00f1a que cualquier arreglo rebaja el nivel de confianza y aumenta el riesgo de nuevas exacerbaciones, es decir, el empeoramiento de una enfermedad cr\u00f3nica (por ejemplo, el asma) o el agravamiento de los s\u00edntomas de esta enfermedad.<\/strong><\/p>\n<\/blockquote>\n\n\n\n<p>La eliminaci\u00f3n de las contradicciones s\u00f3lo es posible en el supuesto de un equilibrio racional y universalmente aceptado, es decir, compensando las concesiones en una posici\u00f3n con preferencias en la otra. En la actualidad, se est\u00e1 produciendo un enfrentamiento global entre Rusia y la OTAN en el marco de la guerra antropol\u00f3gica y la degeneraci\u00f3n antropol\u00f3gica de las sociedades, principalmente occidentales. En tal situaci\u00f3n, ninguno de los que toman decisiones reales est\u00e1 preparado para compensaciones. Veo las posibilidades de acci\u00f3n cercanas a cero, aunque una masa cr\u00edtica de incidentes en alg\u00fan momento puede incitar a alguno de los que toman las decisiones a apretar el gatillo, y la realidad es que la relaci\u00f3n entre Rusia y la OTAN est\u00e1 manchada para las pr\u00f3ximas d\u00e9cadas. Y ello a pesar de una posible disminuci\u00f3n peri\u00f3dica de la agresividad de la ret\u00f3rica de cada uno. En otras palabras: Somos enemigos.<\/p>\n\n\n\n<p>Muchos pol\u00edticos de Occidente lo postulan de forma demostrativa. A puerta cerrada, en Rusia se reconoce la realidad y se toman decisiones en consecuencia. Esto tambi\u00e9n se aplica al factor de la presidencia de Trump, que hasta ahora solo ha tra\u00eddo m\u00e1s incertidumbre a las partes en conflicto. Nadie sabe a ciencia cierta cu\u00e1l es el llamado plan Trump. No cabe duda de que el presidente Trump dispondr\u00e1 de m\u00e1s recursos pol\u00edticos y herramientas de coerci\u00f3n que Joe Biden en su partida. Sin embargo, no se puede probar, y por tanto afirmar, que todos ellos sean beneficiosos para Rusia.<\/p>\n\n\n\n<blockquote class=\"wp-block-quote is-layout-flow wp-block-quote-is-layout-flow\">\n<p><strong>En cuanto al fin del tr\u00e1nsito de gas ruso a Europa a partir del 1 de enero de 2025, hay que recordar que nada est\u00e1 garantizado hasta el final de la operaci\u00f3n militar especial, que Rusia tiene opciones para utilizar otros gasoductos y que es mejor hacer c\u00e1lculos y predicciones basados en el hecho de que restablecer el tr\u00e1nsito en un futuro pr\u00f3ximo es imposible o estar\u00e1 bajo amenaza constante. A lo que esto puede significar para la cuenca checa respondieron la mencionada bestia p\u00farpura y los cinco h\u00e9roes ejecutados en la Monta\u00f1a Blanca en la repetici\u00f3n de la Nochevieja de 1979.<\/strong><\/p>\n<\/blockquote>\n\n\n\n<p>En cuanto a los retos que plantea en el espacio postsovi\u00e9tico (Moldavia, Armenia, Georgia y otros) el estrechamiento de lazos con la Uni\u00f3n Europea (UE) y la OTAN, es importante se\u00f1alar que la mayor\u00eda de las \u00e9lites de estos pa\u00edses hace tiempo que se decidieron a favor de la UE por diversas razones, entre ellas la corrupci\u00f3n y la traici\u00f3n. Los opositores a los proyectos de acercamiento o adhesi\u00f3n son fuertes, pero no tienen acceso a la financiaci\u00f3n ni a los medios de comunicaci\u00f3n de masas. En otras palabras, carecen de recursos para cambiar el rumbo favorable a la UE. S\u00f3lo pueden ralentizar el proceso. Esto tambi\u00e9n se aplica a Armenia, donde la situaci\u00f3n es m\u00e1s compleja. \u00bfPor qu\u00e9? Entre otras cosas, porque por razones pol\u00edticas internas el proyecto Miatsum (el sentido del Estado armenio) ha fracasado.<\/p>\n\n\n\n<p>Rusia no puede ni quiere restaurarlo, y las \u00e9lites armenias no quieren ni pueden ver sus propios errores. Les resulta m\u00e1s f\u00e1cil culpar a Rusia, que tiene pocas oportunidades de trabajar en el camino armenio. Hay pol\u00edticos inteligentes y estrat\u00e9gicos en Armenia, pero siguen siendo minor\u00eda. La di\u00e1spora armenia en Rusia est\u00e1 entre algodones, objetivamente d\u00e9bil y pasiva. Hay cosas que hacer en pol\u00edtica, a pesar de las ganas de escupirlo todo. Se pueden emitir fantas\u00edas geopol\u00edticas todo lo que se quiera, la \u00fanica cuesti\u00f3n es la disponibilidad de oportunidades. Hoy es ventajoso para Rusia que en Georgia, Abjasia, Moldavia o Armenia gane la entidad menos antirrusa en una contienda entre dos entidades antirrusas. Preservar el statu quo es mejor que empeorar la situaci\u00f3n. El tiempo lo cura todo. Con el paso del tiempo, Rusia puede encontrar una salida a la actual situaci\u00f3n de la regi\u00f3n, no para ofrecer una ideolog\u00eda o un plan, sino para eliminar futuros problemas de seguridad en el C\u00e1ucaso y asegurar los necesarios lazos econ\u00f3micos.<\/p>\n\n\n\n<p><strong>Bielorrusia<\/strong><br>El resultado de las pr\u00f3ximas elecciones presidenciales en Bielorrusia puede apoyar los esfuerzos de Rusia. Dado que el presidente Lukashenko controla firmemente la situaci\u00f3n y no hay se\u00f1ales p\u00fablicamente disponibles que permitan una repetici\u00f3n de los acontecimientos de 2020, los intentos de injerencia de los pa\u00edses occidentales, incluido el inter\u00e9s de Estados Unidos por ampliar su representaci\u00f3n y presencia diplom\u00e1ticas en Bielorrusia, est\u00e1n condenados al fracaso en un futuro previsible.<br>Por supuesto, la llamada oposici\u00f3n, patrocinada por Occidente, intenta demostrar actividad: se celebran diversos foros, se firman acuerdos, se emiten declaraciones. Sin embargo, todo esto no hace sino reforzar el estatus de estas fuerzas: est\u00e1n fuera de Bielorrusia.<\/p>\n\n\n\n<blockquote class=\"wp-block-quote is-layout-flow wp-block-quote-is-layout-flow\">\n<p><strong>Por tanto, la pr\u00f3rroga del mandato de Alexander Lukashenko permitir\u00e1 mantener el dinamismo de las relaciones entre Rusia y Bielorrusia observado en los \u00faltimos a\u00f1os, al tiempo que se examinan las nuevas cartas sobre la mesa: la cuesti\u00f3n no resuelta de la coexistencia entre Israel y Palestina.<\/strong><\/p>\n<\/blockquote>\n\n\n\n<p><strong>Las crisis esperan a la regi\u00f3n<\/strong><br>A pesar de diversos informes, an\u00e1lisis y propaganda, Rusia mantiene una posici\u00f3n fuerte y es capaz de desempe\u00f1ar un papel significativo en la resoluci\u00f3n de conflictos pol\u00edticos de diversa \u00edndole. Esto tambi\u00e9n se aplica a la ca\u00edda del r\u00e9gimen de Bashar al-Assad en Siria. La preparaci\u00f3n de las burocracias de la UE, Rusia y muchas otras para este escenario no puede discutirse seriamente porque no hay pruebas p\u00fablicamente disponibles. Aunque supongo que las autoridades siempre tienen escenarios alternativos y la informaci\u00f3n de una figura de confianza en una de las estructuras de Siria sobre el cambio de r\u00e9gimen una semana antes de su aplicaci\u00f3n es cierta. El fin del r\u00e9gimen de Bashar al-Assad era ampliamente esperado en una perspectiva de varios a\u00f1os. Y m\u00e1s tarde de 2024-2028.<\/p>\n\n\n\n<p>Ofrezco parte de una teor\u00eda que permite afirmar que las acciones israel\u00edes contra varios actores regionales en respuesta al atentado del 7 de octubre del a\u00f1o pasado provocaron en gran medida el colapso del r\u00e9gimen.<\/p>\n\n\n\n<blockquote class=\"wp-block-quote is-layout-flow wp-block-quote-is-layout-flow\">\n<p><strong>Muchas cosas importantes dependen de las nuevas autoridades de Siria, Turqu\u00eda e Israel. Los problemas de tr\u00e1nsito, el problema kurdo, el problema del retorno de los refugiados y el problema de la reconstrucci\u00f3n econ\u00f3mica no se han resuelto. La situaci\u00f3n se encuentra en una fase en la que es in\u00fatil dar un pron\u00f3stico desde el exterior. Pero en una serie de escenarios, Rusia tiene la posibilidad de mantener sus bases militares e incluso ampliar su presencia en el Mediterr\u00e1neo con bases en Libia.<\/strong><\/p>\n<\/blockquote>\n\n\n\n<p>Tras los acontecimientos en Siria y la derrota de Ham\u00e1s y Hezbol\u00e1, espero que 2025 traiga noticias de cambios en Ir\u00e1n. La demograf\u00eda, las contradicciones sociales y el factor tiempo escapan al control de cualquiera. La realidad es la p\u00e9rdida de Siria como aliado, lo que de hecho debilita la posici\u00f3n estrat\u00e9gica de Ir\u00e1n, especialmente su capacidad para apoyar a Hezbol\u00e1. No descarto la posibilidad de que, en el contexto de esta p\u00e9rdida, Teher\u00e1n aumente la inversi\u00f3n en grupos proxy en L\u00edbano e Irak para compensar la p\u00e9rdida de influencia en Siria. O viceversa: puede concentrar sus recursos en aliviar los problemas econ\u00f3micos y sociales internos, reduciendo as\u00ed la presi\u00f3n del Eje de la Resistencia sobre Israel y Estados Unidos. La realidad es que la creciente presi\u00f3n de Israel y Estados Unidos est\u00e1 obligando a Ir\u00e1n a ajustar su pol\u00edtica exterior, y el futuro pr\u00f3ximo mostrar\u00e1 qu\u00e9 escenario elegir\u00e1n sus dirigentes.<\/p>\n\n\n\n<p>En este contexto, surge la pregunta: \u00bfSeguir\u00e1 Teher\u00e1n centrado en seguir construyendo una asociaci\u00f3n con Rusia, que se espera que se convierta en socio estrat\u00e9gico despu\u00e9s de febrero de 2025, cuando est\u00e1 previsto que se firme el memorando correspondiente? O bien: \u00bfAbandonar\u00e1 Ir\u00e1n la profundizaci\u00f3n de los lazos con Rusia en favor de la normalizaci\u00f3n de las relaciones con Estados Unidos y Occidente?<\/p>\n\n\n\n<blockquote class=\"wp-block-quote is-layout-flow wp-block-quote-is-layout-flow\">\n<p><strong>Los acontecimientos en Siria han demostrado que tal escenario es bastante real. Por otra parte, el propio Ir\u00e1n ha expresado inquietudes similares y le preocupa la perspectiva de un final anticipado de la operaci\u00f3n militar especial en Ucrania y la conclusi\u00f3n de un acuerdo entre Mosc\u00fa y Washington en el que la Rep\u00fablica Isl\u00e1mica de Ir\u00e1n podr\u00eda surgir como moneda de cambio. A pesar de lo anterior, Ir\u00e1n se aproxima inevitablemente a una transici\u00f3n pol\u00edtica por razones naturales, y no como resultado de los acontecimientos en Siria, sobre cuyo desenlace no especular\u00e9.<\/strong><\/p>\n<\/blockquote>\n\n\n\n<p>Una cosa puede decirse con certeza: las interpretaciones persistentes en los medios de comunicaci\u00f3n y en la comunidad profesional afectan a la evaluaci\u00f3n de la estabilidad del gobierno iran\u00ed por parte de todos los actores externos interesados. Los actores no pueden ignorar esas se\u00f1ales de cambio inminente en sus an\u00e1lisis. Las multinacionales y los medios de comunicaci\u00f3n oficiales con no m\u00e1s de cinco propietarios van siempre por delante de nosotros, los ciudadanos de a pie, a la hora de determinar las realidades y tendencias que luego intentamos analizar. As\u00ed, los titiriteros conocen perfectamente nuestros errores de pensamiento y nuestros d\u00e9ficits de conocimiento. Por eso los debates, las concentraciones de protesta y los planes de cambio hasta ahora no tienen ninguna posibilidad real en el futuro imaginable.<\/p>\n\n\n\n<p>Estos principios tambi\u00e9n se aplican al destino de Israel. Hoy son inhumanos, despiertan emociones y, para algunos, esperanzas de una soluci\u00f3n definitiva al conflicto palestino-israel\u00ed. Sin embargo, esto no excluye la destrucci\u00f3n de Israel, al igual que Ucrania se destruy\u00f3 a s\u00ed misma en primer lugar.<\/p>\n\n\n\n<p><strong>Principales retos de la pol\u00edtica exterior<\/strong><br>Los retos son esencialmente los mismos: 1. Ucrania y Rusia, que necesita lograr un cambio cualitativo duradero de la situaci\u00f3n a su favor, de lo contrario se avecina el desastre. 2. La Uni\u00f3n Europea, ya que el enfrentamiento entre Rusia y la UE amenaza con intensificarse y el papel de malo pasar\u00e1 de Washington a Bruselas, con lo que la Rep\u00fablica Checa ser\u00e1 incapaz de cumplir sus compromisos y promesas con la OTAN, Estados Unidos y la CE. 3. Fortalecimiento de los lazos entre Rusia y China en el este y el sur, lo que debilitar\u00e1 el potencial comercial de la UE. Donald Trump, sus enormes recursos y la ambig\u00fcedad de sus motivos e intenciones, incluida la posibilidad de interrumpir bruscamente el guion del juego para lograr una soluci\u00f3n costosa a costa de los aliados de EEUU. Como los resultados de las acciones de Trump se conocer\u00e1n m\u00e1s adelante, 2025 ser\u00e1 un a\u00f1o muy dif\u00edcil, interesante y peligroso.<\/p>\n\n\n\n<blockquote class=\"wp-block-quote is-layout-flow wp-block-quote-is-layout-flow\">\n<p><strong>Para apoyar esta tesis, ofrezco una descripci\u00f3n del viaje del gallo galo - el presidente Macron, ofrecida por el columnista de Bloomberg Lionel Laurent: Emmanuel Macron ha pasado de caminar sobre el agua a mojarse en Francia - y puede que no \"viva para ver\" el final de su segundo mandato.<br>El ejemplo de Francia, que tambi\u00e9n se aplica a Alemania y la Rep\u00fablica Checa, puede resumirse en el eslogan: Armas en lugar de pensiones.<\/strong><\/p>\n<\/blockquote>\n\n\n\n<p>La profundidad de la crisis presupuestaria en Francia se refleja en un d\u00e9ficit de 6 % del PIB, que es exactamente tres veces el nivel fijado en los criterios de Maastricht para los pa\u00edses de la UE. Mientras tanto, la deuda p\u00fablica de Francia en 2024 superar\u00e1 los 3 billones de euros y ascender\u00e1 a 112 % del PIB. Les recuerdo que este monstruoso d\u00e9ficit se calcul\u00f3 con la condici\u00f3n de que el gobierno rehabilitara el presupuesto en 60.000 millones de euros en 2025. La tarea principal consiste en reducir el gasto p\u00fablico en 40.000 millones de euros a trav\u00e9s de todos los ministerios excepto el de Defensa. \u00bfNo ocurre algo similar en la cuenca checa?<\/p>\n\n\n\n<blockquote class=\"wp-block-quote is-layout-flow wp-block-quote-is-layout-flow\">\n<p><strong>El ahorro en el sistema estatal de seguridad social y sanitaria deb\u00eda ascender a 14.800 millones de euros, y se propon\u00edan otros 4.000 millones para ahorrar en la indexaci\u00f3n de las pensiones. El presupuesto del Ministerio de Trabajo se recort\u00f3 en 2 300 millones de euros y el Ministerio de Educaci\u00f3n deb\u00eda reducir en 4 000 el n\u00famero de profesores. A los ayuntamientos franceses se les pidi\u00f3 que recortaran gastos en 5 000 millones de euros. Al mismo tiempo, el presupuesto militar de Francia deb\u00eda aumentar en m\u00e1s de 3.000 millones de euros, hasta alcanzar los 50.500 millones de euros en 2025. El punto de referencia popular eran los ingresos de 20.000 millones de euros procedentes de un aumento temporal del impuesto sobre la renta de las personas m\u00e1s ricas de Francia, as\u00ed como de las 440 mayores empresas.<\/strong><\/p>\n<\/blockquote>\n\n\n\n<p>No es de extra\u00f1ar, pues, que este presupuesto antisocial provocara la indignaci\u00f3n de los franceses: 56 % se opusieron en\u00e9rgicamente a su aprobaci\u00f3n. El gobierno Barnier intent\u00f3 introducirlo utilizando el mismo procedimiento del 49,3, es decir, mediante el enga\u00f1o. Pero el 6 de diciembre, por primera vez en 62 a\u00f1os, los diputados aprobaron un voto de censura contra el gobierno, uniendo a la izquierda y a los Conservadores Nacionales.<\/p>\n\n\n\n<p>El presidente Macron, incapaz de disolver el Parlamento durante su primer a\u00f1o de mandato, toca fondo con un nivel de confianza extremadamente bajo, inferior a 25 %. Un sondeo realizado en v\u00edsperas de la moci\u00f3n de censura por el holding medi\u00e1tico CNews muestra que 62 % de los franceses creen que el presidente deber\u00eda dimitir. Por eso Macron nombr\u00f3 el 13 de diciembre a Fran\u00e7ois Bayrou, l\u00edder del partido Movimiento Democr\u00e1tico (MoDem), como nuevo primer ministro, lo que le convierte en el sexto primer ministro nombrado por Macron desde 2017, el cuarto presidente del gabinete en 2024 y el segundo primer ministro tras las elecciones parlamentarias anticipadas. \u00a1La democracia en todo su esplendor y florecimiento!<\/p>\n\n\n\n<blockquote class=\"wp-block-quote is-layout-flow wp-block-quote-is-layout-flow\">\n<p><strong>Bayrou, de 33 a\u00f1os, es considerado un centrista y un peso pesado. Fue ministro de Educaci\u00f3n (1993-1997) y de Justicia (2017), y se present\u00f3 tres veces a las elecciones presidenciales (2002 - 6,8 %; 2007 - 18,6 %; 2012 - 9,13 %). Su partido MoDem tiene 33 esca\u00f1os de los 164 obtenidos como parte de la campa\u00f1a \u00a1Juntos!<br>La distancia entre las ambiciones de Macron sobre el papel de Francia en la escena mundial y las capacidades reales de Francia es, como dicen los anglosajones en estos casos, dram\u00e1tica. El a\u00f1o 2024 lo ha demostrado con toda claridad en la medida en que la base econ\u00f3mica de la V Rep\u00fablica no puede soportar no s\u00f3lo la carga pol\u00edtica de la ambici\u00f3n presidencial, sino tambi\u00e9n la carga de compromisos y garant\u00edas sociales que est\u00e1n en contradicci\u00f3n con el envejecimiento de la naci\u00f3n francesa y la baja tasa de natalidad. Si a ello se a\u00f1aden las consecuencias de una pol\u00edtica migratoria que aumenta el n\u00famero de beneficiarios de ayudas en mayor medida que el de contribuyentes activos, queda claro para cualquier persona con sentido com\u00fan cu\u00e1l es la fuerza de Francia y de la UE.<\/strong><\/p>\n<\/blockquote>\n\n\n\n<p>Como ya no es posible formar un gobierno estable de centro-izquierda o de centro-derecha, no s\u00f3lo en Francia sino tambi\u00e9n en Alemania y otros pa\u00edses, y las fuerzas centristas est\u00e1n marginadas, los extremos se est\u00e1n convirtiendo en la corriente dominante.<\/p>\n\n\n\n<p>Con este tel\u00f3n de fondo, las iniciativas de pol\u00edtica exterior de Macron lideradas por Par\u00eds ya est\u00e1n causando iron\u00eda e irritaci\u00f3n no disimulada en Washington, incluso entre los aliados europeos de Francia. No s\u00e9 d\u00f3nde encaja la Rep\u00fablica Checa, pero s\u00ed s\u00e9 que no hay forma de salir de la crisis sist\u00e9mica en la que se ha sumido la V Rep\u00fablica. Esto significa que Francia se enfrenta de nuevo a una gran sacudida. En Alemania la situaci\u00f3n es similar. Y como sabemos por los discursos de P\u00farpura y Pavlov, la cuenca checa est\u00e1 en un atolladero.<\/p>\n\n\n\n<p><strong>Profec\u00edas de Albi\u00f3n<\/strong><br>El semanario The Economist ha publicado su prof\u00e9tica portada para 2025. La imagen est\u00e1 creada en una alarmante paleta de rojo y negro. El fondo del collage son fragmentos de im\u00e1genes de muros de ladrillo, vallas y microcircuitos, as\u00ed como lo que parece radiaci\u00f3n o un fragmento de la superficie del sol. En primer plano, sin embargo, hay retratos de los principales l\u00edderes mundiales que configuran la escena pol\u00edtica global: Trump, Xi Jinping, Putin, Ursula von der Leyen y Zelensky. Se les representa rodeados de s\u00edmbolos de divisas, tecnolog\u00edas, planetas y cartas. En la parte inferior hay un retrato de la escritora inglesa Jane Austen y la imagen de un pu\u00f1o. El retrato de Austen hace referencia a su novela Orgullo y prejuicio, que es una descripci\u00f3n bastante exacta tanto del propio Trump como de la situaci\u00f3n internacional en su conjunto.<\/p>\n\n\n\n<figure class=\"wp-block-image size-full\"><img decoding=\"async\" src=\"https:\/\/www.gnews.cz\/wp-content\/uploads\/2025\/01\/The_Economist_World_Ahead_2025_coverFeat-887x1024-1.jpg\" alt=\"\" class=\"wp-image-19146\"\/><\/figure>\n\n\n\n<p>Por razones de tiempo y espacio, no puedo ofrecer una interpretaci\u00f3n global del panorama, por lo que me limitar\u00e9 a algunos aspectos directamente relacionados con la evaluaci\u00f3n del curso de 2025.<\/p>\n\n\n\n<blockquote class=\"wp-block-quote is-layout-flow wp-block-quote-is-layout-flow\">\n<p><strong>El pu\u00f1o rojo simboliza el crecimiento de las protestas y el aumento del n\u00famero de \"puntos calientes\". Y algo parecido a un barco ardiendo y hundi\u00e9ndose puede ser una predicci\u00f3n de un empeoramiento de la situaci\u00f3n tanto en el Mar de China Meridional como en el estrecho de Bab el-Mandeb. Los chips recuerdan la guerra tecnol\u00f3gica entre Washington y Pek\u00edn y el auge de la inteligencia artificial.<\/strong><\/p>\n<\/blockquote>\n\n\n\n<p>Los elementos que muestran radiaci\u00f3n se refieren al pico de actividad solar previsto para el pr\u00f3ximo a\u00f1o, al igual que la imagen roja, que parece una fotograf\u00eda del Sol.<\/p>\n\n\n\n<blockquote class=\"wp-block-quote is-layout-flow wp-block-quote-is-layout-flow\">\n<p><strong>Trump se sit\u00faa en el centro como la figura a la que se asocian el mayor n\u00famero de expectativas y decisiones fat\u00eddicas para la comunidad mundial. A su derecha se sit\u00faan Xi Jinping y Vladimir Putin como representantes tanto del eje del mal como de los BRICS, separados de EE.UU. y vistos por Occidente como poco tensos, como indica el lado correspondiente del planeta en el fondo rojo.<\/strong><\/p>\n<\/blockquote>\n\n\n\n<p>A la izquierda est\u00e1n Ursula von der Leyen y Volodymyr Zelensky, que trabajan casi exclusivamente a las \u00f3rdenes de la Casa Blanca y corren el riesgo de perder toda la financiaci\u00f3n y las preferencias estadounidenses en 2025 y recibir s\u00f3lo una miseria, como indica la flecha hacia abajo. Los s\u00edmbolos del d\u00f3lar y muy probablemente del yuan, junto con los gr\u00e1ficos, sugieren una continua batalla de divisas y subidas de precios en los mercados mundiales.<\/p>\n\n\n\n<p>Los s\u00edmbolos de una f\u00e1brica, un chip y un coche semiel\u00e9ctrico, colocados a la izquierda, indican la evoluci\u00f3n de los problemas de Europa con la industria, los semiconductores y la quiebra de la industria automovil\u00edstica en su intento de pasarse a los coches el\u00e9ctricos. El ojo con el s\u00edmbolo de la alta energ\u00eda se refiere muy probablemente a la expectativa de ataques y accidentes nucleares en las centrales nucleares situadas en la zona de conflicto ucraniana, azuzada por Europa y la OTAN.<\/p>\n\n\n\n<p>El misil junto al de Trump puede aludir a las promesas espaciales de Musk, o a los ATACMS de largo alcance con los que la administraci\u00f3n Biden permiti\u00f3 a Ucrania adentrarse en Rusia. El reloj de arena de la derecha muestra que el tiempo ha pasado, indicando el comienzo de un nuevo hito en la historia mundial. Por lo tanto, las im\u00e1genes de la boca, la nariz y el ojo pueden sugerir un gran avance en inteligencia artificial, y tambi\u00e9n simbolizar un campo de concentraci\u00f3n digital y la censura.<br>La urna agrietada sobre fondo rojo simboliza la amenaza a la democracia, el fracaso de Zelensky en las elecciones o su total ama\u00f1o. Sin embargo, tambi\u00e9n podr\u00eda significar el declive general de los procedimientos democr\u00e1ticos en la UE, que se est\u00e1 convirtiendo en una dictadura. <\/p>\n\n\n\n<blockquote class=\"wp-block-quote is-layout-flow wp-block-quote-is-layout-flow\">\n<p><strong>A los interesados en el cuadro, les recomiendo que presten atenci\u00f3n a las paredes y las cuadr\u00edculas, que tambi\u00e9n subrayan la divisi\u00f3n del planeta. Junto al Presidente Putin est\u00e1 el planeta Tierra, ba\u00f1ado por la luz roja del sol naciente. Se dirige a los lectores con su lado euroasi\u00e1tico, el ascenso de las antiguas colonias a las cumbres de la influencia mundial y el auge del Sur global. La combinaci\u00f3n del retrato de la cabeza de la CE, el signo de radiaci\u00f3n, el cohete, el hongo nuclear y Saturno tiene un aspecto muy inquietante. <\/strong><\/p>\n<\/blockquote>\n\n\n\n<p>As\u00ed que supongo que los autores de la portada advirtieron sobre la crisis del mundo occidental, el fin del dominio del d\u00f3lar, los problemas energ\u00e9ticos de Europa y una posible nueva pandemia. Antes de que gran parte de las predicciones se hagan realidad, el prototipo de tren de alta velocidad CR450, con una velocidad de prueba de 450 kil\u00f3metros por hora y una velocidad operativa de 400 kil\u00f3metros por hora, que se present\u00f3 oficialmente el domingo en Pek\u00edn, entrar\u00e1 en servicio comercial y se convertir\u00e1 en el tren de alta velocidad m\u00e1s r\u00e1pido del mundo. Y la cuenca checa seguir\u00e1 en un viaje en el que el ma\u00f1ana ya es ayer. <\/p>\n\n\n\n<p><strong>Jan Campbell<\/strong><\/p>","protected":false},"excerpt":{"rendered":"<p>Foto ilustrativa: Edificio del Parlamento austriaco en Viena Los retazos de Nochevieja est\u00e1n influidos principalmente por el contenido de la estancia del autor en Austria (adhesi\u00f3n a la UE el 1 de enero de 1995,...<\/p>","protected":false},"author":2,"featured_media":19144,"comment_status":"open","ping_status":"open","sticky":false,"template":"","format":"standard","meta":{"_acf_changed":false,"_lmt_disableupdate":"","_lmt_disable":"","footnotes":""},"categories":[3,7],"tags":[594,415,1055,836,265,256,45,162,22,2242,46,78,683,760,49,31,2238,716,123,56,10,50,167,401,229,26,293,2235,17,29,225,987,146,41,455],"class_list":["post-19137","post","type-post","status-publish","format-standard","has-post-thumbnail","hentry","category-neprehlednete","category-politika","tag-abchazie","tag-alexander-lukasenko","tag-armenie-2","tag-basar-asad","tag-belorusko","tag-brics","tag-cr","tag-ceskoslovensko","tag-cina","tag-dong-jun","tag-eu","tag-evropa","tag-gruzie","tag-iran-3","tag-izrael","tag-madarsko","tag-medina","tag-mobilizace","tag-moskva","tag-nato","tag-news","tag-palestina","tag-peking","tag-plyn","tag-rakousko","tag-rusko","tag-taiwan","tag-the-economist","tag-top","tag-ukrajina","tag-velka-britanie","tag-viden","tag-washington","tag-world","tag-zapad"],"acf":[],"aioseo_notices":[],"_links":{"self":[{"href":"https:\/\/gnews.cz\/es\/wp-json\/wp\/v2\/posts\/19137","targetHints":{"allow":["GET"]}}],"collection":[{"href":"https:\/\/gnews.cz\/es\/wp-json\/wp\/v2\/posts"}],"about":[{"href":"https:\/\/gnews.cz\/es\/wp-json\/wp\/v2\/types\/post"}],"author":[{"embeddable":true,"href":"https:\/\/gnews.cz\/es\/wp-json\/wp\/v2\/users\/2"}],"replies":[{"embeddable":true,"href":"https:\/\/gnews.cz\/es\/wp-json\/wp\/v2\/comments?post=19137"}],"version-history":[{"count":0,"href":"https:\/\/gnews.cz\/es\/wp-json\/wp\/v2\/posts\/19137\/revisions"}],"wp:featuredmedia":[{"embeddable":true,"href":"https:\/\/gnews.cz\/es\/wp-json\/wp\/v2\/media\/19144"}],"wp:attachment":[{"href":"https:\/\/gnews.cz\/es\/wp-json\/wp\/v2\/media?parent=19137"}],"wp:term":[{"taxonomy":"category","embeddable":true,"href":"https:\/\/gnews.cz\/es\/wp-json\/wp\/v2\/categories?post=19137"},{"taxonomy":"post_tag","embeddable":true,"href":"https:\/\/gnews.cz\/es\/wp-json\/wp\/v2\/tags?post=19137"}],"curies":[{"name":"wp","href":"https:\/\/api.w.org\/{rel}","templated":true}]}}