{"id":19160,"date":"2025-01-04T23:00:24","date_gmt":"2025-01-04T22:00:24","guid":{"rendered":"https:\/\/www.gnews.cz\/?p=19160"},"modified":"2025-03-03T12:19:15","modified_gmt":"2025-03-03T11:19:15","slug":"noticias-economicas-diarias-de-la-republica-checa-resumen-de-las-ultimas-24-horas-4-1-2025","status":"publish","type":"post","link":"https:\/\/gnews.cz\/es\/ekonomika\/denni-ekonomicke-zpravy-z-ceske-republiky-prehled-uplynulych-24-hodin-4-1-2025\/","title":{"rendered":"Noticias econ\u00f3micas diarias de la Rep\u00fablica Checa: resumen de las \u00faltimas 24 horas (4.1.2025)"},"content":{"rendered":"<figure class=\"wp-block-image size-large\"><img decoding=\"async\" src=\"https:\/\/www.gnews.cz\/wp-content\/uploads\/2025\/01\/Screenshot_20250105_004237-1024x473.jpg\" alt=\"\" class=\"wp-image-19161\"\/><\/figure>\n\n\n\n<p><strong>Panorama de los \u00faltimos acontecimientos econ\u00f3micos en la Rep\u00fablica Checa<\/strong><br>La econom\u00eda checa lucha contra el aumento de los costes de la energ\u00eda a pesar de ser uno de los principales exportadores de electricidad. Los precios dom\u00e9sticos de la electricidad han subido considerablemente, creando una paradoja en el mercado energ\u00e9tico nacional. Mientras tanto, Volkswagen ha puesto en marcha un agresivo programa de recorte de costes, el m\u00e1s estricto de su historia, para hacer frente a los retos del cambio a los veh\u00edculos el\u00e9ctricos y mantener al mismo tiempo la rentabilidad.<br>Tendencias de la inversi\u00f3n extranjera: panorama de 24 horas<\/p>\n\n\n\n<blockquote class=\"wp-block-quote is-layout-flow wp-block-quote-is-layout-flow\">\n<p><strong>La inversi\u00f3n extranjera en la Rep\u00fablica Checa sigue siendo fuerte, sobre todo en los sectores de las energ\u00edas renovables y la automoci\u00f3n. Los actores internacionales est\u00e1n canalizando recursos hacia proyectos de energ\u00eda solar y e\u00f3lica, en l\u00ednea con los objetivos de transformaci\u00f3n verde del pa\u00eds. Adem\u00e1s, los fabricantes mundiales de autom\u00f3viles est\u00e1n aprovechando la situaci\u00f3n estrat\u00e9gica de la Rep\u00fablica Checa y su mano de obra cualificada para impulsar la producci\u00f3n y la innovaci\u00f3n en el campo de la electromovilidad, reforzando a\u00fan m\u00e1s el papel del pa\u00eds en el mercado europeo.<\/strong><\/p>\n<\/blockquote>\n\n\n\n<p><strong>Acontecimientos importantes de la Rep\u00fablica Checa<\/strong><br>La seguridad energ\u00e9tica sigue dominando los debates econ\u00f3micos y el Gobierno se centra en diversificar las fuentes de energ\u00eda en el contexto de la reducci\u00f3n de las importaciones de gas de Rusia. Adem\u00e1s, la creciente adopci\u00f3n de veh\u00edculos el\u00e9ctricos y el desarrollo de infraestructuras demuestran que el pa\u00eds puede adaptarse a las tendencias mundiales. La resistencia de la econom\u00eda checa, reflejada en el buen comportamiento del mercado burs\u00e1til y la inversi\u00f3n extranjera sostenida, subraya su capacidad para afrontar con eficacia los retos actuales.<\/p>\n\n\n\n<p><strong>Acontecimientos significativos con repercusi\u00f3n mundial fuera de la Rep\u00fablica Checa<\/strong><\/p>\n\n\n\n<blockquote class=\"wp-block-quote is-layout-flow wp-block-quote-is-layout-flow\">\n<p><strong>Los analistas predicen que los precios de las materias primas en 2025 se ver\u00e1n afectados por las tensiones geopol\u00edticas y el crecimiento econ\u00f3mico. Los precios del oro han subido con fuerza debido al aumento de las compras de los bancos centrales relacionadas con los conflictos, mientras que se espera que los precios del petr\u00f3leo se sit\u00faen en una media de entre 65 y 79,9 d\u00f3lares por barril, en lo que influir\u00e1n los aumentos de la producci\u00f3n de los pa\u00edses no pertenecientes a la OPEP y la salud econ\u00f3mica de China.<\/strong><\/p>\n<\/blockquote>\n\n\n\n<p>Tras la reelecci\u00f3n del presidente Trump, los asesores impulsan la pol\u00edtica industrial y los controles comerciales para reducir la dependencia de los proveedores extranjeros. Esto supone un giro de la econom\u00eda tradicional de libre mercado hacia el proteccionismo, con posibles implicaciones para el comercio mundial.<\/p>\n\n\n\n<p><strong>Panorama de los principales indicadores macroecon\u00f3micos de la Rep\u00fablica Checa: enero de 2025<\/strong><\/p>\n\n\n\n<figure class=\"wp-block-image size-large\"><img decoding=\"async\" src=\"https:\/\/www.gnews.cz\/wp-content\/uploads\/2025\/01\/Screenshot_20250105_004634-1024x675.jpg\" alt=\"\" class=\"wp-image-19165\"\/><\/figure>\n\n\n\n<p>HDP Q3 1,4%<br>\u00daltimas previsiones del Banco Nacional Checo sobre el PIB: (variaci\u00f3n anual del PIB)<br>2024: 1,0 %<br>2025: 2.4 %<br>2026: 2, 4 %<br>HDP: 342 990 000 000 USD<br>PIB per c\u00e1pita: 33 040 USD<br>Paridad del poder adquisitivo del PIB: 645 540 000 000 USD<br>Salario medio nominal bruto T3 2024: 45 412 CZK (+7%)<br>Salario m\u00ednimo: 20 800 CZK<\/p>\n\n\n\n<figure class=\"wp-block-image size-large\"><img decoding=\"async\" src=\"https:\/\/www.gnews.cz\/wp-content\/uploads\/2025\/01\/Screenshot_20250105_004711-1024x290.jpg\" alt=\"\" class=\"wp-image-19164\"\/><\/figure>\n\n\n\n<figure class=\"wp-block-image size-large\"><img decoding=\"async\" src=\"https:\/\/www.gnews.cz\/wp-content\/uploads\/2025\/01\/Screenshot_20250105_004437-1024x626.jpg\" alt=\"\" class=\"wp-image-19163\"\/><\/figure>\n\n\n\n<p>Tipo de inter\u00e9s (diciembre 2024): 4%<br>Tasa de inflaci\u00f3n - \u00edndice de precios al consumo (anual) 2,8 %<br>Tasa de inflaci\u00f3n - \u00edndice de precios al consumo (intermensual) 0,1 %<br>Inflaci\u00f3n media anual (2023): 10,7% (2022: 15,7%)<br>\u00cdndice de precios a la producci\u00f3n industrial (anual) 1,7 %<br>\u00cdndice de precios de los servicios de mercado (anual) 3,7 %<br>\u00cdndice de precios de la construcci\u00f3n (anual) 2,5 %<br>\u00cdndice de precios a la producci\u00f3n agr\u00edcola (anual) 5,5 %<br>Oferta monetaria M3 (octubre 2024): 7 002 614 340 000 CZK<br>Oferta monetaria M3 (2002): 1 339 928 850 000 CZK<br>(M3 refleja la cantidad total de dinero en circulaci\u00f3n en la econom\u00eda)<\/p>\n\n\n\n<p>D\u00e9ficit\/super\u00e1vit de las finanzas p\u00fablicas T3 2024: -34 406 000 000 CZK<br>Deuda p\u00fablica consolidada T3 2024: 3.449.937.000.000 CZK<\/p>\n\n\n\n<p>Poblaci\u00f3n 2024\/9: 10 897 237<br>N\u00famero total de operadores econ\u00f3micos 2023: 2 800 294<br>N\u00famero de entidades econ\u00f3micas con actividad identificada 2023: 1 668 516<br>N\u00famero de personas f\u00edsicas en la empresa 2023: 1 968 473<\/p>\n\n\n\n<p>Fuentes:<br>Oficina Checa de Estad\u00edstica, sitio web oficial consultado el 3.1.2025, https:\/\/csu.gov.cz\/.<br>Banco Nacional Checo, sitio web oficial, consultado el 3.1.2025, https:\/\/www.cnb.cz\/.<br>Banco Nacional Checo - Informe de pol\u00edtica monetaria - Oto\u00f1o de 2024 p\u00e1gina 19, consultado el 28.12.2024<br>Fondo Monetario Internacional, sitio web oficial, consultado el 4 de enero de 2025, https:\/\/www.imf.org\/.<\/p>\n\n\n\n<p><strong>GH<\/strong><\/p>\n\n\n\n<p><strong>foto: epet.cz<\/strong><\/p>","protected":false},"excerpt":{"rendered":"<p>Panorama de los \u00faltimos acontecimientos econ\u00f3micos en la Rep\u00fablica ChecaLa econom\u00eda checa est\u00e1 luchando contra el aumento de los costes de la energ\u00eda, a pesar de ser uno de los principales exportadores de electricidad. Los precios de la electricidad...<\/p>","protected":false},"author":2,"featured_media":19167,"comment_status":"open","ping_status":"open","sticky":false,"template":"","format":"standard","meta":{"_acf_changed":false,"_lmt_disableupdate":"","_lmt_disable":"","footnotes":""},"categories":[4,580],"tags":[1451,231,1595,2166,997,1000,45,1991,22,311,2054,2258,2262,496,257,27,2254,46,78,2053,2256,2252,2247,1992,2036,2202,333,2154,2251,10,2149,2249,401,2246,2203,2259,2082,2055,2253,1314,991,1393,2196,2122,709,2136,17,2051,1994,2248,92,1182,2255,1223,41,2250,2257,1079,2032,136],"class_list":["post-19160","post","type-post","status-publish","format-standard","has-post-thumbnail","hentry","category-ekonomika","category-vyber-sefredaktora","tag-akcie","tag-apec","tag-automobilovy-prumysl","tag-centralni-banka","tag-ceny","tag-ceska-narodni-banka","tag-cr","tag-cesky-statisticky-urad","tag-cina","tag-cnb","tag-deficit","tag-diverzifikace","tag-domacnosti","tag-donald-trump","tag-ekologie","tag-ekonomika","tag-energeticka-bezpecnost","tag-eu","tag-evropa","tag-index","tag-infrastruktura","tag-konflikt","tag-konsolidace","tag-kurs","tag-makroekonomika","tag-mezinarodni-menovy-fond","tag-mzda","tag-naklady","tag-narust","tag-news","tag-obnovitelne-zdroje","tag-penezni-zasoba-2","tag-plyn","tag-pocet-obyvatel","tag-podnikatele","tag-poloha","tag-prace-2","tag-prebytek","tag-prumer","tag-prumysl","tag-ropa","tag-sluzby","tag-solarni-energije","tag-spotrebitele","tag-stavebnictvi","tag-strategie","tag-top","tag-trendy","tag-trh","tag-verejne-finance","tag-vlada","tag-volkswagen","tag-vykon","tag-vyvoz","tag-world","tag-zavislost","tag-zdroje","tag-zelena-energie","tag-zisk","tag-zlato"],"acf":[],"aioseo_notices":[],"_links":{"self":[{"href":"https:\/\/gnews.cz\/es\/wp-json\/wp\/v2\/posts\/19160","targetHints":{"allow":["GET"]}}],"collection":[{"href":"https:\/\/gnews.cz\/es\/wp-json\/wp\/v2\/posts"}],"about":[{"href":"https:\/\/gnews.cz\/es\/wp-json\/wp\/v2\/types\/post"}],"author":[{"embeddable":true,"href":"https:\/\/gnews.cz\/es\/wp-json\/wp\/v2\/users\/2"}],"replies":[{"embeddable":true,"href":"https:\/\/gnews.cz\/es\/wp-json\/wp\/v2\/comments?post=19160"}],"version-history":[{"count":0,"href":"https:\/\/gnews.cz\/es\/wp-json\/wp\/v2\/posts\/19160\/revisions"}],"wp:featuredmedia":[{"embeddable":true,"href":"https:\/\/gnews.cz\/es\/wp-json\/wp\/v2\/media\/19167"}],"wp:attachment":[{"href":"https:\/\/gnews.cz\/es\/wp-json\/wp\/v2\/media?parent=19160"}],"wp:term":[{"taxonomy":"category","embeddable":true,"href":"https:\/\/gnews.cz\/es\/wp-json\/wp\/v2\/categories?post=19160"},{"taxonomy":"post_tag","embeddable":true,"href":"https:\/\/gnews.cz\/es\/wp-json\/wp\/v2\/tags?post=19160"}],"curies":[{"name":"wp","href":"https:\/\/api.w.org\/{rel}","templated":true}]}}