{"id":25366,"date":"2025-04-03T09:00:00","date_gmt":"2025-04-03T08:00:00","guid":{"rendered":"https:\/\/www.gnews.cz\/?p=25366"},"modified":"2025-05-19T09:47:00","modified_gmt":"2025-05-19T08:47:00","slug":"25366","status":"publish","type":"post","link":"https:\/\/gnews.cz\/es\/politika\/25366\/","title":{"rendered":"Ant\u00f3nio Guterres: las Naciones Unidas nunca han sido tan necesarias"},"content":{"rendered":"<p><strong>OSN - ANT\u00d3NIO GUTERRES. Nuestro mundo se enfrenta a retos en todos los frentes. Las Naciones Unidas nunca han sido m\u00e1s necesarias. Nuestros valores nunca han sido m\u00e1s importantes... y nuestras necesidades nunca han sido mayores. La iniciativa UN80... es para servir mejor a las personas cuyas vidas dependen de nosotros... para garantizar las condiciones adecuadas para todos los que sirven bajo la bandera de la ONU. La necesidad es grande y el objetivo es claro. <\/strong><\/p>\n\n\n\n<blockquote class=\"wp-block-quote is-layout-flow wp-block-quote-is-layout-flow\">\n<p><strong>\"Debemos apoyar a las organizaciones de mujeres en primera l\u00ednea\", dijo el Secretario General Ant\u00f3nio Guterres en su mensaje por el D\u00eda Internacional de la Mujer. \"Y debemos invertir en programas que pongan fin a la violencia contra las mujeres y promuevan la inclusi\u00f3n y el liderazgo de las mujeres en la econom\u00eda, la tecnolog\u00eda digital, la consolidaci\u00f3n de la paz y la acci\u00f3n por el clima.\"<\/strong><\/p>\n<\/blockquote>\n\n\n\n<p><strong><a href=\"https:\/\/www.un.org\/sg\/en\" title=\"\">un.org\/<\/a>gnews.cz-jav<\/strong><\/p>","protected":false},"excerpt":{"rendered":"<p>OSN - ANT\u00d3NIO GUTERRES. Nuestro mundo se enfrenta a retos en todos los frentes. Las Naciones Unidas nunca han sido m\u00e1s necesarias. Nuestros valores nunca han sido m\u00e1s importantes......<\/p>","protected":false},"author":2,"featured_media":25367,"comment_status":"closed","ping_status":"closed","sticky":false,"template":"","format":"standard","meta":{"_acf_changed":false,"_lmt_disableupdate":"","_lmt_disable":"","footnotes":""},"categories":[7,2973],"tags":[674,10,148,17,41],"class_list":["post-25366","post","type-post","status-publish","format-standard","has-post-thumbnail","hentry","category-politika","category-zahranicni","tag-antonio-guterres","tag-news","tag-osn","tag-top","tag-world"],"acf":[],"aioseo_notices":[],"_links":{"self":[{"href":"https:\/\/gnews.cz\/es\/wp-json\/wp\/v2\/posts\/25366","targetHints":{"allow":["GET"]}}],"collection":[{"href":"https:\/\/gnews.cz\/es\/wp-json\/wp\/v2\/posts"}],"about":[{"href":"https:\/\/gnews.cz\/es\/wp-json\/wp\/v2\/types\/post"}],"author":[{"embeddable":true,"href":"https:\/\/gnews.cz\/es\/wp-json\/wp\/v2\/users\/2"}],"replies":[{"embeddable":true,"href":"https:\/\/gnews.cz\/es\/wp-json\/wp\/v2\/comments?post=25366"}],"version-history":[{"count":0,"href":"https:\/\/gnews.cz\/es\/wp-json\/wp\/v2\/posts\/25366\/revisions"}],"wp:featuredmedia":[{"embeddable":true,"href":"https:\/\/gnews.cz\/es\/wp-json\/wp\/v2\/media\/25367"}],"wp:attachment":[{"href":"https:\/\/gnews.cz\/es\/wp-json\/wp\/v2\/media?parent=25366"}],"wp:term":[{"taxonomy":"category","embeddable":true,"href":"https:\/\/gnews.cz\/es\/wp-json\/wp\/v2\/categories?post=25366"},{"taxonomy":"post_tag","embeddable":true,"href":"https:\/\/gnews.cz\/es\/wp-json\/wp\/v2\/tags?post=25366"}],"curies":[{"name":"wp","href":"https:\/\/api.w.org\/{rel}","templated":true}]}}