{"id":25942,"date":"2025-04-15T09:04:53","date_gmt":"2025-04-15T08:04:53","guid":{"rendered":"https:\/\/www.gnews.cz\/?p=25942"},"modified":"2025-04-15T09:14:44","modified_gmt":"2025-04-15T08:14:44","slug":"argelia-expulsa-a-12-diplomaticos-franceses-como-consecuencia-de-la-tensa-situacion-con-francia","status":"publish","type":"post","link":"https:\/\/gnews.cz\/es\/politika\/alzirsko-vyhostilo-12-francouzskych-diplomatu-v-dusledku-vyhrocene-situace-s-francii\/","title":{"rendered":"Argelia expulsa a 12 diplom\u00e1ticos franceses en medio de las tensiones con Francia"},"content":{"rendered":"<p><strong>Argelia orden\u00f3 el lunes a 12 diplom\u00e1ticos franceses que abandonaran el pa\u00eds en un plazo de 48 horas y los declar\u00f3 \"personae non gratae\", marcando una fuerte escalada de las tensiones diplom\u00e1ticas con Francia. Las expulsiones se producen tras la detenci\u00f3n de un funcionario consular argelino por las autoridades francesas, una medida que Argelia ha calificado de violaci\u00f3n flagrante de la inmunidad diplom\u00e1tica. Francia ha confirmado que ha recibido notificaci\u00f3n de la expulsi\u00f3n de 12 miembros del personal de la embajada, incluido personal del Ministerio del Interior franc\u00e9s.<\/strong><\/p>\n\n\n\n<blockquote class=\"wp-block-quote is-layout-flow wp-block-quote-is-layout-flow\">\n<p><strong>Seg\u00fan los medios de comunicaci\u00f3n franceses, el ministro franc\u00e9s de Asuntos Exteriores, Jean-Noel Barrot, pidi\u00f3 a Argelia que \"abandone\" las expulsiones y afirm\u00f3 que Francia est\u00e1 dispuesta a \"reaccionar inmediatamente\" si \u00e9stas contin\u00faan. La expulsi\u00f3n se produce despu\u00e9s de que Argelia convocara el s\u00e1bado al embajador franc\u00e9s St\u00e9phane Romatet para protestar por la detenci\u00f3n de su funcionario consular. Al parecer, el diplom\u00e1tico detenido estaba siendo interrogado por presuntos v\u00ednculos con el secuestro en 2024 de Amir Boukhorse, activista argelino residente en Par\u00eds y conocido en las redes sociales como \"Amir DZ\".<\/strong><\/p>\n<\/blockquote>\n\n\n\n<p>Argelia tach\u00f3 de infundado el caso contra su funcionario consular, afirmando que la \u00fanica prueba citada por las autoridades francesas era su tel\u00e9fono, detectado cerca de la residencia de Boukhors. Argelia exigi\u00f3 la liberaci\u00f3n inmediata del diplom\u00e1tico y calific\u00f3 la detenci\u00f3n de \"pretexto inventado\" que socava los recientes esfuerzos por restablecer las relaciones franco-argelinas. Argelia advirti\u00f3 que cualquier nueva violaci\u00f3n de su soberan\u00eda provocar\u00eda una dura respuesta basada en la reciprocidad.<\/p>\n\n\n\n<blockquote class=\"wp-block-quote is-layout-flow wp-block-quote-is-layout-flow\">\n<p><strong>El enfrentamiento representa la ruptura diplom\u00e1tica m\u00e1s grave entre ambos pa\u00edses en a\u00f1os y tensa unas relaciones que siguen marcadas por agravios de la \u00e9poca colonial y disputas modernas, como la inmigraci\u00f3n y el apoyo de Francia a Marruecos en los contenciosos del S\u00e1hara Occidental.<\/strong><\/p>\n<\/blockquote>\n\n\n\n<p><strong><a href=\"https:\/\/news.cgtn.com\/news\/2025-04-15\/Algeria-expels-12-French-diplomats-in-escalation-with-France-1CAfGWMZ1CM\/p.html\" title=\"\">CMG<\/a>\/gnews.cz-jav<\/strong><\/p>","protected":false},"excerpt":{"rendered":"<p>Argelia orden\u00f3 el lunes a 12 diplom\u00e1ticos franceses que abandonaran el pa\u00eds en un plazo de 48 horas y los declar\u00f3 \"personae non gratae\",...<\/p>","protected":false},"author":2,"featured_media":25943,"comment_status":"closed","ping_status":"closed","sticky":false,"template":"","format":"standard","meta":{"_acf_changed":false,"_lmt_disableupdate":"","_lmt_disable":"","footnotes":""},"categories":[7],"tags":[],"class_list":["post-25942","post","type-post","status-publish","format-standard","has-post-thumbnail","hentry","category-politika"],"acf":[],"aioseo_notices":[],"_links":{"self":[{"href":"https:\/\/gnews.cz\/es\/wp-json\/wp\/v2\/posts\/25942","targetHints":{"allow":["GET"]}}],"collection":[{"href":"https:\/\/gnews.cz\/es\/wp-json\/wp\/v2\/posts"}],"about":[{"href":"https:\/\/gnews.cz\/es\/wp-json\/wp\/v2\/types\/post"}],"author":[{"embeddable":true,"href":"https:\/\/gnews.cz\/es\/wp-json\/wp\/v2\/users\/2"}],"replies":[{"embeddable":true,"href":"https:\/\/gnews.cz\/es\/wp-json\/wp\/v2\/comments?post=25942"}],"version-history":[{"count":0,"href":"https:\/\/gnews.cz\/es\/wp-json\/wp\/v2\/posts\/25942\/revisions"}],"wp:featuredmedia":[{"embeddable":true,"href":"https:\/\/gnews.cz\/es\/wp-json\/wp\/v2\/media\/25943"}],"wp:attachment":[{"href":"https:\/\/gnews.cz\/es\/wp-json\/wp\/v2\/media?parent=25942"}],"wp:term":[{"taxonomy":"category","embeddable":true,"href":"https:\/\/gnews.cz\/es\/wp-json\/wp\/v2\/categories?post=25942"},{"taxonomy":"post_tag","embeddable":true,"href":"https:\/\/gnews.cz\/es\/wp-json\/wp\/v2\/tags?post=25942"}],"curies":[{"name":"wp","href":"https:\/\/api.w.org\/{rel}","templated":true}]}}