{"id":26232,"date":"2025-04-21T06:19:51","date_gmt":"2025-04-21T05:19:51","guid":{"rendered":"https:\/\/www.gnews.cz\/?p=26232"},"modified":"2025-04-28T18:10:48","modified_gmt":"2025-04-28T17:10:48","slug":"economistas-de-renombre-firman-una-declaracion-contra-la-politica-arancelaria-de-trump","status":"publish","type":"post","link":"https:\/\/gnews.cz\/es\/ekonomika\/renomovani-ekonomove-podepsali-protitarifni-prohlaseni-k-trumpove-celni-politice\/","title":{"rendered":"Reconocidos economistas firman una 'declaraci\u00f3n antiarancelaria' sobre la pol\u00edtica arancelaria de Trump"},"content":{"rendered":"<p><strong>M\u00e1s de 970 personas, entre ellas decenas de economistas de primera fila, han firmado <em>\"declaraci\u00f3n antiarancelaria\"<\/em>en la que critican la pol\u00edtica arancelaria de la administraci\u00f3n del presidente estadounidense Donald Trump como <em>\"defectuoso\"<\/em> y advertir de posibles <em>\"recesi\u00f3n autoinfligida\"<\/em>seg\u00fan los medios de comunicaci\u00f3n.<\/strong><\/p>\n\n\n\n<p>La carta, firmada por prestigiosos economistas, entre ellos los premios Nobel James Heckman y Vernon Smith, se envi\u00f3 durante el fin de semana y el domingo por la ma\u00f1ana contaba ya con 976 firmas.<\/p>\n\n\n\n<p>En esta \"Declaraci\u00f3n sobre comercio y aranceles: una declaraci\u00f3n de principios sobre la prosperidad estadounidense\", los autores condenan los aranceles \"rec\u00edprocos\" de Trump que afectan a m\u00e1s de 180 pa\u00edses y regiones de todo el mundo. \"Los aranceles 'rec\u00edprocos' son <em>\"calculado seg\u00fan una f\u00f3rmula defectuosa e improvisada que no tiene ninguna base en la realidad econ\u00f3mica\"<\/em>dec\u00eda el comunicado.<\/p>\n\n\n\n<p>El 2 de abril, Trump anunci\u00f3 aranceles radicales contra los socios comerciales de EE.UU., llamando al d\u00eda <em>\"el d\u00eda de la liberaci\u00f3n\"<\/em>. Sin embargo, apenas una semana despu\u00e9s, orden\u00f3 una pausa de 90 d\u00edas para los aranceles m\u00e1s elevados, dejando un tipo b\u00e1sico del 10% para la mayor\u00eda de los pa\u00edses.<\/p>\n\n\n\n<p>La pol\u00edtica arancelaria de Trump ha provocado ventas masivas en los mercados burs\u00e1tiles, as\u00ed como aranceles de represalia y otras contramedidas por parte de los pa\u00edses.<\/p>\n\n\n\n<blockquote class=\"wp-block-quote is-layout-flow wp-block-quote-is-layout-flow\">\n<p><em>\"Esperamos que los trabajadores estadounidenses se lleven la peor parte de esta pol\u00edtica equivocada en forma de precios m\u00e1s altos y el riesgo de una recesi\u00f3n autoinfligida\".<\/em> dice la carta.<\/p>\n<\/blockquote>\n\n\n\n<p>Trump afirma que los aranceles pretenden revertir el persistente d\u00e9ficit comercial global y ayudar a impulsar la fabricaci\u00f3n estadounidense. Sin embargo, seg\u00fan la carta, \"los aranceles de la actual administraci\u00f3n est\u00e1n motivados por una incomprensi\u00f3n de las condiciones econ\u00f3micas a las que se enfrentan los estadounidenses de a pie.\"<\/p>\n\n\n\n<p>Los autores pidieron que se ponga fin a la <em>\"pol\u00edticas incoherentes y perjudiciales\"<\/em> en el \u00e1mbito del comercio. <em>\"Pero mantenemos la esperanza de que los principios econ\u00f3micos s\u00f3lidos, las pruebas emp\u00edricas y las advertencias de la historia prevalezcan sobre las actuales mitolog\u00edas proteccionistas\".<\/em><\/p>\n\n\n\n<p><strong><a href=\"https:\/\/news.cgtn.com\/news\/2025-04-21\/Over-970-people-sign-anti-tariff-declaration-reports-1CKgdE80ktG\/p.html\" title=\"\">CMG<\/a>\/gnews.cz<\/strong><\/p>","protected":false},"excerpt":{"rendered":"<p>M\u00e1s de 970 personas, entre ellas decenas de economistas de primer nivel, han firmado una \"declaraci\u00f3n antiarancelaria\" en la que critican las pol\u00edticas arancelarias de la Administraci\u00f3n del presidente estadounidense, Donald Trump, como...<\/p>","protected":false},"author":6,"featured_media":14652,"comment_status":"closed","ping_status":"closed","sticky":false,"template":"","format":"standard","meta":{"_acf_changed":false,"_lmt_disableupdate":"","_lmt_disable":"","footnotes":""},"categories":[4,2973],"tags":[1305,18,496,2421,38],"class_list":["post-26232","post","type-post","status-publish","format-standard","has-post-thumbnail","hentry","category-ekonomika","category-zahranicni","tag-cla","tag-cmg","tag-donald-trump","tag-obchod","tag-usa"],"acf":[],"aioseo_notices":[],"_links":{"self":[{"href":"https:\/\/gnews.cz\/es\/wp-json\/wp\/v2\/posts\/26232","targetHints":{"allow":["GET"]}}],"collection":[{"href":"https:\/\/gnews.cz\/es\/wp-json\/wp\/v2\/posts"}],"about":[{"href":"https:\/\/gnews.cz\/es\/wp-json\/wp\/v2\/types\/post"}],"author":[{"embeddable":true,"href":"https:\/\/gnews.cz\/es\/wp-json\/wp\/v2\/users\/6"}],"replies":[{"embeddable":true,"href":"https:\/\/gnews.cz\/es\/wp-json\/wp\/v2\/comments?post=26232"}],"version-history":[{"count":0,"href":"https:\/\/gnews.cz\/es\/wp-json\/wp\/v2\/posts\/26232\/revisions"}],"wp:featuredmedia":[{"embeddable":true,"href":"https:\/\/gnews.cz\/es\/wp-json\/wp\/v2\/media\/14652"}],"wp:attachment":[{"href":"https:\/\/gnews.cz\/es\/wp-json\/wp\/v2\/media?parent=26232"}],"wp:term":[{"taxonomy":"category","embeddable":true,"href":"https:\/\/gnews.cz\/es\/wp-json\/wp\/v2\/categories?post=26232"},{"taxonomy":"post_tag","embeddable":true,"href":"https:\/\/gnews.cz\/es\/wp-json\/wp\/v2\/tags?post=26232"}],"curies":[{"name":"wp","href":"https:\/\/api.w.org\/{rel}","templated":true}]}}