{"id":26797,"date":"2025-05-04T16:25:38","date_gmt":"2025-05-04T15:25:38","guid":{"rendered":"https:\/\/www.gnews.cz\/?p=26797"},"modified":"2025-05-05T07:51:49","modified_gmt":"2025-05-05T06:51:49","slug":"la-republica-checa-seguira-apoyando-a-ucrania-tanto-con-municion-como-con-diplomacia-ha-declarado-el-presidente-pavel","status":"publish","type":"post","link":"https:\/\/gnews.cz\/es\/politika\/ceska-republika-bude-nadale-podporovat-ukrajinu-jak-munici-tak-diplomacii-uvedl-prezident-pavel\/","title":{"rendered":"La Rep\u00fablica Checa seguir\u00e1 apoyando a Ucrania, contin\u00faa la iniciativa sobre municiones, Presidente Pavel"},"content":{"rendered":"<p><strong>La Rep\u00fablica Checa coincide con otros pa\u00edses europeos en que hay que seguir apoyando a Ucrania, declar\u00f3 el Presidente checo, Petr Pavel, en una rueda de prensa conjunta con el Presidente ucraniano, Volodymyr Zelensky, en el Castillo de Praga.<\/strong><\/p>\n\n\n\n<blockquote class=\"wp-block-quote is-layout-flow wp-block-quote-is-layout-flow\">\n<p>\"<em>Si alguien puede estar cansado de la guerra, deber\u00eda ser el pa\u00eds invadido en primer lugar. No ha cambiado mucho en tres a\u00f1os, la situaci\u00f3n sigue siendo la misma\". <\/em>dijo Pavel.<\/p>\n<\/blockquote>\n\n\n\n<p>A\u00f1adi\u00f3 que el resultado no debe ser una paz en la que se recompense al agresor y se castigue a la v\u00edctima. La paz, dijo, debe ser lo m\u00e1s justa posible para el pa\u00eds invadido.<\/p>\n\n\n\n<p><em>\"Coincidimos con otros pa\u00edses europeos en que debemos apoyar y seguiremos apoyando a Ucrania\".<\/em> dijo el Presidente checo.<em> \"A trav\u00e9s del suministro de municiones, continuaremos mientras sea necesario,\"<\/em> a\u00f1adi\u00f3. Seg\u00fan \u00e9l, para finales de a\u00f1o Ucrania deber\u00eda recibir 1,8 millones de piezas de munici\u00f3n de gran calibre en el marco de la iniciativa sobre munici\u00f3n. <em>\"Al mismo tiempo, estamos negociando los suministros para el a\u00f1o que viene. Porque no hay por qu\u00e9 esperar que la paz llegue este a\u00f1o\".<\/em> se\u00f1al\u00f3. Tambi\u00e9n confirm\u00f3 el apoyo a Ucrania en sus ambiciones de ingresar en la UE y, a largo plazo, en la OTAN.<\/p>\n\n\n\n<blockquote class=\"wp-block-quote is-layout-flow wp-block-quote-is-layout-flow\">\n<p><em>\"Gracias, pueblo checo, por vuestro inquebrantable apoyo a Ucrania, que nos est\u00e1 ayudando de forma muy pr\u00e1ctica\". <\/em>se\u00f1al\u00f3 Zelensk\u00fd, quien a\u00f1adi\u00f3 que la iniciativa checa sobre municiones est\u00e1 funcionando de forma excelente.<\/p>\n<\/blockquote>\n\n\n\n<p>Zelensky tambi\u00e9n mencion\u00f3 que \u00e9l y Pavel hab\u00edan hablado de la creaci\u00f3n de un centro de entrenamiento para pilotos de F-16, que no puede estar en territorio ucraniano, y de la reconstrucci\u00f3n de Ucrania tras la guerra, especialmente en materia de sanidad.<\/p>\n\n\n\n<p>El lunes, Zelensky se reunir\u00e1 con el Primer Ministro checo, Petr Fiala. Tambi\u00e9n est\u00e1 previsto que se re\u00fana con representantes de la industria checa de defensa. Tambi\u00e9n tiene previsto reunirse con pol\u00edticos de la oposici\u00f3n.<\/p>\n\n\n\n<p><em>\"Estamos haciendo todo lo posible para que nuestros socios aumenten la presi\u00f3n sobre Rusia\".<\/em> declar\u00f3 Zelensk\u00fd.<\/p>\n\n\n\n<p><strong>gnews.cz - cik<\/strong><\/p>","protected":false},"excerpt":{"rendered":"<p>La Rep\u00fablica Checa coincide con otros pa\u00edses europeos en que hay que seguir apoyando a Ucrania, declar\u00f3 en una rueda de prensa conjunta en el Castillo de Praga...<\/p>","protected":false},"author":6,"featured_media":26798,"comment_status":"closed","ping_status":"closed","sticky":false,"template":"","format":"standard","meta":{"_acf_changed":false,"_lmt_disableupdate":"","_lmt_disable":"","footnotes":""},"categories":[2968,7],"tags":[647,151,26,17,29,1209,1258],"class_list":["post-26797","post","type-post","status-publish","format-standard","has-post-thumbnail","hentry","category-domaci","category-politika","tag-munice","tag-petr-pavel","tag-rusko","tag-top","tag-ukrajina","tag-volodymyr-zelenskyj","tag-zdravotnictvi"],"acf":[],"aioseo_notices":[],"_links":{"self":[{"href":"https:\/\/gnews.cz\/es\/wp-json\/wp\/v2\/posts\/26797","targetHints":{"allow":["GET"]}}],"collection":[{"href":"https:\/\/gnews.cz\/es\/wp-json\/wp\/v2\/posts"}],"about":[{"href":"https:\/\/gnews.cz\/es\/wp-json\/wp\/v2\/types\/post"}],"author":[{"embeddable":true,"href":"https:\/\/gnews.cz\/es\/wp-json\/wp\/v2\/users\/6"}],"replies":[{"embeddable":true,"href":"https:\/\/gnews.cz\/es\/wp-json\/wp\/v2\/comments?post=26797"}],"version-history":[{"count":0,"href":"https:\/\/gnews.cz\/es\/wp-json\/wp\/v2\/posts\/26797\/revisions"}],"wp:featuredmedia":[{"embeddable":true,"href":"https:\/\/gnews.cz\/es\/wp-json\/wp\/v2\/media\/26798"}],"wp:attachment":[{"href":"https:\/\/gnews.cz\/es\/wp-json\/wp\/v2\/media?parent=26797"}],"wp:term":[{"taxonomy":"category","embeddable":true,"href":"https:\/\/gnews.cz\/es\/wp-json\/wp\/v2\/categories?post=26797"},{"taxonomy":"post_tag","embeddable":true,"href":"https:\/\/gnews.cz\/es\/wp-json\/wp\/v2\/tags?post=26797"}],"curies":[{"name":"wp","href":"https:\/\/api.w.org\/{rel}","templated":true}]}}