{"id":26969,"date":"2025-05-07T07:30:10","date_gmt":"2025-05-07T06:30:10","guid":{"rendered":"https:\/\/www.gnews.cz\/?p=26969"},"modified":"2025-05-07T07:32:30","modified_gmt":"2025-05-07T06:32:30","slug":"cardenales-ante-el-conclave-necesitamos-la-misericordia-del-papa-de-sinodalidad-y-esperanza","status":"publish","type":"post","link":"https:\/\/gnews.cz\/es\/tema\/kardinalove-pred-konklave-potrebujeme-papeze-milosrdenstvi-synodality-a-nadeje\/","title":{"rendered":"Cardenales ante el c\u00f3nclave: necesitamos un Papa de misericordia, sinodalidad y esperanza"},"content":{"rendered":"<p><strong>CIUDAD DEL VATICANO - El Director del Centro de Prensa de la Santa Sede, Matteo Bruni, ha informado sobre la \u00faltima reuni\u00f3n del Colegio Cardenalicio antes del pr\u00f3ximo C\u00f3nclave, la duod\u00e9cima Congregaci\u00f3n General de Cardenales, que tuvo lugar el martes 6 de mayo por la ma\u00f1ana.<\/strong><\/p>\n\n\n\n<p><strong>Noticias del Vaticano<\/strong><\/p>\n\n\n\n<p>La duod\u00e9cima Congregaci\u00f3n General de Cardenales se ha celebrado hoy, martes 6 de mayo, por la ma\u00f1ana. Comenz\u00f3 a las 9 con una oraci\u00f3n com\u00fan. Estuvieron presentes 173 cardenales, 130 de ellos electores. Veintis\u00e9is ponencias de miembros del Colegio Cardenalicio abordaron numerosos temas. Se habl\u00f3 de las reformas del papa Francisco que deben continuar. En particular, se mencionaron la legislaci\u00f3n sobre los abusos, la cuesti\u00f3n de la econom\u00eda, la Curia Romana, la sinodalidad, el trabajo por la paz y el cuidado de la creaci\u00f3n. Se destac\u00f3 el tema de la comuni\u00f3n como desaf\u00edo para el nuevo Papa, el Papa como constructor de puentes, pastor, maestro de humanidad y rostro de la Iglesia samaritana.<\/p>\n\n\n\n<figure class=\"wp-block-image\"><img decoding=\"async\" src=\"https:\/\/www.vaticannews.va\/content\/dam\/vaticannews\/agenzie\/images\/srv\/2025\/05\/06\/2025-05-06-12--congregazione-cardinali\/1746518529207.JPG\/_jcr_content\/renditions\/cq5dam.thumbnail.cropped.750.422.jpeg\" alt=\"Duod\u00e9cima Congregaci\u00f3n General\" title=\"Duod\u00e9cima Congregaci\u00f3n General\"\/><\/figure>\n\n\n\n<p><strong>Duod\u00e9cima Congregaci\u00f3n General<\/strong><\/p>\n\n\n\n<p>En tiempos de guerra, violencia y profunda polarizaci\u00f3n -como se ha dicho- se necesita un Papa de misericordia, sinodalidad y esperanza. Tambi\u00e9n se debati\u00f3 sobre el derecho can\u00f3nico y el poder del Papa, sobre las divisiones en la Iglesia y el modo en que los cardenales deben actuar en la Iglesia, sobre la proximidad de la fiesta de Cristo Rey y la Jornada de los Pobres, que deben verse juntas, sobre la necesidad de que el Colegio Cardenalicio se re\u00fana con ocasi\u00f3n de los consistorios. Tambi\u00e9n hubo debates sobre la iniciaci\u00f3n y la formaci\u00f3n cristianas como empe\u00f1o misionero, sobre la memoria del testimonio de los m\u00e1rtires de la fe en pa\u00edses desgarrados por conflictos y restricciones a la libertad religiosa, y sobre la urgente cuesti\u00f3n del cambio clim\u00e1tico.<\/p>\n\n\n\n<figure class=\"wp-block-image\"><img decoding=\"async\" src=\"https:\/\/www.vaticannews.va\/content\/dam\/vaticannews\/agenzie\/images\/srv\/2025\/05\/06\/2025-05-06-12--congregazione-cardinali\/1746518526505.JPG\/_jcr_content\/renditions\/cq5dam.thumbnail.cropped.750.422.jpeg\" alt=\"Duod\u00e9cima Congregaci\u00f3n General\" title=\"Duod\u00e9cima Congregaci\u00f3n General\"\/><\/figure>\n\n\n\n<p><\/p>\n\n\n\n<p>Se mencion\u00f3 el tema de la fecha de Pascua, el aniversario del Concilio de Nicea y el di\u00e1logo ecum\u00e9nico. Durante la reuni\u00f3n de esta ma\u00f1ana se invalid\u00f3 el anillo de pesca. Desde la reuni\u00f3n del Colegio Cardenalicio se hizo un llamamiento a las partes beligerantes para un alto el fuego permanente y negociaciones en una serie de situaciones conflictivas, en las que los cardenales piden una paz justa y duradera. <a href=\"https:\/\/www.vaticannews.va\/cs\/vatikan\/news\/2025-05\/kardinalove-vyzyvaji-k-trvalemu-primeri-a-miru-ve-valecnych-obla.html\"><\/a>La Congregaci\u00f3n General de hoy ha finalizado a las 12.30 horas y no hay previstas m\u00e1s Congregaciones Generales.<\/p>\n\n\n\n<p>El portavoz de la Santa Sede a\u00f1adi\u00f3 algunos datos concretos al programa de los pr\u00f3ximos d\u00edas: ma\u00f1ana por la ma\u00f1ana, mi\u00e9rcoles 7 de mayo, habr\u00e1 una misa para la elecci\u00f3n del Papa. Despu\u00e9s, a las 15.45, los cardenales se trasladar\u00e1n de la Casa de Santa Marta al Palacio Apost\u00f3lico para entrar en el c\u00f3nclave. A partir del jueves, el horario ser\u00e1 el siguiente: 7.45 h desde la Casa de Santa Marta al Palacio Apost\u00f3lico, 8.15 h Misa y alabanza matutina en la Capilla Paola, 9.15 h tercio en la Capilla Sixtina y votaci\u00f3n. <\/p>\n\n\n\n<p>Se esperan posibles se\u00f1ales de humo despu\u00e9s de las 10:30 h y despu\u00e9s de las 12:00 h. A las 12:30 h, se espera volver a la Casa de Santa Marta para comer y a las 15:45 h trasladarse de nuevo al Palacio Apost\u00f3lico, y a las 16:30 h votar en la Capilla Sixtina. Se esperan posibles se\u00f1ales de humo por la tarde y por la noche, despu\u00e9s de las 17.30 y hacia las 19.00. Al final del d\u00eda, los cardenales rezar\u00e1n las V\u00edsperas en la Capilla Sixtina y regresar\u00e1n a la Casa de Santa Marta a las 19.30 horas. Matteo Bruni aclar\u00f3 que el humo despu\u00e9s de las 10:30 y despu\u00e9s de las 17:30 s\u00f3lo puede esperarse en caso de \u00e9xito de la elecci\u00f3n, es decir, en caso de humo blanco.<\/p>\n\n\n\n<p><strong><a href=\"https:\/\/www.vaticannews.va\/cs\/vatikan\/news\/2025-05\/kardinalove-vyzyvaji-k-trvalemu-primeri-a-miru-ve-valecnych-obla.html\" title=\"\">vaticannews.va<\/a>\/gnews.cz-jav<\/strong><\/p>","protected":false},"excerpt":{"rendered":"<p>CIUDAD DEL VATICANO - El director del Centro de Prensa de la Santa Sede, Matteo Bruni, ha informado sobre la \u00faltima reuni\u00f3n del Colegio Cardenalicio antes del pr\u00f3ximo c\u00f3nclave, la duod\u00e9cima...<\/p>","protected":false},"author":2,"featured_media":26970,"comment_status":"closed","ping_status":"closed","sticky":false,"template":"","format":"standard","meta":{"_acf_changed":false,"_lmt_disableupdate":"","_lmt_disable":"","footnotes":""},"categories":[7,658,1,2973],"tags":[],"class_list":["post-26969","post","type-post","status-publish","format-standard","has-post-thumbnail","hentry","category-politika","category-prectete-si","category-tema","category-zahranicni"],"acf":[],"aioseo_notices":[],"_links":{"self":[{"href":"https:\/\/gnews.cz\/es\/wp-json\/wp\/v2\/posts\/26969","targetHints":{"allow":["GET"]}}],"collection":[{"href":"https:\/\/gnews.cz\/es\/wp-json\/wp\/v2\/posts"}],"about":[{"href":"https:\/\/gnews.cz\/es\/wp-json\/wp\/v2\/types\/post"}],"author":[{"embeddable":true,"href":"https:\/\/gnews.cz\/es\/wp-json\/wp\/v2\/users\/2"}],"replies":[{"embeddable":true,"href":"https:\/\/gnews.cz\/es\/wp-json\/wp\/v2\/comments?post=26969"}],"version-history":[{"count":0,"href":"https:\/\/gnews.cz\/es\/wp-json\/wp\/v2\/posts\/26969\/revisions"}],"wp:featuredmedia":[{"embeddable":true,"href":"https:\/\/gnews.cz\/es\/wp-json\/wp\/v2\/media\/26970"}],"wp:attachment":[{"href":"https:\/\/gnews.cz\/es\/wp-json\/wp\/v2\/media?parent=26969"}],"wp:term":[{"taxonomy":"category","embeddable":true,"href":"https:\/\/gnews.cz\/es\/wp-json\/wp\/v2\/categories?post=26969"},{"taxonomy":"post_tag","embeddable":true,"href":"https:\/\/gnews.cz\/es\/wp-json\/wp\/v2\/tags?post=26969"}],"curies":[{"name":"wp","href":"https:\/\/api.w.org\/{rel}","templated":true}]}}