{"id":27830,"date":"2025-05-20T14:45:00","date_gmt":"2025-05-20T13:45:00","guid":{"rendered":"https:\/\/www.gnews.cz\/?p=27830"},"modified":"2025-05-20T11:32:11","modified_gmt":"2025-05-20T10:32:11","slug":"mas-de-28-000-mujeres-y-ninas-han-sido-asesinadas-en-gaza-desde-octubre-de-2023","status":"publish","type":"post","link":"https:\/\/gnews.cz\/es\/politika\/osn-od-rijna-2023-bylo-v-gaze-zabito-vice-nez-28-000-zen-a-divek\/","title":{"rendered":"ONU: M\u00e1s de 28.000 mujeres y ni\u00f1as muertas en Gaza desde octubre de 2023"},"content":{"rendered":"<p><strong>M\u00e1s de 28.000 mujeres y ni\u00f1as han muerto en ataques israel\u00edes contra la Franja de Gaza desde el 7 de octubre de 2023, fecha en que se reanudaron los combates en el enclave, inform\u00f3 el servicio de noticias humanitarias ReliefWeb, citando a ONU Mujeres, organismo dedicado a la igualdad de g\u00e9nero.<\/strong><\/p>\n\n\n\n<p><em>\"ONU Mujeres calcula que m\u00e1s de 28.000 mujeres y ni\u00f1as han sido asesinadas en Gaza desde que comenz\u00f3 la guerra en octubre de 2023, lo que supone una media de una mujer y una ni\u00f1a muerta cada hora en ataques de las fuerzas israel\u00edes.\"<\/em> dice el informe. <em>\"Hay miles de madres entre los asesinados\".<\/em><\/p>\n\n\n\n<blockquote class=\"wp-block-quote is-layout-flow wp-block-quote-is-layout-flow\">\n<p><em>\"Desde el colapso del alto el fuego en marzo de 2025, las condiciones en Gaza se han deteriorado a\u00fan m\u00e1s\".<\/em> Seg\u00fan ONU Mujeres, la situaci\u00f3n se ha visto agravada por el bloqueo humanitario y m\u00e1s de un mill\u00f3n de mujeres y ni\u00f1as del enclave \"se enfrentan ahora a niveles catastr\u00f3ficos de hambre\".<\/p>\n<\/blockquote>\n\n\n\n<p>Las tensiones en Oriente Medio se intensificaron el 7 de octubre de 2023, cuando hombres armados del movimiento radical palestino Ham\u00e1s, con base en la Franja de Gaza, lanzaron un ataque sorpresa contra territorio israel\u00ed desde Gaza, matando a residentes de asentamientos fronterizos israel\u00edes y tomando rehenes. En represalia, Israel lanz\u00f3 una campa\u00f1a militar en Gaza para desmantelar la infraestructura pol\u00edtica y militar de Ham\u00e1s y conseguir la liberaci\u00f3n de los rehenes.<\/p>\n\n\n\n<p>El 18 de marzo de 2025, el ej\u00e9rcito israel\u00ed reanud\u00f3 los combates en Gaza, lanzando intensos ataques contra el enclave y rompiendo el alto el fuego firmado en enero de este a\u00f1o.<\/p>\n\n\n\n<p><strong><a href=\"https:\/\/tass.com\/world\/1960531\" title=\"\">TASS<\/a>\/gnews.cz - cik<\/strong><\/p>\n\n\n\n<p><\/p>","protected":false},"excerpt":{"rendered":"<p>M\u00e1s de 28.000 mujeres y ni\u00f1as han muerto en ataques israel\u00edes contra la Franja de Gaza desde el 7 de octubre de...<\/p>","protected":false},"author":6,"featured_media":14301,"comment_status":"closed","ping_status":"closed","sticky":false,"template":"","format":"standard","meta":{"_acf_changed":false,"_lmt_disableupdate":"","_lmt_disable":"","footnotes":""},"categories":[7,2973],"tags":[120,49,148,50,99,17],"class_list":["post-27830","post","type-post","status-publish","format-standard","has-post-thumbnail","hentry","category-politika","category-zahranicni","tag-humanitarni-pomoc","tag-izrael","tag-osn","tag-palestina","tag-gaza","tag-top"],"acf":[],"aioseo_notices":[],"_links":{"self":[{"href":"https:\/\/gnews.cz\/es\/wp-json\/wp\/v2\/posts\/27830","targetHints":{"allow":["GET"]}}],"collection":[{"href":"https:\/\/gnews.cz\/es\/wp-json\/wp\/v2\/posts"}],"about":[{"href":"https:\/\/gnews.cz\/es\/wp-json\/wp\/v2\/types\/post"}],"author":[{"embeddable":true,"href":"https:\/\/gnews.cz\/es\/wp-json\/wp\/v2\/users\/6"}],"replies":[{"embeddable":true,"href":"https:\/\/gnews.cz\/es\/wp-json\/wp\/v2\/comments?post=27830"}],"version-history":[{"count":0,"href":"https:\/\/gnews.cz\/es\/wp-json\/wp\/v2\/posts\/27830\/revisions"}],"wp:featuredmedia":[{"embeddable":true,"href":"https:\/\/gnews.cz\/es\/wp-json\/wp\/v2\/media\/14301"}],"wp:attachment":[{"href":"https:\/\/gnews.cz\/es\/wp-json\/wp\/v2\/media?parent=27830"}],"wp:term":[{"taxonomy":"category","embeddable":true,"href":"https:\/\/gnews.cz\/es\/wp-json\/wp\/v2\/categories?post=27830"},{"taxonomy":"post_tag","embeddable":true,"href":"https:\/\/gnews.cz\/es\/wp-json\/wp\/v2\/tags?post=27830"}],"curies":[{"name":"wp","href":"https:\/\/api.w.org\/{rel}","templated":true}]}}