{"id":27845,"date":"2025-05-20T21:55:13","date_gmt":"2025-05-20T20:55:13","guid":{"rendered":"https:\/\/www.gnews.cz\/?p=27845"},"modified":"2025-05-20T21:56:24","modified_gmt":"2025-05-20T20:56:24","slug":"resumen-economico-diario-en-cr-ep-group-energy-baden-wurttemberg-ag-enbw-klarna-y-raiffeisen-bank20-de-mayo-de-2025","status":"publish","type":"post","link":"https:\/\/gnews.cz\/es\/tema\/denni-shrnuti-ekonomiky-v-cr-ep-group-energie-baden-wurttemberg-ag-enbw-klarna-a-raiffeisen-bank20-kvetna-2025\/","title":{"rendered":"Resumen diario de la econom\u00eda checa: EP Group, Energie Baden-W\u00fcrttemberg AG (EnBW), Klarna y Raiffeisen Bank(20 de mayo de 2025)"},"content":{"rendered":"\n<p><strong>P\u0159ehled nejnov\u011bj\u0161\u00edch ekonomick\u00fdch ud\u00e1lost\u00ed v \u010cR<\/strong><\/p>\n\n\n\n<p><strong>PRAHA \u2013 \u010cesk\u00e1 ekonomika i nad\u00e1le \u010del\u00ed infla\u010dn\u00edm tlak\u016fm, p\u0159i\u010dem\u017e spot\u0159ebitelsk\u00e9 ceny u n\u011bkter\u00fdch z\u00e1kladn\u00edch potravin v kv\u011btnu op\u011bt vzrostly. Podle p\u0159edb\u011b\u017en\u00e9ho pr\u016fzkumu \u010cesk\u00e9ho statistick\u00e9ho \u00fa\u0159adu zdra\u017eilo \u0161est ze 13 sledovan\u00fdch polo\u017eek. Nejv\u011bt\u0161\u00ed n\u00e1r\u016fst cen byl zaznamen\u00e1n u eidamu, kter\u00fd zdra\u017eil o 7,5 %. Meziro\u010dn\u011b jsou nejv\u00fdrazn\u011bj\u0161\u00ed skoky u vajec, jejich\u017e cena vzrostla o 52,8 %, a u m\u00e1sla, kter\u00e9 zdra\u017eilo o 22,3 %. Tyto \u00fadaje potvrzuj\u00ed pokra\u010duj\u00edc\u00ed nap\u011bt\u00ed v oblasti potravinov\u00e9 inflace, kter\u00e9 negativn\u011b dopad\u00e1 na dom\u00e1cnosti s ni\u017e\u0161\u00edmi p\u0159\u00edjmy.<\/strong><\/p>\n\n\n\n<p>Stabilita m\u011bnov\u00e9ho trhu odpov\u00edd\u00e1 stagnuj\u00edc\u00edm infla\u010dn\u00edm o\u010dek\u00e1v\u00e1n\u00edm a absenci z\u00e1sadn\u00edch impulz\u016f z dom\u00e1c\u00ed ekonomiky. Na pra\u017esk\u00e9 burze se situace stabilizovala. Index PX se po kr\u00e1tk\u00e9 korekci vr\u00e1til k hodnot\u00e1m bl\u00edzk\u00fdm p\u00e1te\u010dn\u00edmu historick\u00e9mu maximu. Akcie energetick\u00fdch a bankovn\u00edch titul\u016f vedly r\u016fst, zejm\u00e9na d\u00edky optimismu investor\u016f ohledn\u011b region\u00e1ln\u00edch akvizic a exportn\u00ed v\u00fdkonnosti.<\/p>\n\n\n\n<p><strong>Zahrani\u010dn\u00ed investice<\/strong><\/p>\n\n\n\n<p>V\u00fdznamnou zpr\u00e1vou dne je akvizice spole\u010dnosti EP Energy Transition (EPETr), dce\u0159in\u00e9 firmy EP Group Daniela K\u0159et\u00ednsk\u00e9ho, kter\u00e1 koup\u00ed 50% pod\u00edl v n\u011bmeck\u00e9 hn\u011bdouheln\u00e9 elektr\u00e1rn\u011b Lippendorf. Pod\u00edl p\u0159eb\u00edr\u00e1 od spole\u010dnosti Energie Baden-W\u00fcrttemberg AG (EnBW). Druh\u00fd blok elektr\u00e1rny ji\u017e vlastn\u00ed jin\u00e1 dce\u0159in\u00e1 spole\u010dnost EPETr, podnik LEAG, co\u017e znamen\u00e1, \u017ee skupina t\u00edmto krokem elektr\u00e1rnu pln\u011b ovl\u00e1dne. Transakce je podm\u00edn\u011bna regula\u010dn\u00edm schv\u00e1len\u00edm a m\u011bla by b\u00fdt dokon\u010dena na za\u010d\u00e1tku roku 2026.<\/p>\n\n\n\n<p>Na tuzemsk\u00e9m trhu d\u00e1le rezonuje vstup \u0161v\u00e9dsk\u00e9 fintech spole\u010dnosti Klarna do \u010cR, kter\u00e1 uzav\u0159ela partnerstv\u00ed s Komer\u010dn\u00ed bankou za \u00fa\u010delem rozvoje slu\u017eeb BNPL (Buy Now, Pay Later). C\u00edlem je pos\u00edlen\u00ed digit\u00e1ln\u00edho platebn\u00edho ekosyst\u00e9mu a z\u00edsk\u00e1n\u00ed pod\u00edlu na trhu rychle rostouc\u00edch e-commerce transakc\u00ed.<\/p>\n\n\n\n<p>Rakousk\u00e1 skupina Raiffeisen Bank International ozn\u00e1mila pos\u00edlen\u00ed investi\u010dn\u00edch aktivit v \u010cesku a pl\u00e1nuje otev\u0159en\u00ed nov\u00e9ho inova\u010dn\u00edho centra v Brn\u011b. Projekt m\u00e1 p\u0159il\u00e1kat technologick\u00e9 talenty a podpo\u0159it v\u00fdvoj bankovn\u00edch aplikac\u00ed pro cel\u00fd region st\u0159edn\u00ed Evropy.<\/p>\n\n\n\n<p><strong>V\u00fdznamn\u00e9 ud\u00e1losti mimo \u010cR s glob\u00e1ln\u00edm dopadem<\/strong><\/p>\n\n\n\n<p>V Evrop\u011b i nad\u00e1le vzbuzuje pozornost pl\u00e1novan\u00e9 spojen\u00ed francouzsk\u00e9ho v\u00fdrobce luxusn\u00edch automobil\u016f Bugatti a chorvatsk\u00e9 spole\u010dnosti Rimac. F\u00faze m\u00e1 vytvo\u0159it nov\u00e9ho l\u00eddra na poli elektrick\u00fdch superaut, a to za p\u0159isp\u011bn\u00ed koncernu Porsche. Tento krok potvrzuje siln\u00e9 postaven\u00ed region\u00e1ln\u00edho technologick\u00e9ho pr\u016fmyslu v oblasti elektromobility.<\/p>\n\n\n\n<p>Americk\u00e1 spole\u010dnost Nvidia ozn\u00e1mila akvizici izraelsk\u00e9ho AI startupu RunAI za p\u0159ibli\u017en\u011b 700 milion\u016f dolar\u016f. Tato transakce d\u00e1le upev\u0148uje pozici Nvidie jako dominantn\u00edho hr\u00e1\u010de v oblasti v\u00fdvoje AI platforem a posiluje jej\u00ed v\u00fdvoj\u00e1\u0159skou z\u00e1kladnu na Bl\u00edzk\u00e9m v\u00fdchod\u011b.<\/p>\n\n\n\n<p>V Asii prob\u011bhla v\u00fdrazn\u00e1 konsolidace v polovodi\u010dov\u00e9m pr\u016fmyslu \u2013 jihokorejsk\u00e1 spole\u010dnost SK Hynix odkoupila \u010d\u00ednsk\u00e9 aktivity americk\u00e9 firmy Micron Technologies, \u010d\u00edm\u017e roz\u0161\u00ed\u0159ila sv\u00e9 v\u00fdrobn\u00ed kapacity a zajistila si siln\u011bj\u0161\u00ed pozici v r\u00e1mci geopolitick\u00fdch omezen\u00ed na v\u00fdvoz \u010dip\u016f.<\/p>\n\n\n\n<p>Z\u00e1v\u011brem lze shrnout, \u017ee 20. kv\u011bten p\u0159inesl kl\u00ed\u010dov\u00e9 zpr\u00e1vy jak z dom\u00e1c\u00ed ekonomiky, tak z oblasti mezin\u00e1rodn\u00edho obchodu. \u0160est firem \u2013 EP Group, EnBW, Klarna, Komer\u010dn\u00ed banka, Raiffeisen Bank International a Nvidia \u2013 sehr\u00e1lo z\u00e1sadn\u00ed roli v dne\u0161n\u00edm ekonomick\u00e9m d\u011bn\u00ed. V\u00fdvoj na burze, stabiln\u00ed m\u011bnov\u00fd trh a aktivn\u00ed zahrani\u010dn\u00ed investice nazna\u010duj\u00ed, \u017ee \u010cesko z\u016fst\u00e1v\u00e1 atraktivn\u00ed pro glob\u00e1ln\u00ed kapit\u00e1l. Tyto trendy vytv\u00e1\u0159ej\u00ed prostor pro dal\u0161\u00ed r\u016fst a inovace i p\u0159es st\u00e1le p\u0159etrv\u00e1vaj\u00edc\u00ed infla\u010dn\u00ed tlaky.<\/p>\n\n\n<p>[currency_and_metal_rates]<\/p>\n\n\n\n<figure class=\"wp-block-image size-large\"><img decoding=\"async\" src=\"https:\/\/www.gnews.cz\/wp-content\/uploads\/2025\/05\/Screenshot_20250520_234501-1024x631.jpg\" alt=\"\" class=\"wp-image-27846\"\/><\/figure>\n\n\n\n<figure class=\"wp-block-image size-large\"><img decoding=\"async\" src=\"https:\/\/www.gnews.cz\/wp-content\/uploads\/2025\/05\/Screenshot_20250520_234635-1024x641.jpg\" alt=\"\" class=\"wp-image-27847\"\/><\/figure>\n\n\n\n<figure class=\"wp-block-image size-large\"><img decoding=\"async\" src=\"https:\/\/www.gnews.cz\/wp-content\/uploads\/2025\/05\/Screenshot_20250520_234524-1024x439.jpg\" alt=\"\" class=\"wp-image-27848\"\/><\/figure>\n\n\n\n<figure class=\"wp-block-image size-large\"><img decoding=\"async\" src=\"https:\/\/www.gnews.cz\/wp-content\/uploads\/2025\/05\/Screenshot_20250520_234821-1024x785.jpg\" alt=\"\" class=\"wp-image-27849\"\/><\/figure>\n\n\n\n<p>tradingeconomics.com<\/p>\n\n\n\n<p><strong>gnews.cz &#8211; GH<\/strong><\/p>\n","protected":false},"excerpt":{"rendered":"<p>Panorama de los \u00faltimos acontecimientos econ\u00f3micos en la Rep\u00fablica Checa PRAGA - La econom\u00eda checa sigue afrontando presiones inflacionistas, con los precios al consumo de algunos alimentos b\u00e1sicos...<\/p>","protected":false},"author":2,"featured_media":27850,"comment_status":"closed","ping_status":"closed","sticky":false,"template":"","format":"standard","meta":{"_acf_changed":false,"_lmt_disableupdate":"","_lmt_disable":"","footnotes":""},"categories":[2968,4,658,1,2973],"tags":[45,27,3451,3452,46,78,17,41],"class_list":["post-27845","post","type-post","status-publish","format-standard","has-post-thumbnail","hentry","category-domaci","category-ekonomika","category-prectete-si","category-tema","category-zahranicni","tag-cr","tag-ekonomika","tag-energie-baden-wurttemberg-ag-enbw","tag-ep-group","tag-eu","tag-evropa","tag-top","tag-world"],"acf":[],"aioseo_notices":[],"_links":{"self":[{"href":"https:\/\/gnews.cz\/es\/wp-json\/wp\/v2\/posts\/27845","targetHints":{"allow":["GET"]}}],"collection":[{"href":"https:\/\/gnews.cz\/es\/wp-json\/wp\/v2\/posts"}],"about":[{"href":"https:\/\/gnews.cz\/es\/wp-json\/wp\/v2\/types\/post"}],"author":[{"embeddable":true,"href":"https:\/\/gnews.cz\/es\/wp-json\/wp\/v2\/users\/2"}],"replies":[{"embeddable":true,"href":"https:\/\/gnews.cz\/es\/wp-json\/wp\/v2\/comments?post=27845"}],"version-history":[{"count":0,"href":"https:\/\/gnews.cz\/es\/wp-json\/wp\/v2\/posts\/27845\/revisions"}],"wp:featuredmedia":[{"embeddable":true,"href":"https:\/\/gnews.cz\/es\/wp-json\/wp\/v2\/media\/27850"}],"wp:attachment":[{"href":"https:\/\/gnews.cz\/es\/wp-json\/wp\/v2\/media?parent=27845"}],"wp:term":[{"taxonomy":"category","embeddable":true,"href":"https:\/\/gnews.cz\/es\/wp-json\/wp\/v2\/categories?post=27845"},{"taxonomy":"post_tag","embeddable":true,"href":"https:\/\/gnews.cz\/es\/wp-json\/wp\/v2\/tags?post=27845"}],"curies":[{"name":"wp","href":"https:\/\/api.w.org\/{rel}","templated":true}]}}