{"id":29091,"date":"2025-06-06T21:57:12","date_gmt":"2025-06-06T20:57:12","guid":{"rendered":"https:\/\/www.gnews.cz\/?p=29091"},"modified":"2025-06-06T21:57:16","modified_gmt":"2025-06-06T20:57:16","slug":"la-pugna-entre-trump-y-musk-empuja-a-la-baja-las-acciones-de-tesla-los-inversores-estan-preocupados","status":"publish","type":"post","link":"https:\/\/gnews.cz\/es\/ekonomika\/spory-trumpa-a-muska-tlaci-akcie-tesly-dolu-investori-jsou-znepokojeni\/","title":{"rendered":"El enfrentamiento entre Trump y Musk hace caer las acciones de Tesla y preocupa a los inversores"},"content":{"rendered":"<p><strong>Las crecientes tensiones entre el presidente de Estados Unidos, Donald Trump, y el fabricante de autom\u00f3viles Tesla, Elon Musk, est\u00e1n causando una considerable preocupaci\u00f3n entre los inversores y est\u00e1n teniendo un impacto directo en el precio de las acciones de la empresa. El conflicto, que se agrav\u00f3 tras la acusaci\u00f3n de Musk sobre los v\u00ednculos de Trump con el fallecido Jeffrey Epstein, contribuy\u00f3 a que las acciones de Tesla cayeran un 12% en solo dos d\u00edas, seg\u00fan inform\u00f3 la cadena estadounidense Fox Business. A los inversores les preocupa ahora que la fracturada relaci\u00f3n entre las dos influyentes figuras pueda amenazar el futuro de una de las empresas tecnol\u00f3gicas m\u00e1s importantes.<\/strong><\/p>\n\n\n\n<p>Elon Musk, el conocido empresario y jefe de Tesla y SpaceX, se pronunci\u00f3 este jueves en\u00e9rgicamente sobre el plan presupuestario republicano impulsado por la administraci\u00f3n Trump. El plan, descrito por Trump como una \"gran y hermosa propuesta\", no resuelve, seg\u00fan Musk, sino que agrava el problema de la deuda nacional estadounidense, que actualmente se acerca a la escalofriante cifra de 37 billones de d\u00f3lares.<\/p>\n\n\n\n<p>Las tensiones entre los dos hombres aumentaron a\u00fan m\u00e1s cuando Musk sugiri\u00f3 en las redes sociales que Trump estaba involucrado en documentos relacionados con Jeffrey Epstein, el pol\u00e9mico financiero y ped\u00f3filo convicto que muri\u00f3 en prisi\u00f3n en 2019 en circunstancias poco claras.<\/p>\n\n\n\n<blockquote class=\"wp-block-quote is-layout-flow wp-block-quote-is-layout-flow\">\n<p>Los diputados republicanos no tardaron en reaccionar, calificando las palabras de Musk de infundadas e inapropiadas. <em>\"Si Trump tuviera de hecho v\u00ednculos m\u00e1s profundos con Epstein, habr\u00eda salido a la luz durante las primarias republicanas, cuando los oponentes le atacaban por todos lados\".<\/em> dijo el diputado <strong>Anna Paulina Luna<\/strong> de Florida, que dirige un grupo de trabajo para desclasificar las investigaciones federales, incluido el caso Epstein.<\/p>\n<\/blockquote>\n\n\n\n<p>Fuentes cercanas a Trump recordaron que el presidente prohibi\u00f3 permanentemente a Epstein la entrada a su mansi\u00f3n de Mar-a-Lago, en Florida, despu\u00e9s de que Epstein abusara de la hija menor de edad de uno de los socios del club de esa localidad. <em>\"La afirmaci\u00f3n de Musk es injusta y da\u00f1a innecesariamente la reputaci\u00f3n del presidente\".<\/em> dijo un legislador republicano.<\/p>\n\n\n\n<p>La ca\u00edda del 12% de las acciones de Tesla desde el mi\u00e9rcoles ha desatado una ola de inquietud entre los inversores, que desde hace tiempo ven el valor de la empresa estrechamente ligado a la persona de Elon Musk, su visi\u00f3n y su capacidad para atraer capital. Trump y Musk se consideraban hasta hace poco aliados, y Musk elogiaba p\u00fablicamente a Trump e incluso bromeaba refiri\u00e9ndose a \u00e9l como <em>\"ama como un hombre heterosexual puede amar a un hombre heterosexual\"<\/em>.<\/p>\n\n\n\n<blockquote class=\"wp-block-quote is-layout-flow wp-block-quote-is-layout-flow\">\n<p>Pero ahora las crecientes tensiones amenazan la estabilidad de Tesla, cuyas acciones son sensibles a cualquier pol\u00e9mica en torno a su jefe. Los analistas advierten de que si la disputa entre los dos hombres va a m\u00e1s, podr\u00eda tener efectos negativos a largo plazo sobre la confianza de los inversores y la posici\u00f3n de Tesla en el mercado.<\/p>\n<\/blockquote>\n\n\n\n<p>Miembro <strong>Ralph Norman<\/strong> de Carolina del Sur coment\u00f3 la situaci\u00f3n, pidiendo una mayor apertura. <em>\"Sea cual sea la verdad, necesitamos total transparencia sobre los documentos de Epstein para acabar con las especulaciones\".<\/em> dijo. La Administraci\u00f3n estadounidense hab\u00eda hecho p\u00fablicos previamente algunos de los documentos relacionados con Epstein en los que aparec\u00eda el nombre de Trump, pero fuentes cercanas a la Casa Blanca dijeron que se trataba de informaci\u00f3n esperada sin nuevas revelaciones. <em>\"Todo el mundo ya lo sab\u00eda, no es una sorpresa que Musk revelara\".<\/em> a\u00f1adi\u00f3 uno de ellos.<\/p>\n\n\n\n<p><strong><a href=\"https:\/\/www.foxnews.com\" title=\"\">foxnews.com<\/a>\/gnews.cz - GH<\/strong><\/p>","protected":false},"excerpt":{"rendered":"<p>La creciente tensi\u00f3n entre el presidente de Estados Unidos, Donald Trump, y el fabricante de autom\u00f3viles Tesla, Elon Musk, est\u00e1 causando una considerable preocupaci\u00f3n entre los inversores y est\u00e1 teniendo un impacto directo...<\/p>","protected":false},"author":6,"featured_media":29092,"comment_status":"closed","ping_status":"closed","sticky":false,"template":"","format":"standard","meta":{"_acf_changed":false,"_lmt_disableupdate":"","_lmt_disable":"","footnotes":""},"categories":[4,2973],"tags":[1451,496,1089,3575,2378,17,41],"class_list":["post-29091","post","type-post","status-publish","format-standard","has-post-thumbnail","hentry","category-ekonomika","category-zahranicni","tag-akcie","tag-donald-trump","tag-elon-musk","tag-jeffrey-epstein","tag-tesla","tag-top","tag-world"],"acf":[],"aioseo_notices":[],"_links":{"self":[{"href":"https:\/\/gnews.cz\/es\/wp-json\/wp\/v2\/posts\/29091","targetHints":{"allow":["GET"]}}],"collection":[{"href":"https:\/\/gnews.cz\/es\/wp-json\/wp\/v2\/posts"}],"about":[{"href":"https:\/\/gnews.cz\/es\/wp-json\/wp\/v2\/types\/post"}],"author":[{"embeddable":true,"href":"https:\/\/gnews.cz\/es\/wp-json\/wp\/v2\/users\/6"}],"replies":[{"embeddable":true,"href":"https:\/\/gnews.cz\/es\/wp-json\/wp\/v2\/comments?post=29091"}],"version-history":[{"count":0,"href":"https:\/\/gnews.cz\/es\/wp-json\/wp\/v2\/posts\/29091\/revisions"}],"wp:featuredmedia":[{"embeddable":true,"href":"https:\/\/gnews.cz\/es\/wp-json\/wp\/v2\/media\/29092"}],"wp:attachment":[{"href":"https:\/\/gnews.cz\/es\/wp-json\/wp\/v2\/media?parent=29091"}],"wp:term":[{"taxonomy":"category","embeddable":true,"href":"https:\/\/gnews.cz\/es\/wp-json\/wp\/v2\/categories?post=29091"},{"taxonomy":"post_tag","embeddable":true,"href":"https:\/\/gnews.cz\/es\/wp-json\/wp\/v2\/tags?post=29091"}],"curies":[{"name":"wp","href":"https:\/\/api.w.org\/{rel}","templated":true}]}}