{"id":29626,"date":"2025-06-19T04:05:00","date_gmt":"2025-06-19T02:05:00","guid":{"rendered":"https:\/\/www.gnews.cz\/?p=29626"},"modified":"2025-06-18T18:07:00","modified_gmt":"2025-06-18T16:07:00","slug":"el-representante-chino-el-gobierno-provisional-sirio-debe-desempenar-eficazmente-sus-funciones-en-la-lucha-contra-el-terrorismo","status":"publish","type":"post","link":"https:\/\/gnews.cz\/es\/zahranicni\/cinsky-zastupce-syrska-docasna-vlada-by-mela-ucinne-plnit-sve-povinnosti-v-boji-proti-terorismu\/","title":{"rendered":"Funcionario chino: el gobierno interino sirio debe cumplir eficazmente sus responsabilidades en la lucha contra el terrorismo"},"content":{"rendered":"<p><strong>El Representante Permanente de China ante las Naciones Unidas, Fu Cong, en una reuni\u00f3n abierta del Consejo de Seguridad sobre Siria, pidi\u00f3 a las autoridades sirias de transici\u00f3n que cumplan eficazmente con sus responsabilidades en la lucha contra el terrorismo y tomen todas las medidas contra todas las fuerzas terroristas presentes en Siria.<\/strong><\/p>\n\n\n\n<p>Fu Cong dijo que recientemente se han producido varios ataques terroristas violentos en Siria. La parte china est\u00e1 seriamente preocupada por el hecho de que los terroristas extranjeros en Siria se hayan incorporado recientemente a las fuerzas gubernamentales sirias.<\/p>\n\n\n\n<p><em>\"El gobierno provisional sirio debe desempe\u00f1ar eficazmente sus responsabilidades antiterroristas y tomar inmediatamente todas las medidas para combatir a todas las organizaciones terroristas, incluido el Movimiento Isl\u00e1mico del Turkest\u00e1n Oriental, que figuran en la lista del Consejo de Seguridad.\"<\/em><\/p>\n\n\n\n<p>Fu Cong dijo que la parte china est\u00e1 profundamente preocupada por el ataque israel\u00ed contra Ir\u00e1n, que ha provocado una repentina escalada del conflicto militar, y condena la violaci\u00f3n de la soberan\u00eda, la seguridad y la integridad territorial de Ir\u00e1n.<\/p>\n\n\n\n<p><em>\"Si el conflicto entre Israel e Ir\u00e1n sigue escalando o incluso se ampl\u00eda, pa\u00edses de Oriente Medio como Siria sufrir\u00edan las consecuencias. La parte china est\u00e1 dispuesta a mantener la comunicaci\u00f3n con todas las partes implicadas y a desempe\u00f1ar un papel constructivo para tratar de desactivar la situaci\u00f3n lo antes posible,\"<\/em> declar\u00f3.<\/p>\n\n\n\n<p><strong><a href=\"https:\/\/czech.cri.cn\/2025\/06\/18\/ARTI1750216529935205\" title=\"\">CMG<\/a><\/strong><\/p>","protected":false},"excerpt":{"rendered":"<p>El Representante Permanente de China ante la ONU, Fu Cong, en una reuni\u00f3n abierta del Consejo de Seguridad sobre Siria, pidi\u00f3 a las autoridades interinas sirias que...<\/p>","protected":false},"author":6,"featured_media":29627,"comment_status":"closed","ping_status":"closed","sticky":false,"template":"","format":"standard","meta":{"_acf_changed":false,"_lmt_disableupdate":"","_lmt_disable":"","footnotes":""},"categories":[2973],"tags":[1264,3537,18,3658,148,212],"class_list":["post-29626","post","type-post","status-publish","format-standard","has-post-thumbnail","hentry","category-zahranicni","tag-blizkay-vychod","tag-cina-2","tag-cmg","tag-islam","tag-osn","tag-syrie"],"acf":[],"aioseo_notices":[],"_links":{"self":[{"href":"https:\/\/gnews.cz\/es\/wp-json\/wp\/v2\/posts\/29626","targetHints":{"allow":["GET"]}}],"collection":[{"href":"https:\/\/gnews.cz\/es\/wp-json\/wp\/v2\/posts"}],"about":[{"href":"https:\/\/gnews.cz\/es\/wp-json\/wp\/v2\/types\/post"}],"author":[{"embeddable":true,"href":"https:\/\/gnews.cz\/es\/wp-json\/wp\/v2\/users\/6"}],"replies":[{"embeddable":true,"href":"https:\/\/gnews.cz\/es\/wp-json\/wp\/v2\/comments?post=29626"}],"version-history":[{"count":0,"href":"https:\/\/gnews.cz\/es\/wp-json\/wp\/v2\/posts\/29626\/revisions"}],"wp:featuredmedia":[{"embeddable":true,"href":"https:\/\/gnews.cz\/es\/wp-json\/wp\/v2\/media\/29627"}],"wp:attachment":[{"href":"https:\/\/gnews.cz\/es\/wp-json\/wp\/v2\/media?parent=29626"}],"wp:term":[{"taxonomy":"category","embeddable":true,"href":"https:\/\/gnews.cz\/es\/wp-json\/wp\/v2\/categories?post=29626"},{"taxonomy":"post_tag","embeddable":true,"href":"https:\/\/gnews.cz\/es\/wp-json\/wp\/v2\/tags?post=29626"}],"curies":[{"name":"wp","href":"https:\/\/api.w.org\/{rel}","templated":true}]}}