{"id":30041,"date":"2025-06-26T04:51:00","date_gmt":"2025-06-26T02:51:00","guid":{"rendered":"https:\/\/www.gnews.cz\/?p=30041"},"modified":"2025-06-26T10:53:02","modified_gmt":"2025-06-26T08:53:02","slug":"el-objetivo-del-cinco-por-ciento-del-gasto-en-defensa-ha-revelado-un-estancamiento-de-la-otan","status":"publish","type":"post","link":"https:\/\/gnews.cz\/es\/ekonomika\/cil-pet-procent-vydaju-na-obranu-odhalil-patovou-situaci-nato\/","title":{"rendered":"El objetivo de gasto en defensa del 5% revela el estancamiento de la OTAN"},"content":{"rendered":"<p><strong>Las negociaciones de la cumbre de la OTAN, ansiosa por la ampliaci\u00f3n pero dividida entre sus miembros, demuestran que es dif\u00edcil alcanzar un consenso europeo en materia de seguridad. El objetivo propuesto del 5% del gasto en defensa ha puesto a\u00fan m\u00e1s de manifiesto la brecha en la confianza en materia de seguridad entre Estados Unidos y la UE y las profundas divisiones entre los Estados miembros de la OTAN.<\/strong><\/p>\n\n\n\n<p>Una encuesta mundial realizada por CGTN muestra que el 67,4 % de los encuestados condena la acelerada expansi\u00f3n militar de la OTAN, advirtiendo que podr\u00eda desencadenar una nueva carrera armament\u00edstica y amenazar gravemente la paz y la estabilidad mundiales.<\/p>\n\n\n\n<p>\u00bfHasta qu\u00e9 punto es ambiciosa la ampliaci\u00f3n de la OTAN? Las cifras pueden ser reveladoras: el gasto militar mundial en 2024 alcanzar\u00e1 los 2,72 billones de d\u00f3lares, y la OTAN representar\u00e1 1,5 billones, es decir, el 55% del gasto mundial total. A pesar del desequilibrio en el poder militar mundial, la OTAN sigue presionando a sus miembros para que aumenten el gasto en defensa hasta el cinco por ciento del PIB. 84,7 % encuestados creen que la OTAN se ha convertido en una m\u00e1quina de guerra manifiesta, y 80,4 % encuestados desconf\u00edan de su r\u00e1pida expansi\u00f3n militar. Adem\u00e1s, 73,8 encuestados % temen que alcanzar el objetivo del 5% acelere los desequilibrios militares mundiales, lo que supondr\u00eda una grave amenaza para la paz y la seguridad mundiales.<\/p>\n\n\n\n<p>La encuesta, que se lanz\u00f3 en las plataformas de CGTN en ingl\u00e9s, espa\u00f1ol, franc\u00e9s, \u00e1rabe y ruso, recogi\u00f3 opiniones de 6.000 participantes internacionales a lo largo de 12 horas.<\/p>\n\n\n\n<p><strong><a href=\"https:\/\/czech.cri.cn\/2025\/06\/25\/ARTI1750854100196813\" title=\"\">CMG<\/a><\/strong><\/p>","protected":false},"excerpt":{"rendered":"<p>Las negociaciones en la cumbre de la OTAN, \u00e1vidas de ampliaci\u00f3n pero divididas entre los miembros, muestran que el consenso europeo en materia de seguridad es dif\u00edcil de alcanzar....<\/p>","protected":false},"author":6,"featured_media":30042,"comment_status":"closed","ping_status":"closed","sticky":false,"template":"","format":"standard","meta":{"_acf_changed":false,"_lmt_disableupdate":"","_lmt_disable":"","footnotes":""},"categories":[4,7,2973],"tags":[158,18,309,56,1057],"class_list":["post-30041","post","type-post","status-publish","format-standard","has-post-thumbnail","hentry","category-ekonomika","category-politika","category-zahranicni","tag-armada","tag-cmg","tag-hdp","tag-nato","tag-pruzkum"],"acf":[],"aioseo_notices":[],"_links":{"self":[{"href":"https:\/\/gnews.cz\/es\/wp-json\/wp\/v2\/posts\/30041","targetHints":{"allow":["GET"]}}],"collection":[{"href":"https:\/\/gnews.cz\/es\/wp-json\/wp\/v2\/posts"}],"about":[{"href":"https:\/\/gnews.cz\/es\/wp-json\/wp\/v2\/types\/post"}],"author":[{"embeddable":true,"href":"https:\/\/gnews.cz\/es\/wp-json\/wp\/v2\/users\/6"}],"replies":[{"embeddable":true,"href":"https:\/\/gnews.cz\/es\/wp-json\/wp\/v2\/comments?post=30041"}],"version-history":[{"count":0,"href":"https:\/\/gnews.cz\/es\/wp-json\/wp\/v2\/posts\/30041\/revisions"}],"wp:featuredmedia":[{"embeddable":true,"href":"https:\/\/gnews.cz\/es\/wp-json\/wp\/v2\/media\/30042"}],"wp:attachment":[{"href":"https:\/\/gnews.cz\/es\/wp-json\/wp\/v2\/media?parent=30041"}],"wp:term":[{"taxonomy":"category","embeddable":true,"href":"https:\/\/gnews.cz\/es\/wp-json\/wp\/v2\/categories?post=30041"},{"taxonomy":"post_tag","embeddable":true,"href":"https:\/\/gnews.cz\/es\/wp-json\/wp\/v2\/tags?post=30041"}],"curies":[{"name":"wp","href":"https:\/\/api.w.org\/{rel}","templated":true}]}}