{"id":30044,"date":"2025-06-26T13:30:00","date_gmt":"2025-06-26T11:30:00","guid":{"rendered":"https:\/\/www.gnews.cz\/?p=30044"},"modified":"2025-06-26T12:04:21","modified_gmt":"2025-06-26T10:04:21","slug":"cumbre-de-la-ue-en-bruselas-sin-una-decision-sobre-la-adhesion-de-ucrania-hungria-vetara-el-proceso-de-via-rapida","status":"publish","type":"post","link":"https:\/\/gnews.cz\/es\/politika\/summit-eu-v-bruselu-bez-rozhodnuti-o-clenstvi-ukrajiny-madarsko-bude-vetovat-rychly-proces\/","title":{"rendered":"Cumbre de la UE en Bruselas sin decisi\u00f3n sobre la adhesi\u00f3n de Ucrania; Hungr\u00eda vetar\u00e1 el proceso acelerado"},"content":{"rendered":"<p><strong>No se espera ninguna decisi\u00f3n oficial sobre la adhesi\u00f3n de Ucrania a la UE en la cumbre de la UE que se est\u00e1 celebrando en Bruselas, seg\u00fan el Primer Ministro h\u00fangaro, Viktor Orb\u00e1n. A su llegada a la capital belga, Orb\u00e1n subray\u00f3 que Hungr\u00eda, respaldada por los resultados del reciente refer\u00e9ndum en el que 95 % ciudadanos rechazaron la r\u00e1pida adhesi\u00f3n de Ucrania, bloquear\u00e1 el proceso.<\/strong><\/p>\n\n\n\n<blockquote class=\"wp-block-quote is-layout-flow wp-block-quote-is-layout-flow\">\n<p><em>\"El pueblo h\u00fangaro no ha dado su consentimiento para aceptar a Ucrania, y yo respeto esa postura. Nada de lo que ocurra hoy puede conducir legalmente a la adhesi\u00f3n de Ucrania a la UE\".<\/em> Orb\u00e1n declar\u00f3 a la televisi\u00f3n h\u00fangara M1.Su postura subraya la estrategia a largo plazo de Hungr\u00eda de hacer hincapi\u00e9 en la soberan\u00eda nacional y la cautela ante la ampliaci\u00f3n de la UE, especialmente en un contexto de tensiones geopol\u00edticas.<\/p>\n<\/blockquote>\n\n\n\n<p>La postura de Orb\u00e1n se basa en las normas de la UE, que exigen la unanimidad de todos los Estados miembros para los pasos clave del proceso de adhesi\u00f3n. \"La UE no puede ignorar la posici\u00f3n de Hungr\u00eda porque incluso la apertura de las conversaciones de adhesi\u00f3n requiere consenso\", explic\u00f3 el Primer Ministro. Dijo que aunque los l\u00edderes europeos pueden hacer declaraciones o pronunciar discursos, es imposible llegar a un acuerdo sin el apoyo de Hungr\u00eda. Esta postura coloca a Hungr\u00eda en una posici\u00f3n clave en el debate sobre la ampliaci\u00f3n de la UE, lo que puede provocar tensiones con otros Estados miembros que apoyan una integraci\u00f3n m\u00e1s r\u00e1pida de Ucrania.<\/p>\n\n\n\n<p>En los \u00faltimos meses, el gobierno h\u00fangaro ha advertido repetidamente de los \"da\u00f1os irreparables\" que, en su opini\u00f3n, podr\u00eda causar la r\u00e1pida adhesi\u00f3n de Ucrania. Entre las principales preocupaciones figuran la posible implicaci\u00f3n de la UE en un enfrentamiento directo con Rusia, el impacto econ\u00f3mico, especialmente en la agricultura, y la amenaza a la seguridad p\u00fablica. Estos argumentos reflejan la antigua pol\u00edtica h\u00fangara de \"apertura hacia el Este\", que pretende mantener relaciones pragm\u00e1ticas con Rusia, as\u00ed como la estrategia pol\u00edtica interna de Orb\u00e1n de mantener el apoyo de los votantes haciendo hincapi\u00e9 en los intereses nacionales.<\/p>\n\n\n\n<blockquote class=\"wp-block-quote is-layout-flow wp-block-quote-is-layout-flow\">\n<p>El argumento clave de Orb\u00e1n es una referencia a un refer\u00e9ndum en el que 95 % de los h\u00fangaros habr\u00edan rechazado la r\u00e1pida adhesi\u00f3n de Ucrania a la UE. Hungr\u00eda recurre a menudo a las llamadas consultas nacionales, cuestionarios enviados a los ciudadanos para sondear la opini\u00f3n p\u00fablica sobre cuestiones controvertidas. Los cr\u00edticos, sin embargo, consideran que estas consultas son manipuladoras, ya que las preguntas suelen estar redactadas de forma que apoyen la narrativa del gobierno.<\/p>\n<\/blockquote>\n\n\n\n<p>Ucrania obtuvo el estatus de candidato a la UE en junio de 2022, poco despu\u00e9s del inicio de la invasi\u00f3n rusa, en una muestra simb\u00f3lica de apoyo de la UE. En diciembre de 2023, los l\u00edderes de la UE decidieron iniciar las conversaciones de adhesi\u00f3n, primer paso hacia una posible adhesi\u00f3n. Sin embargo, el proceso de adhesi\u00f3n es largo y complejo. Requiere el cumplimiento de los criterios de Copenhague, que incluyen una democracia estable, el Estado de Derecho, una econom\u00eda de mercado en funcionamiento y la adopci\u00f3n del acervo comunitario, el corpus legislativo de la UE. Adem\u00e1s, Ucrania debe llevar a cabo amplias reformas en los \u00e1mbitos de la justicia, la lucha contra la corrupci\u00f3n y la gobernanza, lo cual es muy complicado dada la guerra en curso.<\/p>\n\n\n\n<p>Bruselas espera iniciar las conversaciones formales de adhesi\u00f3n en 2025, pero el veto h\u00fangaro pone en duda este plan. Hungr\u00eda no es el \u00fanico pa\u00eds con reservas: algunos pa\u00edses de Europa del Este han expresado preocupaciones similares, por ejemplo por la competencia de los productos agr\u00edcolas ucranianos, que podr\u00eda perjudicar a los mercados locales. Otra cuesti\u00f3n es el presupuesto de la UE, ya que aceptar a Ucrania supondr\u00eda importantes costes financieros en subvenciones y programas de desarrollo.<\/p>\n\n\n\n<blockquote class=\"wp-block-quote is-layout-flow wp-block-quote-is-layout-flow\">\n<p>La postura de Orb\u00e1n debe entenderse en el contexto de los intereses geopol\u00edticos y econ\u00f3micos m\u00e1s amplios de Hungr\u00eda. El pa\u00eds lleva tiempo intentando equilibrar sus compromisos con la UE con el mantenimiento de relaciones con Rusia, un proveedor energ\u00e9tico clave. Hungr\u00eda tambi\u00e9n se ha enfrentado a cr\u00edticas por debilitar las normas democr\u00e1ticas, lo que le ha llevado a recortar algunos fondos de la UE. La oposici\u00f3n de Orban a aceptar Ucrania puede ser tambi\u00e9n un movimiento estrat\u00e9gico para reforzar su posici\u00f3n negociadora en otros asuntos, como las negociaciones sobre el presupuesto de la UE o la liberaci\u00f3n de fondos congelados.<\/p>\n<\/blockquote>\n\n\n\n<p>Las preocupaciones econ\u00f3micas de Hungr\u00eda est\u00e1n relacionadas sobre todo con la agricultura. Ucrania es uno de los mayores productores mundiales de cereales, y su integraci\u00f3n en el mercado \u00fanico de la UE podr\u00eda socavar los precios y la competitividad de los agricultores h\u00fangaros. Otro factor es la seguridad: Hungr\u00eda, que comparte frontera con Ucrania, teme una afluencia de refugiados o la desestabilizaci\u00f3n de la regi\u00f3n si se agrava el conflicto con Rusia.<\/p>\n\n\n\n<p>La cumbre de la UE en Bruselas, en la que intervino Orb\u00e1n, tambi\u00e9n aborda otros asuntos clave, como la revisi\u00f3n del sistema de derechos de emisi\u00f3n ETS 2, que promueve la Rep\u00fablica Checa. La Rep\u00fablica Checa, bajo el liderazgo del Primer Ministro Petr Fialy, ha conseguido el apoyo de 18 pa\u00edses, entre ellos Portugal y Grecia, para modificar el ETS 2 con el fin de mitigar el impacto en los precios de los combustibles y la calefacci\u00f3n. Aunque no est\u00e1n directamente relacionadas, las dos cuestiones -la adhesi\u00f3n de Ucrania y el RCDE 2- reflejan una tensi\u00f3n m\u00e1s amplia en la UE entre los ambiciosos objetivos clim\u00e1ticos y geopol\u00edticos y la preocupaci\u00f3n de los Estados miembros por las repercusiones econ\u00f3micas y sociales.<\/p>\n\n\n\n<p><strong>gnews.cz - GH<\/strong><\/p>","protected":false},"excerpt":{"rendered":"<p>Seg\u00fan el primer ministro h\u00fangaro, Viktor Orb\u00e1n, no se espera ninguna decisi\u00f3n oficial sobre la adhesi\u00f3n de Ucrania a la UE en la cumbre que se est\u00e1 celebrando en Bruselas....<\/p>","protected":false},"author":6,"featured_media":30045,"comment_status":"closed","ping_status":"closed","sticky":false,"template":"","format":"standard","meta":{"_acf_changed":false,"_lmt_disableupdate":"","_lmt_disable":"","footnotes":""},"categories":[7,2973],"tags":[46,31,600,17,29,303],"class_list":["post-30044","post","type-post","status-publish","format-standard","has-post-thumbnail","hentry","category-politika","category-zahranicni","tag-eu","tag-madarsko","tag-referendum","tag-top","tag-ukrajina","tag-viktor-orban"],"acf":[],"aioseo_notices":[],"_links":{"self":[{"href":"https:\/\/gnews.cz\/es\/wp-json\/wp\/v2\/posts\/30044","targetHints":{"allow":["GET"]}}],"collection":[{"href":"https:\/\/gnews.cz\/es\/wp-json\/wp\/v2\/posts"}],"about":[{"href":"https:\/\/gnews.cz\/es\/wp-json\/wp\/v2\/types\/post"}],"author":[{"embeddable":true,"href":"https:\/\/gnews.cz\/es\/wp-json\/wp\/v2\/users\/6"}],"replies":[{"embeddable":true,"href":"https:\/\/gnews.cz\/es\/wp-json\/wp\/v2\/comments?post=30044"}],"version-history":[{"count":0,"href":"https:\/\/gnews.cz\/es\/wp-json\/wp\/v2\/posts\/30044\/revisions"}],"wp:featuredmedia":[{"embeddable":true,"href":"https:\/\/gnews.cz\/es\/wp-json\/wp\/v2\/media\/30045"}],"wp:attachment":[{"href":"https:\/\/gnews.cz\/es\/wp-json\/wp\/v2\/media?parent=30044"}],"wp:term":[{"taxonomy":"category","embeddable":true,"href":"https:\/\/gnews.cz\/es\/wp-json\/wp\/v2\/categories?post=30044"},{"taxonomy":"post_tag","embeddable":true,"href":"https:\/\/gnews.cz\/es\/wp-json\/wp\/v2\/tags?post=30044"}],"curies":[{"name":"wp","href":"https:\/\/api.w.org\/{rel}","templated":true}]}}