{"id":30270,"date":"2025-07-01T22:00:00","date_gmt":"2025-07-01T20:00:00","guid":{"rendered":"https:\/\/www.gnews.cz\/?p=30270"},"modified":"2025-07-01T20:25:44","modified_gmt":"2025-07-01T18:25:44","slug":"putin-y-macron-reanudan-el-dialogo-tras-tres-anos-hablando-de-ucrania-y-oriente-medio","status":"publish","type":"post","link":"https:\/\/gnews.cz\/es\/tema\/putin-a-macron-obnovili-dialog-po-trech-letech-hovorili-o-ukrajine-a-blizkem-vychode\/","title":{"rendered":"Putin y Macron reanudaron el di\u00e1logo despu\u00e9s de tres a\u00f1os. Hablaron de Ucrania y Oriente Pr\u00f3ximo"},"content":{"rendered":"<p><strong>MOSC\u00da\/PAR\u00cdS - El presidente ruso, Vlad\u00edmir Putin, y el presidente franc\u00e9s, Emmanuel Macron, hablaron por tel\u00e9fono el lunes por primera vez desde 2022, inform\u00f3 la agencia estatal de noticias rusa TASS, citando un comunicado del Kremlin. Seg\u00fan ambas partes, la conversaci\u00f3n se centr\u00f3 en la situaci\u00f3n en Ucrania y los acontecimientos en Oriente Medio. El Kremlin calific\u00f3 las conversaciones de \"sustantivas\" y subray\u00f3 que Rusia est\u00e1 dispuesta a soluciones diplom\u00e1ticas a los conflictos actuales siempre que tengan en cuenta los intereses rusos. \"Los presidentes discutieron la situaci\u00f3n actual en Ucrania, donde Putin present\u00f3 las propuestas rusas para una soluci\u00f3n pac\u00edfica\", dijo la oficina presidencial en Mosc\u00fa.<\/strong><\/p>\n\n\n\n<p>Desde Par\u00eds se escuch\u00f3 un \u00e9nfasis diferente. Seg\u00fan Reuters, durante la llamada Macron pidi\u00f3 al presidente ruso un \"alto el fuego inmediato\" en Ucrania y subray\u00f3 la necesidad de respetar el derecho internacional. La parte francesa tambi\u00e9n dijo que Macron apel\u00f3 a Rusia para que ayude a reducir las tensiones en Oriente Medio. Las conversaciones se producen en un momento en el que prosigue la invasi\u00f3n rusa de Ucrania y aumentan las tensiones en Gaza y L\u00edbano. Se trata del primer contacto directo entre los dos estadistas desde el inicio de la guerra en Ucrania, cuando las relaciones franco-rusas estaban congeladas. Los analistas pol\u00edticos ven en esta llamada un esfuerzo de Par\u00eds por reabrir los canales diplom\u00e1ticos hacia Mosc\u00fa, a pesar de las tensas relaciones entre Rusia y los Estados occidentales. Sin embargo, a\u00fan no est\u00e1 claro si la conversaci\u00f3n desembocar\u00e1 en alg\u00fan resultado concreto.<\/p>\n\n\n\n<p><strong>gnews.cz - GH<\/strong><\/p>","protected":false},"excerpt":{"rendered":"<p>MOSC\u00da\/PAR\u00cdS - El presidente ruso, Vlad\u00edmir Putin, y el presidente franc\u00e9s, Emmanuel Macron, hablaron por tel\u00e9fono el lunes por primera vez desde 2022,...<\/p>","protected":false},"author":2,"featured_media":30272,"comment_status":"closed","ping_status":"closed","sticky":false,"template":"","format":"standard","meta":{"_acf_changed":false,"_lmt_disableupdate":"","_lmt_disable":"","footnotes":""},"categories":[3,7,1,2973],"tags":[78,43,3774,10,3614,26,17,41],"class_list":["post-30270","post","type-post","status-publish","format-standard","has-post-thumbnail","hentry","category-neprehlednete","category-politika","category-tema","category-zahranicni","tag-evropa","tag-francie","tag-macron","tag-news","tag-putin","tag-rusko","tag-top","tag-world"],"acf":[],"aioseo_notices":[],"_links":{"self":[{"href":"https:\/\/gnews.cz\/es\/wp-json\/wp\/v2\/posts\/30270","targetHints":{"allow":["GET"]}}],"collection":[{"href":"https:\/\/gnews.cz\/es\/wp-json\/wp\/v2\/posts"}],"about":[{"href":"https:\/\/gnews.cz\/es\/wp-json\/wp\/v2\/types\/post"}],"author":[{"embeddable":true,"href":"https:\/\/gnews.cz\/es\/wp-json\/wp\/v2\/users\/2"}],"replies":[{"embeddable":true,"href":"https:\/\/gnews.cz\/es\/wp-json\/wp\/v2\/comments?post=30270"}],"version-history":[{"count":0,"href":"https:\/\/gnews.cz\/es\/wp-json\/wp\/v2\/posts\/30270\/revisions"}],"wp:featuredmedia":[{"embeddable":true,"href":"https:\/\/gnews.cz\/es\/wp-json\/wp\/v2\/media\/30272"}],"wp:attachment":[{"href":"https:\/\/gnews.cz\/es\/wp-json\/wp\/v2\/media?parent=30270"}],"wp:term":[{"taxonomy":"category","embeddable":true,"href":"https:\/\/gnews.cz\/es\/wp-json\/wp\/v2\/categories?post=30270"},{"taxonomy":"post_tag","embeddable":true,"href":"https:\/\/gnews.cz\/es\/wp-json\/wp\/v2\/tags?post=30270"}],"curies":[{"name":"wp","href":"https:\/\/api.w.org\/{rel}","templated":true}]}}