{"id":30543,"date":"2025-07-07T20:20:17","date_gmt":"2025-07-07T18:20:17","guid":{"rendered":"https:\/\/www.gnews.cz\/?p=30543"},"modified":"2025-07-07T20:20:29","modified_gmt":"2025-07-07T18:20:29","slug":"eeuu-impone-25-aranceles-a-las-importaciones-de-japon-y-corea-del-sur-aumentan-las-tensiones-comerciales-mundiales","status":"publish","type":"post","link":"https:\/\/gnews.cz\/es\/ekonomika\/usa-uvali-25-clo-na-dovoz-z-japonska-a-jizni-koreje-napeti-v-globalnim-obchodu-roste\/","title":{"rendered":"EE.UU. impone un arancel de 25% a las importaciones de Jap\u00f3n y Corea del Sur, y aumentan las tensiones comerciales mundiales"},"content":{"rendered":"<p><strong>WASHINGTON - Estados Unidos impondr\u00e1 un arancel del 25 por ciento a las importaciones de Jap\u00f3n y Corea del Sur a partir del 1 de agosto de 2025, anunci\u00f3 el presidente estadounidense, Donald Trump, a trav\u00e9s de cartas a los l\u00edderes de esos pa\u00edses.<\/strong><\/p>\n\n\n\n<p>Los mensajes, publicados en la red social Truth de Trump, destacan los prolongados d\u00e9ficits comerciales de Estados Unidos y acusan a ambos pa\u00edses asi\u00e1ticos de pr\u00e1cticas comerciales desleales. La medida llega tras la decisi\u00f3n del presidente en abril, cuando anunci\u00f3 la imposici\u00f3n de aranceles base de 10% a la mayor\u00eda de las econom\u00edas del mundo, con aranceles adicionales \"rec\u00edprocos\" suspendidos temporalmente hasta el 9 de julio.<\/p>\n\n\n\n<p>La administraci\u00f3n ha aclarado ahora que los nuevos aranceles entrar\u00e1n en vigor el 1 de agosto, y que los niveles espec\u00edficos para cada pa\u00eds se determinar\u00e1n con el tiempo. Seg\u00fan un informe de la CNN, Trump advirti\u00f3 en sendas cartas al primer ministro japon\u00e9s, Shigeru Ishiiba, y al presidente surcoreano, Yi Che-myung, de que cualquier represalia en forma de contramedidas provocar\u00eda nuevos aumentos de los aranceles estadounidenses.<\/p>\n\n\n\n<blockquote class=\"wp-block-quote is-layout-flow wp-block-quote-is-layout-flow\">\n<p><em>\"Si ponen aranceles a nuestros productos, doblaremos los suyos\".<\/em> dijo Trump en \"Truth Social\". Los mercados financieros estadounidenses reaccionaron al anuncio con ca\u00eddas: el \u00edndice Dow Jones perdi\u00f3 530 puntos (1,2 %), el S&amp;P 500 baj\u00f3 0,87 % y el Nasdaq cay\u00f3 0,9 %. Los analistas advierten de que los nuevos aranceles podr\u00edan elevar los precios de los bienes importados, especialmente los productos electr\u00f3nicos y los autom\u00f3viles, lo que afectar\u00eda a los consumidores estadounidenses.<\/p>\n<\/blockquote>\n\n\n\n<p>La BBC se\u00f1alaba en su art\u00edculo que Jap\u00f3n ya se enfrenta a importantes restricciones comerciales por parte de Estados Unidos. Adem\u00e1s del derecho b\u00e1sico de 10% sobre la mayor\u00eda de las exportaciones a EE.UU., existe un derecho de 25% sobre los autom\u00f3viles y sus piezas y de hasta 50% sobre el acero y el aluminio.<\/p>\n\n\n\n<p>En Truth Social, Trump critic\u00f3 a Jap\u00f3n por negarse supuestamente a importar arroz estadounidense, a pesar de lo que dijo era una escasez de alimentos. <em>\"Jap\u00f3n cree que puede vender a Estados Unidos sus productos pero impedir la importaci\u00f3n de los nuestros. Eso se acabar\u00e1\".<\/em> escribi\u00f3 el presidente. El gobierno japon\u00e9s a\u00fan no ha respondido al anuncio, pero fuentes pr\u00f3ximas al primer ministro Ishiba afirman que est\u00e1 preparando consultas con sus socios comerciales en Asia.<\/p>\n\n\n\n<p>El an\u00e1lisis de The Guardian destaca el impacto potencial en las cadenas de suministro mundiales. Corea del Sur, productor clave de semiconductores y productos electr\u00f3nicos, podr\u00eda verse especialmente afectada. Seg\u00fan el peri\u00f3dico, empresas como Samsung y LG, que tienen un mercado importante en Estados Unidos, ya est\u00e1n considerando trasladar parte de la producci\u00f3n a otros pa\u00edses para eludir los aranceles. The Guardian tambi\u00e9n advierte del riesgo de medidas de represalia que podr\u00edan llevar a una mayor escalada de la guerra comercial. <em>\"Las pol\u00edticas proteccionistas de Trump podr\u00edan desestabilizar la econom\u00eda mundial\".<\/em> dijo el analista econ\u00f3mico <strong>Paul Donovan<\/strong>.<\/p>\n\n\n\n<p>Fox News se ha centrado en la ret\u00f3rica de Trump que hace hincapi\u00e9 en proteger los empleos estadounidenses. <em>\"El presidente Trump est\u00e1 cumpliendo sus promesas de comercio justo. Jap\u00f3n y Corea del Sur no pueden permitirse perjudicar a las empresas estadounidenses\"<\/em> dijo el comentarista de Fox News <strong>Sean Hannity<\/strong>. La emisora tambi\u00e9n cit\u00f3 a Trump diciendo que los aranceles son parte de una estrategia m\u00e1s amplia de \"Am\u00e9rica Primero\" para fortalecer las industrias nacionales, en particular la producci\u00f3n de acero y autom\u00f3viles.<\/p>\n\n\n\n<blockquote class=\"wp-block-quote is-layout-flow wp-block-quote-is-layout-flow\">\n<p>Los expertos afirman que los nuevos aranceles podr\u00edan tener consecuencias de gran alcance. El aumento de los precios de los productos importados podr\u00eda acelerar la inflaci\u00f3n en Estados Unidos, mientras que las medidas de represalia de Jap\u00f3n y Corea del Sur podr\u00edan perjudicar a los exportadores estadounidenses, como los agricultores. <em>\"Es una situaci\u00f3n en la que todos ganan\".<\/em> afirm\u00f3 un analista del think tank Peterson Institute for International Economics, citado por la CNN.<\/p>\n<\/blockquote>\n\n\n\n<p><br>Jap\u00f3n y Corea del Sur a\u00fan no han respondido oficialmente, pero fuentes diplom\u00e1ticas sugieren que ambos pa\u00edses est\u00e1n estudiando la posibilidad de presentar una queja ante la Organizaci\u00f3n Mundial del Comercio (OMC).<\/p>\n\n\n\n<p>La administraci\u00f3n Trump a\u00fan no ha publicado detalles sobre qu\u00e9 productos espec\u00edficos estar\u00e1n sujetos a los aranceles, pero se espera que las medidas afecten principalmente a los autom\u00f3viles, la electr\u00f3nica y el acero. El Departamento de Comercio de Estados Unidos dijo que en las pr\u00f3ximas semanas se dar\u00e1n a conocer m\u00e1s detalles. Mientras tanto, los mercados mundiales se preparan para un periodo turbulento a medida que crece la incertidumbre en torno a la pol\u00edtica comercial estadounidense.<\/p>\n\n\n\n<p><strong>gnews.cz - GH<\/strong><\/p>","protected":false},"excerpt":{"rendered":"<p>WASHINGTON - Estados Unidos impondr\u00e1 un arancel del 25% a las importaciones procedentes de Jap\u00f3n y Corea del Sur a partir del 1 de agosto de 2025, seg\u00fan anunci\u00f3 el presidente...<\/p>","protected":false},"author":6,"featured_media":30544,"comment_status":"closed","ping_status":"closed","sticky":false,"template":"","format":"standard","meta":{"_acf_changed":false,"_lmt_disableupdate":"","_lmt_disable":"","footnotes":""},"categories":[4,7,2973],"tags":[1305,496,24,408,17,38],"class_list":["post-30543","post","type-post","status-publish","format-standard","has-post-thumbnail","hentry","category-ekonomika","category-politika","category-zahranicni","tag-cla","tag-donald-trump","tag-japonsko","tag-jizni-korea","tag-top","tag-usa"],"acf":[],"aioseo_notices":[],"_links":{"self":[{"href":"https:\/\/gnews.cz\/es\/wp-json\/wp\/v2\/posts\/30543","targetHints":{"allow":["GET"]}}],"collection":[{"href":"https:\/\/gnews.cz\/es\/wp-json\/wp\/v2\/posts"}],"about":[{"href":"https:\/\/gnews.cz\/es\/wp-json\/wp\/v2\/types\/post"}],"author":[{"embeddable":true,"href":"https:\/\/gnews.cz\/es\/wp-json\/wp\/v2\/users\/6"}],"replies":[{"embeddable":true,"href":"https:\/\/gnews.cz\/es\/wp-json\/wp\/v2\/comments?post=30543"}],"version-history":[{"count":0,"href":"https:\/\/gnews.cz\/es\/wp-json\/wp\/v2\/posts\/30543\/revisions"}],"wp:featuredmedia":[{"embeddable":true,"href":"https:\/\/gnews.cz\/es\/wp-json\/wp\/v2\/media\/30544"}],"wp:attachment":[{"href":"https:\/\/gnews.cz\/es\/wp-json\/wp\/v2\/media?parent=30543"}],"wp:term":[{"taxonomy":"category","embeddable":true,"href":"https:\/\/gnews.cz\/es\/wp-json\/wp\/v2\/categories?post=30543"},{"taxonomy":"post_tag","embeddable":true,"href":"https:\/\/gnews.cz\/es\/wp-json\/wp\/v2\/tags?post=30543"}],"curies":[{"name":"wp","href":"https:\/\/api.w.org\/{rel}","templated":true}]}}