{"id":30720,"date":"2025-07-10T20:00:00","date_gmt":"2025-07-10T18:00:00","guid":{"rendered":"https:\/\/www.gnews.cz\/?p=30720"},"modified":"2025-07-10T19:23:14","modified_gmt":"2025-07-10T17:23:14","slug":"el-primer-ministro-fiala-tras-la-reunion-de-la-coalicion-de-voluntarios-si-queremos-la-paz-en-europa-no-debemos-retroceder","status":"publish","type":"post","link":"https:\/\/gnews.cz\/es\/politika\/premier-fiala-po-jednani-koalice-ochotnych-pokud-chceme-v-evrope-mir-nesmime-ustupovat\/","title":{"rendered":"El Primer Ministro Fiala tras la reuni\u00f3n de la coalici\u00f3n de voluntarios: si queremos la paz en Europa, no debemos retroceder"},"content":{"rendered":"<p><strong>El primer ministro checo, Petr Fiala, particip\u00f3 por videoconferencia en una reuni\u00f3n con los l\u00edderes de la llamada Coalici\u00f3n de Voluntarios organizada por el Reino Unido. Los l\u00edderes debatieron en particular opciones de alto el fuego, m\u00e1s apoyo militar a Ucrania y presi\u00f3n econ\u00f3mica sobre Rusia. Por primera vez, tambi\u00e9n asistieron a la reuni\u00f3n representantes estadounidenses.<\/strong><\/p>\n\n\n\n<blockquote class=\"wp-block-quote is-layout-flow wp-block-quote-is-layout-flow\">\n<p><em>\"Hoy ha sido la mayor reuni\u00f3n hasta la fecha de la Coalici\u00f3n de Voluntarios. Se han reunido m\u00e1s de treinta pa\u00edses, y por primera vez incluso Estados Unidos ha participado en la reuni\u00f3n. Si queremos la paz en Europa, no debemos ceder ante los agresores. Por eso mantuvimos un debate muy concreto sobre sanciones, sobre suministros militares y, sobre todo, sobre c\u00f3mo conseguir que Rusia acepte un alto el fuego y se siente a la mesa de negociaciones\".<\/em> declar\u00f3 el Primer Ministro Fiala tras la reuni\u00f3n.<\/p>\n<\/blockquote>\n\n\n\n<p>La Coalici\u00f3n de Voluntarios, un grupo informal de pa\u00edses que apoyan a Ucrania en su lucha contra Rusia, ha crecido en tama\u00f1o e importancia. La reuni\u00f3n del 10 de julio de 2025 fue fundamental porque incluy\u00f3 por primera vez a Estados Unidos, lo que supuso un cambio en la coordinaci\u00f3n transatl\u00e1ntica. El contexto es la actual invasi\u00f3n rusa de Ucrania, que ha causado enormes p\u00e9rdidas humanas y materiales desde febrero de 2022.<\/p>\n\n\n\n<p>La participaci\u00f3n de Estados Unidos en la Coalici\u00f3n de Voluntarios puede ser una respuesta a la creciente preocupaci\u00f3n entre los aliados europeos por un posible debilitamiento del apoyo estadounidense a Ucrania, especialmente tras el ascenso de la Administraci\u00f3n de Donald Trump. En febrero de 2025, las reuniones de Trump con Putin en Riad suscitaron la preocupaci\u00f3n de que Estados Unidos pudiera presionar para lograr un alto el fuego a expensas de los intereses ucranianos. Pero el secretario de Estado estadounidense, Marco Rubio, asegur\u00f3 que se incluir\u00eda a los aliados europeos en las conversaciones de paz.<\/p>\n\n\n\n<p><strong><a href=\"https:\/\/vlada.gov.cz\/cz\/media-centrum\/aktualne\/premier-fiala-po-jednani-koalice-ochotnych-pokud-chceme-v-evrope-mir--nesmime-ustupovat-agresorum-220702\/\" title=\"\">Vlada.cz<\/a>\/gnews.cz - GH<\/strong><\/p>","protected":false},"excerpt":{"rendered":"<p>El Primer Ministro checo, Petr Fiala, particip\u00f3 por videoconferencia en una reuni\u00f3n con los l\u00edderes de la llamada Coalici\u00f3n de Voluntarios organizada por el Reino Unido. Los l\u00edderes discutieron...<\/p>","protected":false},"author":6,"featured_media":30721,"comment_status":"closed","ping_status":"closed","sticky":false,"template":"","format":"standard","meta":{"_acf_changed":false,"_lmt_disableupdate":"","_lmt_disable":"","footnotes":""},"categories":[2968,7],"tags":[46,3855,419,26,17,29,92],"class_list":["post-30720","post","type-post","status-publish","format-standard","has-post-thumbnail","hentry","category-domaci","category-politika","tag-eu","tag-koalice-ochotnych","tag-petr-fiala","tag-rusko","tag-top","tag-ukrajina","tag-vlada"],"acf":[],"aioseo_notices":[],"_links":{"self":[{"href":"https:\/\/gnews.cz\/es\/wp-json\/wp\/v2\/posts\/30720","targetHints":{"allow":["GET"]}}],"collection":[{"href":"https:\/\/gnews.cz\/es\/wp-json\/wp\/v2\/posts"}],"about":[{"href":"https:\/\/gnews.cz\/es\/wp-json\/wp\/v2\/types\/post"}],"author":[{"embeddable":true,"href":"https:\/\/gnews.cz\/es\/wp-json\/wp\/v2\/users\/6"}],"replies":[{"embeddable":true,"href":"https:\/\/gnews.cz\/es\/wp-json\/wp\/v2\/comments?post=30720"}],"version-history":[{"count":0,"href":"https:\/\/gnews.cz\/es\/wp-json\/wp\/v2\/posts\/30720\/revisions"}],"wp:featuredmedia":[{"embeddable":true,"href":"https:\/\/gnews.cz\/es\/wp-json\/wp\/v2\/media\/30721"}],"wp:attachment":[{"href":"https:\/\/gnews.cz\/es\/wp-json\/wp\/v2\/media?parent=30720"}],"wp:term":[{"taxonomy":"category","embeddable":true,"href":"https:\/\/gnews.cz\/es\/wp-json\/wp\/v2\/categories?post=30720"},{"taxonomy":"post_tag","embeddable":true,"href":"https:\/\/gnews.cz\/es\/wp-json\/wp\/v2\/tags?post=30720"}],"curies":[{"name":"wp","href":"https:\/\/api.w.org\/{rel}","templated":true}]}}