{"id":32110,"date":"2025-08-11T21:31:40","date_gmt":"2025-08-11T19:31:40","guid":{"rendered":"https:\/\/www.gnews.cz\/?p=32110"},"modified":"2025-08-11T21:31:42","modified_gmt":"2025-08-11T19:31:42","slug":"tiras-de-verano-del-mundo-del-cambio-desde-las-guerras-arancelarias-a-las-intrigas-geopoliticas-pasando-por-el-valor-de-los-sabios-consejos","status":"publish","type":"post","link":"https:\/\/gnews.cz\/es\/ekonomika\/letni-stripky-ze-sveta-zmen-od-celnich-valek-pres-geopoliticke-intriky-k-hodnote-moudre-rady\/","title":{"rendered":"Retazos veraniegos de un mundo en cambio - De las guerras arancelarias a las intrigas geopol\u00edticas, pasando por el valor de los sabios consejos."},"content":{"rendered":"<p><strong>Los buenos consejos no tienen precio - Este es el t\u00edtulo original de una pel\u00edcula de distribuci\u00f3n animada de origen checo, producida por Comercia film Praha, que pas\u00f3 la censura el 17 de febrero de 1939 y se estren\u00f3 en febrero de 1939, abierta a los j\u00f3venes, para ser retirada de la distribuci\u00f3n el 1 de junio de 1940, quedando la Filmoteca Nacional como titular de los derechos de autor.<\/strong><\/p>\n\n\n\n<p>Hoy sabemos que se trata de una pel\u00edcula publicitaria de comprimidos de aspirina, que informa sobre una tradici\u00f3n mundial de cuarenta a\u00f1os de tomar comprimidos para resfriados, reumatismo, dolores, gripe y fiebre. Cada comprimido lleva la marca de autenticidad: la cruz de Bayer. En el tratamiento, lo que cuenta no es el precio, sino la calidad, por lo que es necesario prestar atenci\u00f3n a la autenticidad de los comprimidos de aspirina que se pueden comprar en las farmacias.<\/p>\n\n\n\n<p>No puedo dar consejos a los pol\u00edticos europeos, nacionales y locales para que caigan en el olvido, ni a los pol\u00edticos para que lleguen a los puestos de poder despu\u00e9s de las pr\u00f3ximas elecciones, d\u00f3nde y c\u00f3mo no tendr\u00e1n lugar. Porque en algunas situaciones es muy dif\u00edcil encontrar un consejo sabio, tan impasibles son las situaciones, los acontecimientos y las historias individuales, tan grande es el d\u00e9ficit de sentido com\u00fan, moral y \u00e9tica. Dicho de otro modo: Un buen consejo vale m\u00e1s que el oro es un proverbio checo que significa que un buen consejo bien pensado y \u00fatil vale m\u00e1s que cualquier cantidad de dinero, incluido el oro. Es una expresi\u00f3n de respeto por la sabidur\u00eda y la experiencia, que pueden ser inestimables en diversas situaciones que hoy no se valoran ni est\u00e1n de moda.<\/p>\n\n\n\n<p><strong>Suiza<\/strong><\/p>\n\n\n\n<p>El martillo arancelario de Trump ya hab\u00eda dividido a los diputados suizos antes de que la presidenta Keller-Sutter y el consejero federal Guy Parmelin volaran a Washington con la esperanza de mejorar el resultado de la decisi\u00f3n del presidente Trump sobre los aranceles (39%). Ingenuamente, pensaban que el presidente no cumpl\u00eda su palabra y cambiaba decisiones como calcetines, corbatas y trajes.&nbsp;<\/p>\n\n\n\n<blockquote class=\"wp-block-quote is-layout-flow wp-block-quote-is-layout-flow\">\n<p>El hecho es que los consejeros federales no han logrado ning\u00fan avance y los aranceles estadounidenses del 39% sobre las importaciones suizas est\u00e1n en vigor desde las 6 de la ma\u00f1ana del jueves 7 de agosto. En otras palabras: Au\u00dfer Spesen nichts gewesen. El modismo expresa que todos los esfuerzos y costes han sido en vano. Es una inferencia negativa que dice que el tiempo, la energ\u00eda o el dinero invertidos no han tenido un efecto positivo.<\/p>\n<\/blockquote>\n\n\n\n<p>Por qu\u00e9 fracas\u00f3 un viaje de dos d\u00edas de los consejeros federales a EE.UU. poco antes de la fecha l\u00edmite, por no hablar de las reuniones con representantes empresariales suizos (6,7) de Roche, Partners Groups y Mercuria y con el Ministro de Asuntos Exteriores Marco Rubio, que seg\u00fan Keller-Sutter era <em>intercambio de opiniones muy amistoso y abierto<\/em>? No quiso responder a ninguna otra pregunta sobre la reuni\u00f3n. Quiero creer que la Comisi\u00f3n Europea y los defensores acr\u00edticos de la Uni\u00f3n Europea aprender\u00e1n de la historia suiza, aunque las posibilidades son casi nulas. \u00bfPor qu\u00e9?<\/p>\n\n\n\n<p>El presidente Trump, que critic\u00f3 en la televisi\u00f3n estadounidense a la presidenta suiza, Karin Keller-Sutter, por <em>no quer\u00eda escuchar<\/em>y sin embargo se refiri\u00f3 a ella como <em>Estimado<\/em>Tambi\u00e9n subray\u00f3 que no la conoc\u00eda antes de la entrevista. Sin embargo, dijo que su actitud hacia posibles aranceles le preocupaba porque ella hab\u00eda propuesto una tasa arancelaria de s\u00f3lo el uno por ciento. Trump lo rechaz\u00f3. En el caso de la UE, el presidente Trump conoce bien no s\u00f3lo la personalidad, sino tambi\u00e9n los antecedentes de la jefa de la CE, von der Leyen, y de sus negociadores no elegidos, as\u00ed como la intratable y creciente dependencia de la UE respecto a Estados Unidos.<\/p>\n\n\n\n<p>Y para empeorar las cosas para los suizos, no se puede descartar que Estados Unidos incluya los lingotes de oro de un kilogramo en la categor\u00eda de bienes de alto cli. Suiza es el mayor centro mundial de procesamiento de este metal y de comercio en el mayor mercado de futuros, el Comex. El comercio se realiza en lingotes de kilogramos y el oro figura en la lista de mercanc\u00edas que Suiza exporta a Estados Unidos. Suiza no ha entendido que el mundo es una jungla, que gana el m\u00e1s fuerte y que los buenos consejos est\u00e1n por encima del oro.<\/p>\n\n\n\n<p><strong>Londres<\/strong><\/p>\n\n\n\n<p>Las villas de la exclusiva Kensington, donde alquil\u00e9 un piso, han visto caer el precio de la vivienda al menos un 20% desde 2014. La ca\u00edda de los precios inmobiliarios ha provocado el fin de las exenciones fiscales para los londinenses ricos. La demanda de propiedades en el centro de Londres tambi\u00e9n se ve frenada por el temor de los extranjeros ricos que no pueden estar seguros de la verificaci\u00f3n legal de su riqueza. En Chelsea y Kensington viven sobre todo personas adineradas. A modo de recordatorio, los citados barrios al sur de Hyde Park figuran desde hace a\u00f1os entre las zonas residenciales m\u00e1s caras de la capital brit\u00e1nica.<\/p>\n\n\n\n<p>Que conste que es un nuevo comienzo para la adormecida vida nocturna londinense. \u00bfD\u00f3nde? En el distrito financiero. Londres tiene dos problemas, entre muchos otros: edificios de oficinas vac\u00edos y una escena de bares y clubes en decadencia. En Canary Wharf, en concreto, hay enormes espacios vac\u00edos porque el personal ha estado trabajando desde casa a ra\u00edz de Covid-19. Especialmente de viernes a lunes, muchos inmuebles permanecen inutilizados. Adem\u00e1s, casi nadie vive all\u00ed. En el distrito bancario trabajan medio mill\u00f3n de personas, pero por la noche y los fines de semana, s\u00f3lo 8.500. Por eso est\u00e1 tranquilo y vac\u00edo. Por eso, el espacio de oficinas sin utilizar de la City londinense se est\u00e1 convirtiendo en el nuevo escenario de fiestas. El p\u00fablico objetivo no son los j\u00f3venes, sino los mayores de 50 a\u00f1os, m\u00e1s sociables. Tambi\u00e9n aqu\u00ed: Nada para mayores y jubilados checos y brit\u00e1nicos. La vida de fiesta desenfrenada de Londres se ha acabado y pronto se acabar\u00e1 en Praga.<\/p>\n\n\n\n<p>La carrera de la ministra Ali, nacida en Bangladesh y representante de Bethnal Green y Stepney, ha llegado a su fin y present\u00f3 su dimisi\u00f3n al Primer Ministro Starmer el jueves por la noche: <em>Con gran pesar les presento mi dimisi\u00f3n como Ministro... Siempre he cumplido los requisitos legales...\".<\/em>. <em>Creo que me he tomado en serio mis obligaciones y responsabilidades, y los hechos lo demuestran.<\/em>. S\u00ed, demuestra la hipocres\u00eda: \u00a1desaloj\u00f3 a los inquilinos de su casa para subir el alquiler 700 libras!<\/p>\n\n\n\n<p><strong>S\u00ed, Trump quiere reunirse pronto con Putin<\/strong><\/p>\n\n\n\n<p>Al parecer, durante la visita del enviado especial estadounidense Witkoff al Kremlin, Estados Unidos y Rusia han organizado una reuni\u00f3n al m\u00e1s alto nivel. Seg\u00fan los \u00faltimos informes, la reuni\u00f3n tendr\u00e1 lugar en un lugar inesperado y simb\u00f3licamente seguro, en Alaska. All\u00ed, Estados Unidos y Rusia se encuentran a s\u00f3lo 3,8 kil\u00f3metros de distancia, la distancia entre las islas Diomede, separadas por una frontera internacional de datos. En ella separan el ayer del ma\u00f1ana. Simb\u00f3licamente, esto marca una transici\u00f3n pac\u00edfica del ayer al ma\u00f1ana, en la que Mosc\u00fa puede esperar que el ultim\u00e1tum sobre Ucrania est\u00e9 fuera de la mesa por ahora. Y lo que traer\u00e1 el tiempo, s\u00f3lo Dios lo sabe y unos pocos iniciados lo sospechan o suponen.<\/p>\n\n\n\n<p>Pero los rus\u00f3fobos y los traidores a la patria deben contar con que se acerca la hora del arrepentimiento de los que son capaces de ello, y los que no, con que pasar\u00e1n a engrosar las filas de los suicidas voluntarios o involuntarios. No s\u00e9 cu\u00e1ntos de los de cada una de estas categor\u00edas viven en la cuenca checa y en otros lugares de la UE, pero s\u00ed s\u00e9 que las esquelas mortuorias no ser\u00e1n ciertas y ser\u00e1n pocas.<\/p>\n\n\n\n<blockquote class=\"wp-block-quote is-layout-flow wp-block-quote-is-layout-flow\">\n<p>Por si fuera poco, el presidente Trump inform\u00f3 al canciller Merz y a otros aliados sobre la reuni\u00f3n de su enviado especial con el jefe del Kremlin. Al parecer, la llamada dio a los aliados la impresi\u00f3n de un Trump euf\u00f3rico. En la Rep\u00fablica Checa, supongo que fue de otro modo. \u00bfPor qu\u00e9? Dar\u00e9 algunas razones:<\/p>\n<\/blockquote>\n\n\n\n<p>La estrategia de Rutte y Merz de cortejar incondicionalmente el favor de Trump (porque la qu\u00edmica es (supuestamente) la adecuada) ha llevado a ambos aspirantes a amos a convertirse en espectadores sin voluntad en el escenario geopol\u00edtico. A los titiriteros, payasos y sirvientes checos les encantar\u00eda pinchar el esponjoso TACO para ver cu\u00e1nto aire caliente contiene y si Putin ser\u00e1 el tercer hazmerre\u00edr del resto de la UE.<\/p>\n\n\n\n<p>En cualquier caso, a la impotente UE y a la OTAN se les est\u00e1 dando la oportunidad de reducir el gasto militar y prepararse para el comercio con Rusia, con nuevas reglas y no a la vieja usanza, como dec\u00eda el difunto Antonin Zapotocky: no se puede vivir a la vieja usanza. Esto tambi\u00e9n se aplica a la guerra. \u00bfQu\u00e9 quiero decir con esto?<\/p>\n\n\n\n<p><strong>Orden de Lenin a un alto funcionario de la CIA<\/strong><\/p>\n\n\n\n<p>El presidente Putin pidi\u00f3 al enviado especial del presidente Trump, Witkoff, que entregara una condecoraci\u00f3n (la Orden de Lenin) a una alta funcionaria de la CIA, la subdirectora de Innovaci\u00f3n Digital Juliane Gallin. Su hijo de 21 a\u00f1os fue asesinado en 2024 en Ucrania mientras luchaba, y maravilla del mundo, junto a las fuerzas rusas. El gesto de Putin, conocido por sus originales juegos mentales y sus intentos de exponer las debilidades de su adversario, suscitar\u00e1 preguntas como \u00e9sta: \u00bfc\u00f3mo es posible que el hijo de una funcionaria de la CIA luchara por Rusia?<\/p>\n\n\n\n<p>Para colmo, me gustar\u00eda mencionar la tragedia de julio de los brit\u00e1nicos y la OTAN en Ucrania en la retaguardia del ej\u00e9rcito ucraniano: la detenci\u00f3n de tres oficiales superiores con pasaportes diplom\u00e1ticos, uno de ellos un oficial del MI6, comunicaciones secretas y otra informaci\u00f3n en una acci\u00f3n especial de unos pocos minutos sin disparar un tiro, hacer sonar una alarma o dejar rastro. Los se\u00f1ores no ser\u00e1n extraditados ni intercambiados, sino juzgados en Rusia tras su extradici\u00f3n. All\u00ed tendr\u00e1n tiempo de conocer la historia militar de Rusia, como la diplomacia brit\u00e1nica intenta explicar a la opini\u00f3n p\u00fablica cuando son detenidos. La OTAN, sobre el tema de la detenci\u00f3n, guarda silencio. https:\/\/youtu.be\/m5h-yMeq5tA?si=o4qb9SdTsZSGpeKP<\/p>\n\n\n\n<p>Supongo que el Presidente Putin ha transmitido algunos detalles de las detenciones y otras acciones <em>Invisible<\/em> <em>unidades, <\/em>que el p\u00fablico no conoce<em>,<\/em> pero los expertos pueden identificarlos, v\u00eda Witkoff a un colega de Trump, para convencerle de que incluso con IA lo va a tener dif\u00edcil para luchar contra Rusia.<\/p>\n\n\n\n<p>Y si es cierto que el Parlamento checo prorrog\u00f3 recientemente la estancia de asesores brit\u00e1nicos en la Rep\u00fablica Checa a sugerencia del Gobierno, nadie deber\u00eda sorprenderse por la intensificaci\u00f3n de las actividades antirrusas en las campa\u00f1as electorales, la ampliaci\u00f3n de los plazos del bitcoin o el aplazamiento del caso de corrupci\u00f3n Dozimetr de septiembre a un largo retraso checo. El expediente est\u00e1 en manos del alto tribunal, que a\u00fan no se ha pronunciado sobre ninguna denuncia.<\/p>\n\n\n\n<p>En cuanto al fin de la operaci\u00f3n militar especial o el alto el fuego en Ucrania, supongo que no habr\u00e1 acuerdo en breve. Pero si se produce, ser\u00e1 respetado por Rusia, no por la UE y la OTAN. Y el presidente Trump se encontrar\u00e1 en un dilema: admitir la derrota ante Occidente, dejar de suministrar armas y financiaci\u00f3n a Ucrania y dejarlo todo en manos de Europa, o declarar la guerra a Rusia. Eso es m\u00e1s que suficiente incluso para un hombre de negocios y narcisista tan curtido, y significar\u00eda el fin para Occidente.<\/p>\n\n\n\n<p><strong>Trump quiere trasladar la producci\u00f3n de semiconductores a EEUU e imponer aranceles 100% a las importaciones<\/strong><\/p>\n\n\n\n<p>El presidente Trump lleva tiempo hablando de aranceles elevados a las importaciones de chips, y ahora ha citado la cantidad: 100 aranceles de % a las importaciones de chips en Estados Unidos. E inmediatamente mostr\u00f3 una forma de evitarlos. <em>Las empresas tendr\u00edan que elegir invertir en Estados Unidos para quedar exentas<\/em>El presidente de Apple, Tim Cook, afirm\u00f3 durante una reuni\u00f3n con \u00e9l que la exenci\u00f3n <em>buenas noticias para empresas como Apple<\/em>.<\/p>\n\n\n\n<p>Recordemos que Cook hab\u00eda anunciado poco antes un aumento de 100.000 millones de d\u00f3lares en inversiones en EE.UU. Apple ya hab\u00eda anunciado 500.000 millones de d\u00f3lares de inversi\u00f3n en EE.UU. en febrero. Es probable que los aranceles sobre los semiconductores, sin exenciones para los grandes proveedores, eleven los precios de la electr\u00f3nica en general en Estados Unidos, ya que los sistemas de chips de alta tecnolog\u00eda para iPhones y smartphones proceden casi exclusivamente de Taiw\u00e1n.<\/p>\n\n\n\n<blockquote class=\"wp-block-quote is-layout-flow wp-block-quote-is-layout-flow\">\n<p>En general, hace a\u00f1os que en Estados Unidos y Europa se intenta devolver a Occidente una mayor producci\u00f3n de chips. Para ello, el anterior presidente Biden -y posteriormente la Comisi\u00f3n Europea- recurrieron a miles de millones de d\u00f3lares en subvenciones. Trump califica esto de despilfarro de dinero y ve los aranceles como un camino mejor. La construcci\u00f3n de la f\u00e1brica de chips de la que hablan y sue\u00f1an los aspirantes a taiwaneses checos consume miles de millones de d\u00f3lares, lleva a\u00f1os y necesita minerales raros, que no est\u00e1n en la UE en las cantidades necesarias. Un buen consejo sobre el oro, aunque s\u00f3lo sea porque nunca se repiten las mismas oportunidades.<\/p>\n<\/blockquote>\n\n\n\n<p><strong>El tama\u00f1o se convierte en el enemigo<\/strong><\/p>\n\n\n\n<p>Para la leyenda de la inversi\u00f3n estadounidense Warren Buffett, el tama\u00f1o de la empresa se ha convertido en <em>por el enemigo<\/em>. La ola de \u00e9xito parece estar llegando a su fin. Desde el 3 de mayo de 2025, cuando la leyenda de 94 a\u00f1os anunci\u00f3 que se retiraba al frente de Berkshire Hathaway, las acciones de la sociedad de inversi\u00f3n han perdido aproximadamente 14 % de valor. Como recordatorio, el mercado de valores, medido por el \u00edndice S&amp;P 500, ha ganado casi 10 %, incluidos los dividendos, durante el mismo periodo. \u00bfQu\u00e9 significa esto para nuestra gente y para los inversores-especuladores desinformados? Es una se\u00f1al de alarma para los mercados burs\u00e1tiles. De lo contrario, Waren Buffett, que ama las acciones y el dinero, no se habr\u00eda desprendido de unas acciones que lo est\u00e1n haciendo peor de lo que lo han hecho en 35 a\u00f1os.<\/p>\n\n\n\n<p><strong>Brasil recurre a la OMC por los aranceles de EE.UU.<\/strong><\/p>\n\n\n\n<p>Brasil ha recurrido a la Organizaci\u00f3n Mundial del Comercio (OMC) por los aranceles estadounidenses. <em>Con estas medidas, Estados Unidos viola flagrantemente los compromisos centrales que ha contra\u00eddo en la OMC<\/em>dijo el Departamento de Estado. En concreto, desde el mi\u00e9rcoles est\u00e1n en vigor derechos de importaci\u00f3n del 50% sobre una amplia gama de productos de exportaci\u00f3n. La carne y el caf\u00e9, entre otros, est\u00e1n afectados. Quedan excluidos el zumo de naranja, los aviones civiles, el petr\u00f3leo y los fertilizantes. Seg\u00fan el Ministerio de Industria brasile\u00f1o, los aranceles punitivos afectar\u00e1n a cerca de un tercio de las exportaciones de Brasil a Estados Unidos.<\/p>\n\n\n\n<blockquote class=\"wp-block-quote is-layout-flow wp-block-quote-is-layout-flow\">\n<p>Para facilitar la comprensi\u00f3n de las negociaciones de la OMC, la llamada solicitud de consulta a la OMC es el primer paso del proceso de soluci\u00f3n de diferencias. El objetivo de las conversaciones bilaterales es encontrar una soluci\u00f3n sin emprender acciones legales formales. Sin embargo, es poco probable que el presidente Trump est\u00e9 dispuesto a negociar. \u00bfPor qu\u00e9?<\/p>\n<\/blockquote>\n\n\n\n<p>El Gobierno estadounidense sabe muy bien que la OMC est\u00e1 paralizada precisamente por la reforma del sistema de soluci\u00f3n de diferencias. La reciente justificaci\u00f3n de los elevados aranceles por el procesamiento del expresidente brasile\u00f1o Jair Bolsonaro y la simult\u00e1nea acusaci\u00f3n a Brasil de poner en peligro la seguridad nacional, la pol\u00edtica exterior y la econom\u00eda de EE.UU. representan, en la valoraci\u00f3n del autor del art\u00edculo, la creaci\u00f3n deliberada de presi\u00f3n pol\u00edtica a favor del expresidente derechista, en arresto domiciliario desde principios de semana por violar las condiciones vinculadas a su procesamiento y su papel en el intento de golpe de Estado.<\/p>\n\n\n\n<p><strong>Aplicabilidad de los aranceles de la UE y EE.UU.<\/strong><\/p>\n\n\n\n<p>Los nuevos aranceles estadounidenses ordenados por el presidente Trump sobre numerosas importaciones de la UE entraron en vigor a medianoche (6 de la ma\u00f1ana, nuestra hora). Trump lo hab\u00eda confirmado minutos antes en su plataforma Truth Social. La Comisi\u00f3n Europea hab\u00eda anticipado previamente que la nueva tasa arancelaria del 15 por ciento sobre la mayor\u00eda de las importaciones de la UE a EE.UU. no entrar\u00eda en vigor hasta ma\u00f1ana. Adem\u00e1s de la UE, cerca de 70 pa\u00edses tambi\u00e9n se ver\u00e1n afectados por el cambio arancelario, cada uno con una tasa diferente. Trump justifica su pol\u00edtica arancelaria por los d\u00e9ficits comerciales que suponen un riesgo para la seguridad nacional de EEUU, motivo del anuncio <em>emergencia nacional<\/em>que justifica los derechos y los derechos ordenados por el decreto de la semana pasada entrar\u00e1n en vigor inmediatamente. <em>Miles de millones de d\u00f3lares fluir\u00e1n hacia Estados Unidos, en su mayor\u00eda procedentes de pa\u00edses a los que Estados Unidos ha explotado y ridiculizado durante a\u00f1os,<\/em> escribi\u00f3 en may\u00fasculas.<\/p>\n\n\n\n<p>La Comisi\u00f3n Europea, por as\u00ed decirlo, interpret\u00f3 el plazo de forma diferente y a su manera hasta el final y asumi\u00f3 err\u00f3neamente que no entrar\u00eda en vigor hasta el viernes 8 de agosto. Sigue sin estar claro por qu\u00e9 ambas partes no encontraron una l\u00ednea com\u00fan a la hora de comunicar la fecha de entrada en vigor. Sin embargo, es totalmente comprensible, dada la arrogancia, la falta de voluntad para escuchar a los dem\u00e1s y la incapacidad para reconocer la realidad del presidente Trump. Ya he escrito varias veces sobre este tema, as\u00ed que no me repetir\u00e9.<\/p>\n\n\n\n<p><strong>Ciberataque contra el sistema judicial estadounidense<\/strong><\/p>\n\n\n\n<p>A \u00faltima hora de la tarde del mi\u00e9rcoles, hora local, el sitio web de noticias estadounidense Politico inform\u00f3, citando a dos personas familiarizadas con el incidente, de que el sistema electr\u00f3nico de archivo de casos se hab\u00eda visto comprometido por un ciberataque a gran escala. Seg\u00fan Politico, podr\u00edan haber quedado expuestos datos confidenciales de los tribunales. \u00bfPor qu\u00e9 menciono el ataque?<\/p>\n\n\n\n<blockquote class=\"wp-block-quote is-layout-flow wp-block-quote-is-layout-flow\">\n<p>Los abogados utilizan este sistema para cargar y gestionar los documentos de los casos. El sistema tambi\u00e9n incluye una zona en la que el p\u00fablico puede acceder a determinados datos previo pago. El Departamento de Justicia de Estados Unidos, el FBI y la Oficina de Ciberseguridad e Infraestructuras a\u00fan no han respondido a las solicitudes de comentarios. Un buen consejo sobre oro. O: qui\u00e9n sabe, que adivinen.<\/p>\n<\/blockquote>\n\n\n\n<p><strong>EE.UU. quiere aliviar las cr\u00edticas sobre derechos humanos en El Salvador, Israel y Rusia<\/strong><\/p>\n\n\n\n<p>Seg\u00fan los medios de comunicaci\u00f3n, el gobierno estadounidense quiere suavizar sus cr\u00edticas a la situaci\u00f3n de los derechos humanos en El Salvador, Israel y Rusia. As\u00ed lo inform\u00f3 el Washington Post, citando el borrador de los informes anuales sobre derechos humanos del Departamento de Estado estadounidense. Un funcionario del Departamento de Estado explic\u00f3 que los informes de 2024 se han reestructurado para evitar repeticiones y aumentar la legibilidad. Los informes no deben ser un directorio de todas y cada una de las violaciones de derechos humanos, sino ofrecer una imagen ilustrativa y amplia de la situaci\u00f3n en cada pa\u00eds. A\u00fan no se dispone de una declaraci\u00f3n oficial del Ministerio sobre el informe. Los representantes checos de los derechos humanos tienen la oportunidad de aprender algo de los estadounidenses. \u00bfPor qu\u00e9?<\/p>\n\n\n\n<p>Los derechos humanos no pueden juzgarse en el viejo sentido europeo. En lo que respecta a los derechos (humanos) digitales y a la diferencia entre los derechos humanos en Occidente y en Oriente, incluida China, las futuras \u00e9lites tendr\u00e1n que aprender r\u00e1pido a ser recibidas por alguien del Este. Recomiendo la lectura de la ponencia abreviada del autor publicada en la Rep\u00fablica Checa en la conferencia de Madrid (25.6).<\/p>\n\n\n\n<p><strong>Ir\u00e1n reestructura su aparato de seguridad<\/strong><\/p>\n\n\n\n<p>Tras la guerra contra Israel, Ir\u00e1n est\u00e1 reestructurando su aparato de seguridad y confiando en el viejo amigo Ali Larijani. Fue jefe del Consejo de Seguridad de Ir\u00e1n hace dos d\u00e9cadas y recientemente defendi\u00f3 las negociaciones con Estados Unidos.<\/p>\n\n\n\n<blockquote class=\"wp-block-quote is-layout-flow wp-block-quote-is-layout-flow\">\n<p>Ali Larijani est\u00e1 considerado uno de los pol\u00edticos m\u00e1s influyentes de Ir\u00e1n. Ahora vuelve a estar al frente del Consejo Supremo de Seguridad Nacional de la Rep\u00fablica Isl\u00e1mica de Ir\u00e1n. Los medios de comunicaci\u00f3n estatales iran\u00edes informaron el martes de que Larijani, de 68 a\u00f1os, hab\u00eda sido nombrado por el Presidente Masoud Pezeshkian nuevo Secretario General del Consejo, responsable de la pol\u00edtica exterior, de seguridad y de defensa, as\u00ed como de la supervisi\u00f3n del programa nuclear iran\u00ed. Est\u00e1 presidido por el propio presidente Pezeshkian; Larijani act\u00faa como enviado del l\u00edder supremo Ali Jamenei. \u00c9ste debe estar de acuerdo con las decisiones del comit\u00e9 para que sean ejecutables. Esto se refiere a las \u00faltimas noticias.<\/p>\n<\/blockquote>\n\n\n\n<p>Ayer (8 de julio), el primer ministro armenio Pashinyan confirm\u00f3 que, en virtud de la declaraci\u00f3n de siete puntos firmada con Azerbaiy\u00e1n en Washington ese mismo d\u00eda, Erev\u00e1n puede transferir parte de su territorio a Bak\u00fa. Contin\u00faa as\u00ed en la senda de traicionar a la naci\u00f3n armenia, salvar su propio pellejo con la ayuda de EEUU en el caso probable de que se produzcan disturbios asociados al refer\u00e9ndum sobre el intercambio y la transferencia de territorio armenio en Armenia, y debilitar la posici\u00f3n de Armenia en sus relaciones con Azerbaiy\u00e1n y Turqu\u00eda.<\/p>\n\n\n\n<p>\u00bfC\u00f3mo se comportar\u00e1 Rusia a la hora de aplicar la declaraci\u00f3n sobre <em>Puente Trump<\/em>el llamado <em>el corredor de zangezur<\/em> de unos 43 kil\u00f3metros, sobre el que escrib\u00ed hace unas semanas, viene determinado por la dependencia econ\u00f3mica de Armenia respecto a Rusia, la existencia de la base militar rusa 102, con su historia y ra\u00edces en el Imperio zarista, que fue restaurada en 1995 en Gyumri. Y por \u00faltimo, pero no por ello menos importante, las acciones y el comportamiento de las tropas privadas estadounidenses que se supone que administran el corredor y la reacci\u00f3n de Ir\u00e1n.<\/p>\n\n\n\n<p>Ya se ha dejado o\u00edr en palabras de Ali Akbar Velayati, asesor del L\u00edder Supremo de Ir\u00e1n en TK Iranist: <em>Ir\u00e1n, con o sin Rusia, impedir\u00e1 la creaci\u00f3n de este corredor<\/em>. <em>Arrendar un corredor a otro pa\u00eds es hablar ingenuamente. Trump se presenta como un ingenuo. Sus declaraciones sobre arrendar un corredor al otro lado del mundo \u00a1son como intentar arrendar el Canal de Panam\u00e1! Es imposible y no va a suceder. Por lo visto, Trump se imaginaba que era un agente inmobiliario y ahora quiere arrendar territorios enteros.<\/em> Una vez m\u00e1s, para el aspirante a pacificador Trump: un buen consejo es mejor que el oro.<\/p>\n\n\n\n<p><strong>Los dirigentes israel\u00edes votaron a favor de ampliar la guerra en Gaza<\/strong><\/p>\n\n\n\n<p>El gabinete de seguridad israel\u00ed ha aprobado un plan para tomar la ciudad de Gaza. As\u00ed lo confirm\u00f3 la oficina del primer ministro israel\u00ed Netanyahu el viernes por la ma\u00f1ana. A\u00fan no estaba claro si la toma de la ciudad de Gaza forma parte de un plan m\u00e1s amplio para tomar toda la Franja de Gaza que Israel est\u00e1 llevando a cabo, seg\u00fan Netanyahu. El canal de televisi\u00f3n N12, citando a un alto funcionario, dijo que la operaci\u00f3n, que ya se ha decidido, se centra exclusivamente en la ciudad de Gaza, en la regi\u00f3n costera del norte. La c\u00fapula del ej\u00e9rcito y la oposici\u00f3n han advertido contra una toma completa de la zona.<\/p>\n\n\n\n<p>El Gabinete de Seguridad tambi\u00e9n adopt\u00f3 el viernes por la noche cinco principios para poner fin a la guerra en la Franja de Gaza. Entre ellos, el control militar de la zona costera por Israel y el desarme completo de Ham\u00e1s, as\u00ed como la desmilitarizaci\u00f3n de la Franja de Gaza. Posteriormente, se establecer\u00e1 all\u00ed un gobierno civil alternativo.<\/p>\n\n\n\n<blockquote class=\"wp-block-quote is-layout-flow wp-block-quote-is-layout-flow\">\n<p>Les recuerdo que el ej\u00e9rcito israel\u00ed ya controla alrededor del 75% de la devastada zona costera. Desde un punto de vista militar, no es dif\u00edcil para las fuerzas armadas conquistar el resto de la Franja de Gaza. Sin embargo, el verdadero reto empezar\u00e1 tras la ocupaci\u00f3n total, que conlleva la responsabilidad de las vidas de todos los habitantes de la Franja de Gaza, el suministro de alimentos, servicios m\u00e9dicos, educaci\u00f3n y saneamiento, y garantizar as\u00ed la seguridad en medio de una poblaci\u00f3n predominantemente hostil. Adem\u00e1s, no est\u00e1 claro si una ocupaci\u00f3n militar aplastar\u00eda completamente a Ham\u00e1s o incluso la reforzar\u00eda, algo que nunca puede descartarse.<\/p>\n<\/blockquote>\n\n\n\n<p><strong>Elecciones parlamentarias en Moldavia<\/strong><\/p>\n\n\n\n<p>Paralelamente al redespliegue de las tropas ucranianas en las inmediaciones de la frontera entre Ucrania y Moldavia, las fuerzas de la OTAN se han concentrado en la zona de la base Mihai Cag\u0103lniceanu, en construcci\u00f3n en Ruman\u00eda, cerca del territorio ucraniano y moldavo.<\/p>\n\n\n\n<p>Me parece que estas maniobras se producen en la v\u00edspera <a>elecciones parlamentarias en Moldavia<\/a>que se celebrar\u00e1 el 28 de septiembre. Si gana el Bloque Patri\u00f3tico (socialistas y comunistas), los planes de Maia Sandu y su partido PAS para un Anschluss con Ruman\u00eda pueden quedar en entredicho. Por lo tanto, todo se est\u00e1 haciendo en nombre de mantener el poder en manos de la \u00e9lite prooccidental y prohibir el Bloque de la Victoria, una alianza de partidos que promueven el rumbo prorruso de Chisinau. As\u00ed lo indica, entre otras cosas, la composici\u00f3n de la comisi\u00f3n de seguimiento exterior. No se puede ayudar a quien no tiene consejo. O: Un buen consejo es mejor que el oro. El consentimiento no es necesario.<\/p>\n\n\n\n<p><strong>Jan Campbell<\/strong><\/p>","protected":false},"excerpt":{"rendered":"<p>Los buenos consejos no tienen precio - Este es el t\u00edtulo original de la pel\u00edcula de distribuci\u00f3n animada de origen checo...<\/p>","protected":false},"author":6,"featured_media":32111,"comment_status":"closed","ping_status":"closed","sticky":false,"template":"","format":"standard","meta":{"_acf_changed":false,"_lmt_disableupdate":"","_lmt_disable":"","footnotes":""},"categories":[2968,4,7,2973],"tags":[4326,4336,2761,1596,1055,4319,87,966,4320,4334,254,4324,523,3688,4321,4327,4317,4330,4094,3528,164,760,49,980,4329,4322,4323,4335,351,448,4338,4328,801,56,4325,4339,950,4331,1728,3614,4318,26,302,454,4333,17,3395,29,4332,146,28,4337,136],"class_list":["post-32110","post","type-post","status-publish","format-standard","has-post-thumbnail","hentry","category-domaci","category-ekonomika","category-politika","category-zahranicni","tag-ali","tag-ali-laridzani","tag-aljaska","tag-apple","tag-armenie-2","tag-aspirin","tag-azerbajdzan","tag-banglades","tag-bayeruv-kriz","tag-berkshire-hathaway","tag-brazilie","tag-canary-wharf","tag-cia","tag-cla-2","tag-comex","tag-diomedovy-ostrovy","tag-dobra-rada-nad-zlato","tag-dozimetr","tag-evropska-unie","tag-gaza-2","tag-hamas-2","tag-iran-3","tag-izrael","tag-jan-campbell","tag-juliane-gallinova","tag-karin-keller-sutter","tag-kensington","tag-kyberneticky-utok","tag-lidska-prava","tag-londyn","tag-maia-sandu","tag-mi6","tag-moldavsko","tag-nato","tag-nocni-zivot","tag-parlamentni-volby","tag-politico","tag-polovodice","tag-primeri","tag-putin","tag-reklamni-film","tag-rusko","tag-salvador","tag-svycarsko","tag-tim-cook","tag-top","tag-trump","tag-ukrajina","tag-warren-buffett","tag-washington","tag-wto","tag-zangezursky-koridor","tag-zlato"],"acf":[],"aioseo_notices":[],"_links":{"self":[{"href":"https:\/\/gnews.cz\/es\/wp-json\/wp\/v2\/posts\/32110","targetHints":{"allow":["GET"]}}],"collection":[{"href":"https:\/\/gnews.cz\/es\/wp-json\/wp\/v2\/posts"}],"about":[{"href":"https:\/\/gnews.cz\/es\/wp-json\/wp\/v2\/types\/post"}],"author":[{"embeddable":true,"href":"https:\/\/gnews.cz\/es\/wp-json\/wp\/v2\/users\/6"}],"replies":[{"embeddable":true,"href":"https:\/\/gnews.cz\/es\/wp-json\/wp\/v2\/comments?post=32110"}],"version-history":[{"count":0,"href":"https:\/\/gnews.cz\/es\/wp-json\/wp\/v2\/posts\/32110\/revisions"}],"wp:featuredmedia":[{"embeddable":true,"href":"https:\/\/gnews.cz\/es\/wp-json\/wp\/v2\/media\/32111"}],"wp:attachment":[{"href":"https:\/\/gnews.cz\/es\/wp-json\/wp\/v2\/media?parent=32110"}],"wp:term":[{"taxonomy":"category","embeddable":true,"href":"https:\/\/gnews.cz\/es\/wp-json\/wp\/v2\/categories?post=32110"},{"taxonomy":"post_tag","embeddable":true,"href":"https:\/\/gnews.cz\/es\/wp-json\/wp\/v2\/tags?post=32110"}],"curies":[{"name":"wp","href":"https:\/\/api.w.org\/{rel}","templated":true}]}}