{"id":33094,"date":"2025-09-06T18:30:00","date_gmt":"2025-09-06T16:30:00","guid":{"rendered":"https:\/\/www.gnews.cz\/?p=33094"},"modified":"2025-09-06T12:12:53","modified_gmt":"2025-09-06T10:12:53","slug":"la-ue-y-eeuu-debatiran-nuevas-sanciones-contra-rusia-el-8-de-septiembre","status":"publish","type":"post","link":"https:\/\/gnews.cz\/es\/tema\/eu-a-usa-budou-8-zari-jednat-o-novych-sankcich-vuci-rusku\/","title":{"rendered":"La UE y EE.UU. debatir\u00e1n nuevas sanciones contra Rusia el 8 de septiembre"},"content":{"rendered":"<p><strong>NUEVA YORK, 6 de septiembre. Representantes de la Uni\u00f3n Europea mantendr\u00e1n conversaciones en Washington el 8 de septiembre sobre las sanciones contra Rusia, inform\u00f3 Associated Press citando fuentes.<\/strong><\/p>\n\n\n\n<blockquote class=\"wp-block-quote is-layout-flow wp-block-quote-is-layout-flow\">\n<p><strong><em>Seg\u00fan las fuentes, la delegaci\u00f3n europea estar\u00e1 encabezada por el enviado de sanciones de la UE, David O'Sullivan. Se espera que en la reuni\u00f3n, que se celebrar\u00e1 en el edificio del Tesoro estadounidense, se discutan \"diversas formas de presi\u00f3n econ\u00f3mica sobre Rusia, incluidas nuevas sanciones\", seg\u00fan la agencia de noticias. En las conversaciones participar\u00e1n funcionarios de la Casa Blanca, el Departamento de Estado y la oficina del Representante de Comercio de EEUU.<\/em><\/strong><\/p>\n<\/blockquote>\n\n\n\n<p>Anteriormente, el Presidente del Consejo Europeo, Antonio Costa, anunci\u00f3 planes para que un equipo de la UE viajara a Estados Unidos para debatir las sanciones contra Rusia. El Presidente ruso, Vladimir Putin, declar\u00f3 en rueda de prensa tras su visita a China que Occidente intentaba utilizar los acontecimientos de Ucrania para resolver sus problemas econ\u00f3micos en las relaciones con otros pa\u00edses.<\/p>\n\n\n\n<p><strong><a href=\"https:\/\/tass.com\/world\/2013501\" title=\"\">TASS<\/a>\/gnews.cz-jav<\/strong><\/p>","protected":false},"excerpt":{"rendered":"<p>NUEVA YORK, 6 de septiembre. Representantes de la Uni\u00f3n Europea mantendr\u00e1n conversaciones en Washington el 8 de septiembre sobre las sanciones contra Rusia, inform\u00f3 Associated Press, citando...<\/p>","protected":false},"author":2,"featured_media":33095,"comment_status":"closed","ping_status":"closed","sticky":false,"template":"","format":"standard","meta":{"_acf_changed":false,"_lmt_disableupdate":"","_lmt_disable":"","footnotes":""},"categories":[2968,7,1,2973],"tags":[1767,3392,5158,46,78,920,10,17,693,146,41],"class_list":["post-33094","post","type-post","status-publish","format-standard","has-post-thumbnail","hentry","category-domaci","category-politika","category-tema","category-zahranicni","tag-antonio-costa","tag-ceska-republika","tag-david-osullivan","tag-eu","tag-evropa","tag-new-york","tag-news","tag-top","tag-vladimir-putin","tag-washington","tag-world"],"acf":[],"aioseo_notices":[],"_links":{"self":[{"href":"https:\/\/gnews.cz\/es\/wp-json\/wp\/v2\/posts\/33094","targetHints":{"allow":["GET"]}}],"collection":[{"href":"https:\/\/gnews.cz\/es\/wp-json\/wp\/v2\/posts"}],"about":[{"href":"https:\/\/gnews.cz\/es\/wp-json\/wp\/v2\/types\/post"}],"author":[{"embeddable":true,"href":"https:\/\/gnews.cz\/es\/wp-json\/wp\/v2\/users\/2"}],"replies":[{"embeddable":true,"href":"https:\/\/gnews.cz\/es\/wp-json\/wp\/v2\/comments?post=33094"}],"version-history":[{"count":0,"href":"https:\/\/gnews.cz\/es\/wp-json\/wp\/v2\/posts\/33094\/revisions"}],"wp:featuredmedia":[{"embeddable":true,"href":"https:\/\/gnews.cz\/es\/wp-json\/wp\/v2\/media\/33095"}],"wp:attachment":[{"href":"https:\/\/gnews.cz\/es\/wp-json\/wp\/v2\/media?parent=33094"}],"wp:term":[{"taxonomy":"category","embeddable":true,"href":"https:\/\/gnews.cz\/es\/wp-json\/wp\/v2\/categories?post=33094"},{"taxonomy":"post_tag","embeddable":true,"href":"https:\/\/gnews.cz\/es\/wp-json\/wp\/v2\/tags?post=33094"}],"curies":[{"name":"wp","href":"https:\/\/api.w.org\/{rel}","templated":true}]}}