{"id":34057,"date":"2025-10-01T11:55:00","date_gmt":"2025-10-01T09:55:00","guid":{"rendered":"https:\/\/www.gnews.cz\/?p=34057"},"modified":"2025-10-01T11:04:19","modified_gmt":"2025-10-01T09:04:19","slug":"una-amenaza-de-bomba-paraliza-la-oktoberfest-munich-cierra-los-festejos-tras-una-explosion-y-un-incendio-durante-la-noche","status":"publish","type":"post","link":"https:\/\/gnews.cz\/es\/neprehlednete\/bombova-hrozba-paralyzovala-oktoberfest-mnichov-uzavrel-slavnosti-po-nocni-explozi-a-pozaru\/","title":{"rendered":"Una amenaza de bomba paraliza la Oktoberfest: M\u00fanich cierra los festejos tras una explosi\u00f3n y un incendio durante la noche"},"content":{"rendered":"<p><strong>MNICHOV - La mundialmente famosa fiesta de la cerveza Oktoberfest permaneci\u00f3 cerrada en su primer d\u00eda despu\u00e9s de que el ayuntamiento recibiera una carta con una amenaza de bomba. La administraci\u00f3n municipal dijo que la amenaza estaba directamente relacionada con un incendio y una explosi\u00f3n que tuvieron lugar durante la noche en una casa familiar del norte de M\u00fanich. Al menos una persona muri\u00f3 en el lugar de los hechos y la polic\u00eda investiga el caso como un crimen deliberado, seg\u00fan AP.<\/strong><\/p>\n\n\n\n<p>Seg\u00fan el diario Bild, se encontraron varios explosivos en la casa y la polic\u00eda trabaja con la posibilidad de que el autor del atentado tendiera una trampa a las fuerzas de intervenci\u00f3n. Los medios alemanes tambi\u00e9n informaron de que una de las personas que se encontraban en la casa presentaba heridas de bala. La polic\u00eda a\u00fan no ha confirmado todos estos detalles, pero ha subrayado que no se puede subestimar el peligro y que la investigaci\u00f3n contin\u00faa en todas las direcciones.<\/p>\n\n\n\n<blockquote class=\"wp-block-quote is-layout-flow wp-block-quote-is-layout-flow\">\n<p>Por ello, el Theresienwiese, donde se celebra la Oktoberfest, fue cerrado y los visitantes y empleados tuvieron que ser evacuados. Seg\u00fan el Washington Post, se ha desplegado una unidad especial de polic\u00eda y artificieros para registrar el recinto del festival en busca de posibles explosivos. Un portavoz de la polic\u00eda de M\u00fanich subray\u00f3 que, aunque por el momento no ven una amenaza directa para el p\u00fablico en general, es necesario tomar medidas de precauci\u00f3n. Al mismo tiempo, se cerr\u00f3 la importante arteria de tr\u00e1fico Lerchenauer Stra\u00dfe para permitir a las fuerzas trabajar sin riesgo para los transe\u00fantes, seg\u00fan Reuters.<\/p>\n<\/blockquote>\n\n\n\n<p>Seg\u00fan el servidor Euractiv, los organizadores del festival recibieron una carta directamente del autor en la que se hac\u00eda referencia al Oktoberfest, por lo que est\u00e1n trabajando con las fuerzas de seguridad para reforzar la seguridad en el recinto. Los responsables municipales tambi\u00e9n recordaron que este tipo de amenazas son un tema muy delicado en M\u00fanich, sobre todo por el recuerdo hist\u00f3rico del atentado de la Oktoberfest de 1980, en el que murieron 13 personas y cientos resultaron heridas. El autor entonces fue el ultraderechista Gundolf K\u00f6hler, lo que a\u00fan deja una profunda huella en la memoria colectiva de los residentes.<\/p>\n\n\n\n<blockquote class=\"wp-block-quote is-layout-flow wp-block-quote-is-layout-flow\">\n<p>El cierre no s\u00f3lo supone una importante interrupci\u00f3n del programa del festival, que atrae cada a\u00f1o a millones de visitantes de todo el mundo, sino tambi\u00e9n complicaciones en el transporte y la log\u00edstica. La polic\u00eda y el ayuntamiento hacen un llamamiento a la poblaci\u00f3n para que est\u00e9 atenta a los canales de informaci\u00f3n oficiales.<\/p>\n<\/blockquote>\n\n\n\n<p><strong>gnews.cz - GH<\/strong><\/p>","protected":false},"excerpt":{"rendered":"<p>MNICHOV - La mundialmente famosa fiesta de la cerveza Oktoberfest permaneci\u00f3 cerrada en su primer d\u00eda despu\u00e9s de que el ayuntamiento recibiera una carta con una amenaza de bomba.....<\/p>","protected":false},"author":6,"featured_media":34058,"comment_status":"closed","ping_status":"closed","sticky":false,"template":"","format":"standard","meta":{"_acf_changed":false,"_lmt_disableupdate":"","_lmt_disable":"","footnotes":""},"categories":[4,3,2973],"tags":[680,6107,5482,3164,60,1193,173,1194,1708,4724,6108,17],"class_list":["post-34057","post","type-post","status-publish","format-standard","has-post-thumbnail","hentry","category-ekonomika","category-neprehlednete","category-zahranicni","tag-bezpecnost","tag-bombova-vyhruzka","tag-evakuace","tag-exploze","tag-festival","tag-mnichov","tag-nemecko","tag-oktoberfest","tag-policie","tag-pozar","tag-theresienwiese","tag-top"],"acf":[],"aioseo_notices":[],"_links":{"self":[{"href":"https:\/\/gnews.cz\/es\/wp-json\/wp\/v2\/posts\/34057","targetHints":{"allow":["GET"]}}],"collection":[{"href":"https:\/\/gnews.cz\/es\/wp-json\/wp\/v2\/posts"}],"about":[{"href":"https:\/\/gnews.cz\/es\/wp-json\/wp\/v2\/types\/post"}],"author":[{"embeddable":true,"href":"https:\/\/gnews.cz\/es\/wp-json\/wp\/v2\/users\/6"}],"replies":[{"embeddable":true,"href":"https:\/\/gnews.cz\/es\/wp-json\/wp\/v2\/comments?post=34057"}],"version-history":[{"count":0,"href":"https:\/\/gnews.cz\/es\/wp-json\/wp\/v2\/posts\/34057\/revisions"}],"wp:featuredmedia":[{"embeddable":true,"href":"https:\/\/gnews.cz\/es\/wp-json\/wp\/v2\/media\/34058"}],"wp:attachment":[{"href":"https:\/\/gnews.cz\/es\/wp-json\/wp\/v2\/media?parent=34057"}],"wp:term":[{"taxonomy":"category","embeddable":true,"href":"https:\/\/gnews.cz\/es\/wp-json\/wp\/v2\/categories?post=34057"},{"taxonomy":"post_tag","embeddable":true,"href":"https:\/\/gnews.cz\/es\/wp-json\/wp\/v2\/tags?post=34057"}],"curies":[{"name":"wp","href":"https:\/\/api.w.org\/{rel}","templated":true}]}}