{"id":36123,"date":"2025-10-21T11:55:00","date_gmt":"2025-10-21T09:55:00","guid":{"rendered":"https:\/\/www.gnews.cz\/?p=36123"},"modified":"2025-10-21T14:58:17","modified_gmt":"2025-10-21T12:58:17","slug":"la-coalicion-de-voluntarios-se-reunira-en-londres-zelensky-llegara-en-persona","status":"publish","type":"post","link":"https:\/\/gnews.cz\/es\/tema\/koalice-ochotnych-se-chysta-k-jednani-v-londyne-zelensky-ma-dorazit-osobne\/","title":{"rendered":"Una coalici\u00f3n de voluntarios se prepara para reunirse en Londres. Zelensky llegar\u00e1 en persona"},"content":{"rendered":"<p><strong>El viernes 24 de octubre, Londres acoger\u00e1 la siguiente de una serie de reuniones de la Coalici\u00f3n de Voluntarios, un grupo de Estados que coordinan la asistencia militar y de seguridad a Ucrania en respuesta a la invasi\u00f3n rusa. El presidente franc\u00e9s, Emmanuel Macron, anunci\u00f3 la fecha y el formato de la reuni\u00f3n durante una rueda de prensa al margen de la cumbre MED9 en Eslovenia, inform\u00f3 Reuters.<\/strong><\/p>\n\n\n\n<p>Seg\u00fan Macron, se tratar\u00e1 de una reuni\u00f3n h\u00edbrida -es decir, una combinaci\u00f3n de presencia personal y participaci\u00f3n virtual- destinada a precisar las contribuciones de los Estados a las capacidades de defensa de Kiev y a establecer mecanismos de seguridad a largo plazo. Y a\u00f1adi\u00f3 <strong>Reuters<\/strong>destinado no s\u00f3lo a reforzar las defensas de Ucrania, sino tambi\u00e9n a crear un marco disuasorio contra Rusia en caso de futuras agresiones.<\/p>\n\n\n\n<blockquote class=\"wp-block-quote is-layout-flow wp-block-quote-is-layout-flow\">\n<p>Uno de los puntos m\u00e1s importantes es la esperada participaci\u00f3n personal del Presidente ucraniano, Volodymyr Zelensky. Seg\u00fan fuentes diplom\u00e1ticas, las conversaciones directas con los Estados miembros deber\u00edan permitir una definici\u00f3n m\u00e1s precisa de las prioridades de Kiev, especialmente en los \u00e1mbitos de la defensa antia\u00e9rea, el suministro de municiones y la estabilidad energ\u00e9tica de cara a la temporada invernal. Como dijo <strong>BBC<\/strong>Zelensky tambi\u00e9n tiene previsto mantener varias reuniones bilaterales en Londres, entre ellas con el Primer Ministro brit\u00e1nico, Keir Starmer.<\/p>\n<\/blockquote>\n\n\n\n<p>La Coalici\u00f3n de Voluntarios, iniciada por Francia y el Reino Unido a principios de 2025, re\u00fane a m\u00e1s de 20 socios europeos y de ultramar. Seg\u00fan <strong>Reuters<\/strong> Desde su creaci\u00f3n, la empresa ha coordinado principalmente el suministro de armas y el entrenamiento de las tropas ucranianas, pero ahora tambi\u00e9n se centra en la reconstrucci\u00f3n de infraestructuras cr\u00edticas y en conseguir financiaci\u00f3n a largo plazo para proyectos de defensa.<\/p>\n\n\n\n<p>Para Londres y Par\u00eds, la pr\u00f3xima reuni\u00f3n es una importante oportunidad para mostrar la unidad entre los aliados a pesar del cansancio de la guerra y las crecientes presiones presupuestarias. El Primer Ministro brit\u00e1nico, Starmer, ha anunciado que el Reino Unido tiene previsto aumentar sus compromisos con Ucrania y presentar\u00e1 en la cumbre un plan para suministrar m\u00e1s sistemas de defensa antia\u00e9rea de corto alcance. La informaci\u00f3n fue difundida por <strong>The Guardian<\/strong>.<\/p>\n\n\n\n<p>Desde Kiev se dice que Ucrania espera pasos concretos, no s\u00f3lo declaraciones pol\u00edticas. <em>\"Este es el momento en que quedar\u00e1 claro qui\u00e9n est\u00e1 realmente al lado de Ucrania\".<\/em> dijo Zelensky en un discurso reciente. Seg\u00fan los diplom\u00e1ticos. <strong>Pol\u00edtico UE<\/strong> sugieren que tambi\u00e9n podr\u00eda debatirse la ampliaci\u00f3n de la coalici\u00f3n a otros pa\u00edses no europeos, como Canad\u00e1, Jap\u00f3n o Corea del Sur.<\/p>\n\n\n\n<h3 class=\"wp-block-heading\"><strong>Trump y Putin en Budapest<\/strong><\/h3>\n\n\n\n<p>Mientras que en Londres se va a debatir la intensificaci\u00f3n del apoyo a Ucrania, en Budapest se va a celebrar otra reuni\u00f3n de alto nivel: seg\u00fan informaciones confirmadas tanto por el Kremlin como por Washington, recogidas por <strong>Reuters<\/strong>Se espera que el expresidente estadounidense Donald Trump y el presidente ruso Vladimir Putin se re\u00fanan en las pr\u00f3ximas semanas. El anfitri\u00f3n de la reuni\u00f3n ser\u00e1 el primer ministro h\u00fangaro, Viktor Orb\u00e1n, que se perfila como mediador neutral.<\/p>\n\n\n\n<p>Seg\u00fan <strong>Reuters<\/strong> Budapest fue elegida como \"terreno neutral\" entre Oriente y Occidente. La parte rusa dice que va a proseguir los contactos diplom\u00e1ticos que podr\u00edan abrir el camino a conversaciones de paz sobre Ucrania. Sin embargo, Estados Unidos subraya que ser\u00e1 una cumbre informal sin mandato oficial. Los Estados europeos reaccionan con cautela, sobre todo porque sobre Putin pesa una orden de detenci\u00f3n del Tribunal Penal Internacional y su posible visita a un Estado miembro de la UE podr\u00eda desencadenar una crisis diplom\u00e1tica.<\/p>\n\n\n\n<p>Seg\u00fan <strong>Bloomberg<\/strong> Hungr\u00eda est\u00e1 estudiando un marco jur\u00eddico especial que permitir\u00eda a Putin entrar en el territorio sin violar las obligaciones internacionales. Orb\u00e1n no ha ocultado su ambici\u00f3n de presentar Budapest como un puente entre Oriente y Occidente, y en las \u00faltimas semanas ha intentado actuar como mediador entre Mosc\u00fa y Washington.<\/p>\n\n\n\n<p>La cumbre prevista en Budapest, seg\u00fan <strong>Financial Times<\/strong> podr\u00eda haber influido profundamente en el desarrollo posterior de la guerra y la diplomacia internacional. Si realmente ocurre, la capital h\u00fangara se convertir\u00e1 durante un tiempo en un nuevo centro geopol\u00edtico, y quiz\u00e1s incluso en el lugar donde comience a escribirse el pr\u00f3ximo cap\u00edtulo de las negociaciones sobre el futuro de Ucrania.<\/p>\n\n\n\n<p><strong>gnews.cz - GH<\/strong><\/p>","protected":false},"excerpt":{"rendered":"<p>El viernes 24 de octubre, Londres acoger\u00e1 la siguiente reuni\u00f3n de la Coalici\u00f3n de Voluntarios, un grupo de Estados que coordinan sus...<\/p>","protected":false},"author":6,"featured_media":1903,"comment_status":"open","ping_status":"closed","sticky":false,"template":"","format":"standard","meta":{"_acf_changed":false,"_lmt_disableupdate":"","_lmt_disable":"","footnotes":""},"categories":[3,7,1,2973],"tags":[496,595,3855,448,491,17,303,693,1209],"class_list":["post-36123","post","type-post","status-publish","format-standard","has-post-thumbnail","hentry","category-neprehlednete","category-politika","category-tema","category-zahranicni","tag-donald-trump","tag-emanuel-macron","tag-koalice-ochotnych","tag-londyn","tag-spojene-kralovstvi","tag-top","tag-viktor-orban","tag-vladimir-putin","tag-volodymyr-zelenskyj"],"acf":[],"aioseo_notices":[],"_links":{"self":[{"href":"https:\/\/gnews.cz\/es\/wp-json\/wp\/v2\/posts\/36123","targetHints":{"allow":["GET"]}}],"collection":[{"href":"https:\/\/gnews.cz\/es\/wp-json\/wp\/v2\/posts"}],"about":[{"href":"https:\/\/gnews.cz\/es\/wp-json\/wp\/v2\/types\/post"}],"author":[{"embeddable":true,"href":"https:\/\/gnews.cz\/es\/wp-json\/wp\/v2\/users\/6"}],"replies":[{"embeddable":true,"href":"https:\/\/gnews.cz\/es\/wp-json\/wp\/v2\/comments?post=36123"}],"version-history":[{"count":4,"href":"https:\/\/gnews.cz\/es\/wp-json\/wp\/v2\/posts\/36123\/revisions"}],"predecessor-version":[{"id":36141,"href":"https:\/\/gnews.cz\/es\/wp-json\/wp\/v2\/posts\/36123\/revisions\/36141"}],"wp:featuredmedia":[{"embeddable":true,"href":"https:\/\/gnews.cz\/es\/wp-json\/wp\/v2\/media\/1903"}],"wp:attachment":[{"href":"https:\/\/gnews.cz\/es\/wp-json\/wp\/v2\/media?parent=36123"}],"wp:term":[{"taxonomy":"category","embeddable":true,"href":"https:\/\/gnews.cz\/es\/wp-json\/wp\/v2\/categories?post=36123"},{"taxonomy":"post_tag","embeddable":true,"href":"https:\/\/gnews.cz\/es\/wp-json\/wp\/v2\/tags?post=36123"}],"curies":[{"name":"wp","href":"https:\/\/api.w.org\/{rel}","templated":true}]}}