{"id":36398,"date":"2025-10-29T18:00:00","date_gmt":"2025-10-29T17:00:00","guid":{"rendered":"https:\/\/www.gnews.cz\/?p=36398"},"modified":"2025-10-29T11:51:31","modified_gmt":"2025-10-29T10:51:31","slug":"andrej-babis-si-spd-y-automovilistas-firmaran-un-acuerdo-de-coalicion-el-3-de-noviembre","status":"publish","type":"post","link":"https:\/\/gnews.cz\/es\/tema\/andrej-babis-ano-spd-a-motoriste-podepisou-koalicni-smlouvu-3-listopadu\/","title":{"rendered":"Andrej Babi\u0161 - ANO, SPD y Motoristas firmar\u00e1n un acuerdo de coalici\u00f3n el 3 de noviembre"},"content":{"rendered":"<p><strong>PRAGA - ANO, el SPD y los Motoristas han acordado un pacto de coalici\u00f3n, que firmar\u00e1n el lunes 3 de noviembre, cuando comience la sesi\u00f3n constitutiva de la C\u00e1mara Baja checa. El presidente de ANO, Andrej Babi\u0161, que fue designado por el presidente para formar gobierno tras las elecciones parlamentarias, lo dijo en un v\u00eddeo en las redes sociales&nbsp;<a href=\"https:\/\/x.com\/AndrejBabis\/status\/1983423169404014658\">Redes X<\/a>. Hoy, dijo, tambi\u00e9n se debatir\u00e1 la propuesta de la ANO de un nuevo reglamento interno de la C\u00e1mara Baja del Parlamento para hacerla m\u00e1s eficiente. Babi\u0161 no dio detalles de la propuesta.<\/strong>.<\/p>\n\n\n\n<blockquote class=\"wp-block-quote is-layout-flow wp-block-quote-is-layout-flow\">\n<p><strong>\"Tenemos un acuerdo de coalici\u00f3n pactado. Hemos acordado que lo firmaremos el lunes 3 de noviembre, d\u00eda en que se re\u00fane por primera vez la nueva C\u00e1mara de Diputados\", declar\u00f3 Babi\u0161. Babi\u0161 dijo que a\u00fan quedan por acordar algunos puntos en las negociaciones entre ANO, el SPD y los Motoristas sobre la declaraci\u00f3n program\u00e1tica de un posible futuro Gobierno. Adem\u00e1s de la declaraci\u00f3n program\u00e1tica, los representantes de la ANO, el SPD y los Motoristas debatir\u00e1n tambi\u00e9n propuestas para la direcci\u00f3n de la C\u00e1mara Baja y de las distintas comisiones, record\u00f3. Se espera que Babi\u0161 presente al Presidente Petr Pavel el acuerdo de coalici\u00f3n y las prioridades program\u00e1ticas en la segunda mitad de esta semana, seg\u00fan el Castillo de Praga.<\/strong><\/p>\n<\/blockquote>\n\n\n\n<p>\"Hoy debatiremos el nuevo Reglamento de la C\u00e1mara de Diputados, nuestra propuesta, que el actual Gobierno en particular ha pedido que se modifique para que la C\u00e1mara de Diputados sea m\u00e1s eficaz\", dijo tambi\u00e9n Babi\u0161. En los \u00faltimos cuatro a\u00f1os, cuando ANO y SPD estaban en la oposici\u00f3n, los procedimientos de la C\u00e1mara se vieron a menudo bloqueados por sus obstrucciones, y algunas sesiones se alargaron hasta altas horas de la noche o incluso hasta los d\u00edas siguientes. Tanto Babi\u0161 como el l\u00edder del SPD, Tomio Okamura, pronunciaron largos discursos. En un discurso pronunciado en la C\u00e1mara de los Comunes en junio, el Presidente Pavel hizo un llamamiento a la reflexi\u00f3n sobre si hab\u00eda llegado el momento de cultivar y modificar las reglas del debate parlamentario. Sin embargo, las enmiendas al Reglamento de la C\u00e1mara de Diputados destinadas a reducir la obstrucci\u00f3n y aumentar la eficacia de los procedimientos quedaron sobre la mesa con las elecciones y el final de la \u00faltima legislatura.<\/p>\n\n\n\n<p>La direcci\u00f3n de la C\u00e1mara de Diputados deber\u00eda elegirse el segundo d\u00eda de la primera sesi\u00f3n postelectoral, el mi\u00e9rcoles 5 de noviembre. Seg\u00fan la informaci\u00f3n actual, Okamura podr\u00eda convertirse en el presidente de la C\u00e1mara Baja. Su oponente en la votaci\u00f3n secreta ser\u00e1 el candidato del KDU-\u010cSL Jan Barto\u0161ek. Se espera que el n\u00famero de vicepresidentes de la C\u00e1mara de Diputados descienda entre dos y cuatro en comparaci\u00f3n con el \u00faltimo periodo electoral. ANO ha anunciado la candidatura de Patrik Nacher, mientras que el candidato de los Motoristas a\u00fan no se conoce. Dos puestos de vicepresidente ir\u00e1n a parar a los futuros partidos de la oposici\u00f3n, a saber, ODS y STAN. Los Dem\u00f3cratas C\u00edvicos quieren nominar de nuevo a Jan Skope\u010dek, mientras que el movimiento STAN ha anunciado la nominaci\u00f3n de su presidente y ex ministro del Interior V\u00edt Raku\u0161an.<\/p>\n\n\n\n<p><strong><a href=\"https:\/\/www.ceskenoviny.cz\/zpravy\/ano-spd-a-motoriste-podepisou-koalicni-smlouvu-3-listopadu\/2740320\" title=\"\">CTK<\/a>\/gnews.cz<\/strong><\/p>","protected":false},"excerpt":{"rendered":"<p>PRAGA - ANO, el SPD y los Motoristas han acordado un pacto de coalici\u00f3n, que firmar\u00e1n el lunes 3 de noviembre, cuando comience la sesi\u00f3n constitutiva de la C\u00e1mara Baja checa. El presidente del...<\/p>","protected":false},"author":2,"featured_media":36400,"comment_status":"open","ping_status":"closed","sticky":false,"template":"","format":"standard","meta":{"_acf_changed":false,"_lmt_disableupdate":"","_lmt_disable":"","footnotes":""},"categories":[2968,3,7,1,580],"tags":[5754,3402,45,6932,1147,1140,10,787,1143,72,573,574,17,786,5160,41],"class_list":["post-36398","post","type-post","status-publish","format-standard","has-post-thumbnail","hentry","category-domaci","category-neprehlednete","category-politika","category-tema","category-vyber-sefredaktora","tag-andrej-babis","tag-ano-2","tag-cr","tag-jan-bartosek","tag-kdu-csl","tag-motoriste-sobe","tag-news","tag-parlament-cr","tag-patrik-nacher","tag-prazsky-hrad","tag-spd","tag-tomio-okamura","tag-top","tag-vit-rakusan","tag-vlada-2","tag-world"],"acf":[],"aioseo_notices":[],"_links":{"self":[{"href":"https:\/\/gnews.cz\/es\/wp-json\/wp\/v2\/posts\/36398","targetHints":{"allow":["GET"]}}],"collection":[{"href":"https:\/\/gnews.cz\/es\/wp-json\/wp\/v2\/posts"}],"about":[{"href":"https:\/\/gnews.cz\/es\/wp-json\/wp\/v2\/types\/post"}],"author":[{"embeddable":true,"href":"https:\/\/gnews.cz\/es\/wp-json\/wp\/v2\/users\/2"}],"replies":[{"embeddable":true,"href":"https:\/\/gnews.cz\/es\/wp-json\/wp\/v2\/comments?post=36398"}],"version-history":[{"count":2,"href":"https:\/\/gnews.cz\/es\/wp-json\/wp\/v2\/posts\/36398\/revisions"}],"predecessor-version":[{"id":36401,"href":"https:\/\/gnews.cz\/es\/wp-json\/wp\/v2\/posts\/36398\/revisions\/36401"}],"wp:featuredmedia":[{"embeddable":true,"href":"https:\/\/gnews.cz\/es\/wp-json\/wp\/v2\/media\/36400"}],"wp:attachment":[{"href":"https:\/\/gnews.cz\/es\/wp-json\/wp\/v2\/media?parent=36398"}],"wp:term":[{"taxonomy":"category","embeddable":true,"href":"https:\/\/gnews.cz\/es\/wp-json\/wp\/v2\/categories?post=36398"},{"taxonomy":"post_tag","embeddable":true,"href":"https:\/\/gnews.cz\/es\/wp-json\/wp\/v2\/tags?post=36398"}],"curies":[{"name":"wp","href":"https:\/\/api.w.org\/{rel}","templated":true}]}}