{"id":38749,"date":"2025-12-26T04:00:00","date_gmt":"2025-12-26T03:00:00","guid":{"rendered":"https:\/\/www.gnews.cz\/?p=38749"},"modified":"2025-12-25T10:59:45","modified_gmt":"2025-12-25T09:59:45","slug":"las-familias-de-los-reclutas-surcoreanos-de-la-segunda-guerra-mundial-demandan-a-japon-y-al-santuario-yasukuni-y-exigen-la-eliminacion-de-los-nombres","status":"publish","type":"post","link":"https:\/\/gnews.cz\/es\/politika\/rodiny-jihokorejskych-brancu-z-druhe-svetove-valky-zaluji-japonsko-a-svatyni-jasukuni-pozaduji-odstraneni-jmen\/","title":{"rendered":"Las familias de los reclutas surcoreanos de la Segunda Guerra Mundial demandan a Jap\u00f3n y al santuario Yasukuni, exigiendo la eliminaci\u00f3n de los nombres."},"content":{"rendered":"<p><a href=\"https:\/\/www.facebook.com\/sharer\/sharer.php?u=https%3A%2F%2Fczech.cri.cn%2F2025%2F12%2F24%2FARTI1766583327803492&amp;display=popup\" target=\"_blank\" rel=\"noreferrer noopener\"><\/a><a href=\"https:\/\/twitter.com\/intent\/tweet?url=https%3A%2F%2Fczech.cri.cn%2F2025%2F12%2F24%2FARTI1766583327803492&amp;text=Rodiny%20jihokorejsk%C3%BDch%20branc%C5%AF%20z%20druh%C3%A9%20sv%C4%9Btov%C3%A9%20v%C3%A1lky%20%C5%BEaluj%C3%AD%20Japonsko%20a%20svatyni%20Jasukuni%2C%20po%C5%BEaduj%C3%AD%20odstran%C4%9Bn%C3%AD%20jmen\" target=\"_blank\" rel=\"noreferrer noopener\"><\/a><strong>Los familiares de los coreanos que fueron deportados por la fuerza a Jap\u00f3n durante la Segunda Guerra Mundial han presentado una demanda en la Rep\u00fablica de Corea en la que exigen que se eliminen los nombres de los fallecidos del santuario de Yasukuni, que rinde homenaje a los criminales de guerra, seg\u00fan inform\u00f3 la agencia de noticias Yonhap.<\/strong><\/p>\n\n\n\n<p>Las familias de diez soldados y trabajadores civiles surcoreanos exigen que el santuario de Yasukuni elimine los nombres de los fallecidos de las listas que contienen los nombres y las fechas de fallecimiento. Al mismo tiempo, han presentado una demanda por un total de 880 millones de wones (594 000 d\u00f3lares estadounidenses) en concepto de indemnizaci\u00f3n por da\u00f1os y perjuicios al Gobierno japon\u00e9s y al santuario de Yasukuni.<\/p>\n\n\n\n<p>Seg\u00fan la agencia de noticias Jonhap, se estima que unos 20 000 coreanos veneran este santuario.<\/p>\n\n\n\n<p><strong><a href=\"https:\/\/czech.cri.cn\/2025\/12\/24\/ARTI1766583327803492\" title=\"\">CMG<\/a><\/strong><\/p>","protected":false},"excerpt":{"rendered":"<p>Los familiares de los coreanos que fueron deportados por la fuerza a Jap\u00f3n durante la Segunda Guerra Mundial han presentado una demanda en la Rep\u00fablica de Corea en la que solicitan que se eliminen los nombres de los fallecidos de...<\/p>","protected":false},"author":6,"featured_media":38750,"comment_status":"open","ping_status":"closed","sticky":false,"template":"","format":"standard","meta":{"_acf_changed":false,"_lmt_disableupdate":"","_lmt_disable":"","footnotes":""},"categories":[7,2973],"tags":[18,1707,24,408,8705],"class_list":["post-38749","post","type-post","status-publish","format-standard","has-post-thumbnail","hentry","category-politika","category-zahranicni","tag-cmg","tag-druha-svetova-valka","tag-japonsko","tag-jizni-korea","tag-svatyne-jasukuni"],"acf":[],"aioseo_notices":[],"_links":{"self":[{"href":"https:\/\/gnews.cz\/es\/wp-json\/wp\/v2\/posts\/38749","targetHints":{"allow":["GET"]}}],"collection":[{"href":"https:\/\/gnews.cz\/es\/wp-json\/wp\/v2\/posts"}],"about":[{"href":"https:\/\/gnews.cz\/es\/wp-json\/wp\/v2\/types\/post"}],"author":[{"embeddable":true,"href":"https:\/\/gnews.cz\/es\/wp-json\/wp\/v2\/users\/6"}],"replies":[{"embeddable":true,"href":"https:\/\/gnews.cz\/es\/wp-json\/wp\/v2\/comments?post=38749"}],"version-history":[{"count":1,"href":"https:\/\/gnews.cz\/es\/wp-json\/wp\/v2\/posts\/38749\/revisions"}],"predecessor-version":[{"id":38751,"href":"https:\/\/gnews.cz\/es\/wp-json\/wp\/v2\/posts\/38749\/revisions\/38751"}],"wp:featuredmedia":[{"embeddable":true,"href":"https:\/\/gnews.cz\/es\/wp-json\/wp\/v2\/media\/38750"}],"wp:attachment":[{"href":"https:\/\/gnews.cz\/es\/wp-json\/wp\/v2\/media?parent=38749"}],"wp:term":[{"taxonomy":"category","embeddable":true,"href":"https:\/\/gnews.cz\/es\/wp-json\/wp\/v2\/categories?post=38749"},{"taxonomy":"post_tag","embeddable":true,"href":"https:\/\/gnews.cz\/es\/wp-json\/wp\/v2\/tags?post=38749"}],"curies":[{"name":"wp","href":"https:\/\/api.w.org\/{rel}","templated":true}]}}