{"id":40030,"date":"2026-01-22T20:46:39","date_gmt":"2026-01-22T19:46:39","guid":{"rendered":"https:\/\/www.gnews.cz\/?p=40030"},"modified":"2026-01-22T20:46:41","modified_gmt":"2026-01-22T19:46:41","slug":"estados-unidos-se-retira-oficialmente-de-la-organizacion-mundial-de-la-salud","status":"publish","type":"post","link":"https:\/\/gnews.cz\/es\/politika\/spojene-staty-oficialne-vystoupily-ze-svetove-zdravotnicke-organizace\/","title":{"rendered":"Estados Unidos se retira oficialmente de la Organizaci\u00f3n Mundial de la Salud"},"content":{"rendered":"<p><strong>El Presidente de los Estados Unidos Donald Trump firm\u00f3 el 20 de enero de 2025<\/strong> <strong>Orden ejecutiva por la que se anuncia la retirada de EE.UU. de la Organizaci\u00f3n Mundial de la Salud (OMS). Las Naciones Unidas recibieron esta notificaci\u00f3n el 22 de enero de 2025.<\/strong><\/p>\n\n\n\n<p>Seg\u00fan los Estatutos de la OMS, la retirada de un Estado miembro no se hace efectiva hasta un a\u00f1o despu\u00e9s de que se haya presentado la solicitud formal de retirada. El 22 de enero de este a\u00f1o se cumpli\u00f3 un a\u00f1o desde que Estados Unidos present\u00f3 formalmente a las Naciones Unidas su solicitud de retirada de la OMS.<\/p>\n\n\n\n<p>De acuerdo con los estatutos de la OMS, esto significa que Estados Unidos ya se ha retirado oficialmente de la OMS desde el punto de vista del procedimiento.<\/p>\n\n\n\n<p><strong><a href=\"https:\/\/czech.cgtn.com\/2026\/01\/22\/ARTI1769066236271799\/\" title=\"\">CMG<\/a><\/strong><\/p>","protected":false},"excerpt":{"rendered":"<p>El 20 de enero de 2025, el presidente de Estados Unidos, Donald Trump, firm\u00f3 una orden ejecutiva en la que anunciaba la retirada de Estados Unidos de la Organizaci\u00f3n Mundial de la Salud (OMS). La organizaci\u00f3n...<\/p>","protected":false},"author":6,"featured_media":40031,"comment_status":"open","ping_status":"closed","sticky":false,"template":"","format":"standard","meta":{"_acf_changed":false,"_lmt_disableupdate":"","_lmt_disable":"","footnotes":""},"categories":[7,2973],"tags":[18,6584,148,38,1601],"class_list":["post-40030","post","type-post","status-publish","format-standard","has-post-thumbnail","hentry","category-politika","category-zahranicni","tag-cmg","tag-donad-trump","tag-osn","tag-usa","tag-who"],"acf":[],"aioseo_notices":[],"_links":{"self":[{"href":"https:\/\/gnews.cz\/es\/wp-json\/wp\/v2\/posts\/40030","targetHints":{"allow":["GET"]}}],"collection":[{"href":"https:\/\/gnews.cz\/es\/wp-json\/wp\/v2\/posts"}],"about":[{"href":"https:\/\/gnews.cz\/es\/wp-json\/wp\/v2\/types\/post"}],"author":[{"embeddable":true,"href":"https:\/\/gnews.cz\/es\/wp-json\/wp\/v2\/users\/6"}],"replies":[{"embeddable":true,"href":"https:\/\/gnews.cz\/es\/wp-json\/wp\/v2\/comments?post=40030"}],"version-history":[{"count":1,"href":"https:\/\/gnews.cz\/es\/wp-json\/wp\/v2\/posts\/40030\/revisions"}],"predecessor-version":[{"id":40032,"href":"https:\/\/gnews.cz\/es\/wp-json\/wp\/v2\/posts\/40030\/revisions\/40032"}],"wp:featuredmedia":[{"embeddable":true,"href":"https:\/\/gnews.cz\/es\/wp-json\/wp\/v2\/media\/40031"}],"wp:attachment":[{"href":"https:\/\/gnews.cz\/es\/wp-json\/wp\/v2\/media?parent=40030"}],"wp:term":[{"taxonomy":"category","embeddable":true,"href":"https:\/\/gnews.cz\/es\/wp-json\/wp\/v2\/categories?post=40030"},{"taxonomy":"post_tag","embeddable":true,"href":"https:\/\/gnews.cz\/es\/wp-json\/wp\/v2\/tags?post=40030"}],"curies":[{"name":"wp","href":"https:\/\/api.w.org\/{rel}","templated":true}]}}