{"id":4046,"date":"2024-01-10T08:36:23","date_gmt":"2024-01-10T08:36:23","guid":{"rendered":"https:\/\/www.gnews.cz\/?p=4046"},"modified":"2025-02-09T23:35:57","modified_gmt":"2025-02-09T22:35:57","slug":"francia-gabriel-attal-nombrado-primer-ministro","status":"publish","type":"post","link":"https:\/\/gnews.cz\/es\/politika\/francie-gabriel-attal-jmenovan-predsedou-vlady\/","title":{"rendered":"Francia: Gabriel Attal nombrado Primer Ministro"},"content":{"rendered":"<p><strong>Foto: Xinhua\/Gao Jing<\/strong><\/p>\n\n\n\n<p><strong><em>PARIS, 9 ene (Xinhua) -- El presidente franc\u00e9s, Emmanuel Macron, nombr\u00f3 a Gabriel Attal como primer ministro y le encarg\u00f3 la formaci\u00f3n de un nuevo gobierno, anunci\u00f3 hoy martes el Palacio del El\u00edseo.<\/em><\/strong><\/p>\n\n\n\n<p>Attal sustituir\u00e1 a Elisabeth Borne, que dimiti\u00f3 la v\u00edspera, como Ministra de Educaci\u00f3n Nacional y Juventud. A sus 34 a\u00f1os, se convertir\u00e1 en el Primer Ministro m\u00e1s joven de la historia de la V Rep\u00fablica, seg\u00fan los medios de comunicaci\u00f3n franceses.<\/p>\n\n\n\n<blockquote class=\"wp-block-quote is-layout-flow wp-block-quote-is-layout-flow\">\n<p><strong>\"S\u00e9 que puedo contar con vuestra energ\u00eda y vuestro compromiso con el proyecto de rearme y regeneraci\u00f3n que he anunciado. En consonancia con el esp\u00edritu de 2017: superaci\u00f3n y audacia. Al servicio de la naci\u00f3n y de los franceses\", dijo Macron en su cuenta X (antes Twitter).<\/strong><\/p>\n<\/blockquote>\n\n\n\n<p>La Sra. Borne se despedir\u00e1 oficialmente de su cargo este martes por la tarde en el patio de Matignon durante una ceremonia de traspaso de poderes, seg\u00fan inform\u00f3 su oficina en un comunicado.<\/p>\n\n\n\n<blockquote class=\"wp-block-quote is-layout-flow wp-block-quote-is-layout-flow\">\n<p><strong>Seg\u00fan un sondeo de opini\u00f3n publicado por Le Figaro el 4 de enero, Gabriel Attal era el ministro del Gobierno m\u00e1s popular, unos puntos porcentuales por delante del ministro de Econom\u00eda, Bruno Le Maire.<\/strong><\/p>\n<\/blockquote>\n\n\n\n<p>Seg\u00fan Franceinfo, Attal tiene ahora la dif\u00edcil tarea de pasar p\u00e1gina en el segundo quinquenio de Macron, tras los dolorosos episodios de la reforma de las pensiones y la ley de inmigraci\u00f3n.<\/p>\n\n\n\n<p><strong>Xinhua.cn\/GN.CZ\/JaV<\/strong>_07<\/p>\n\n\n\n<p><a href=\"https:\/\/french.news.cn\/20240109\/ebe73561a58e481ea88552c4e3fc2c91\/c.html\">https:\/\/french.news.cn\/20240109\/ebe73561a58e481ea88552c4e3fc2c91\/c.html<\/a><\/p>","protected":false},"excerpt":{"rendered":"<p>Foto: Xinhua\/Gao Jing PARIS, 9 ene (Xinhua) -- El presidente franc\u00e9s, Emmanuel Macron, nombr\u00f3 a Gabriel Attal como primer ministro y le encarg\u00f3 formar un nuevo gobierno....<\/p>","protected":false},"author":2,"featured_media":4047,"comment_status":"closed","ping_status":"closed","sticky":false,"template":"","format":"standard","meta":{"_acf_changed":false,"_lmt_disableupdate":"","_lmt_disable":"","footnotes":""},"categories":[7],"tags":[46,43,859,10,171,17,41],"class_list":["post-4046","post","type-post","status-publish","format-standard","has-post-thumbnail","hentry","category-politika","tag-eu","tag-francie","tag-gabriel-attal","tag-news","tag-premier","tag-top","tag-world"],"acf":[],"aioseo_notices":[],"_links":{"self":[{"href":"https:\/\/gnews.cz\/es\/wp-json\/wp\/v2\/posts\/4046","targetHints":{"allow":["GET"]}}],"collection":[{"href":"https:\/\/gnews.cz\/es\/wp-json\/wp\/v2\/posts"}],"about":[{"href":"https:\/\/gnews.cz\/es\/wp-json\/wp\/v2\/types\/post"}],"author":[{"embeddable":true,"href":"https:\/\/gnews.cz\/es\/wp-json\/wp\/v2\/users\/2"}],"replies":[{"embeddable":true,"href":"https:\/\/gnews.cz\/es\/wp-json\/wp\/v2\/comments?post=4046"}],"version-history":[{"count":0,"href":"https:\/\/gnews.cz\/es\/wp-json\/wp\/v2\/posts\/4046\/revisions"}],"wp:featuredmedia":[{"embeddable":true,"href":"https:\/\/gnews.cz\/es\/wp-json\/wp\/v2\/media\/4047"}],"wp:attachment":[{"href":"https:\/\/gnews.cz\/es\/wp-json\/wp\/v2\/media?parent=4046"}],"wp:term":[{"taxonomy":"category","embeddable":true,"href":"https:\/\/gnews.cz\/es\/wp-json\/wp\/v2\/categories?post=4046"},{"taxonomy":"post_tag","embeddable":true,"href":"https:\/\/gnews.cz\/es\/wp-json\/wp\/v2\/tags?post=4046"}],"curies":[{"name":"wp","href":"https:\/\/api.w.org\/{rel}","templated":true}]}}