{"id":40719,"date":"2026-02-07T16:00:00","date_gmt":"2026-02-07T15:00:00","guid":{"rendered":"https:\/\/www.gnews.cz\/?p=40719"},"modified":"2026-02-07T10:37:29","modified_gmt":"2026-02-07T09:37:29","slug":"finalizan-las-conversaciones-entre-ee-uu-e-iran-en-oman-se-preve-otra-ronda-corresponsal-de-axios","status":"publish","type":"post","link":"https:\/\/gnews.cz\/es\/tema\/americko-iranska-jednani-v-omanu-skoncila-planuje-se-dalsi-kolo-korespondent-axios\/","title":{"rendered":"Finalizan las conversaciones entre EE.UU. e Ir\u00e1n en Om\u00e1n y se prev\u00e9 otra ronda - Axios corresponsal"},"content":{"rendered":"<p><strong>WASHINGTON, 6 de febrero. Las conversaciones entre las delegaciones estadounidense e iran\u00ed en Om\u00e1n han concluido, pero est\u00e1 prevista una nueva ronda de consultas en un futuro pr\u00f3ximo, inform\u00f3 Barak Ravid, corresponsal de Axios y del Canal 12 de Israel.<\/strong><\/p>\n\n\n\n<blockquote class=\"wp-block-quote is-layout-flow wp-block-quote-is-layout-flow\">\n<p><strong>\u201eLas conversaciones entre Estados Unidos e Ir\u00e1n en Om\u00e1n han terminado por hoy. La pr\u00f3xima ronda de conversaciones tendr\u00e1 lugar en los pr\u00f3ximos d\u00edas, seg\u00fan una fuente conocedora de la situaci\u00f3n\u201c, escribi\u00f3 en X. Ravid no especific\u00f3 d\u00f3nde podr\u00eda celebrarse la siguiente ronda.<\/strong><\/p>\n<\/blockquote>\n\n\n\n<p><strong><a href=\"https:\/\/tass.com\/world\/2083119\" title=\"\">TASS<\/a>\/gnews.cz-jav<\/strong><\/p>","protected":false},"excerpt":{"rendered":"<p>WASHINGTON, 6 de febrero. Las conversaciones entre las delegaciones estadounidense e iran\u00ed en Om\u00e1n han concluido, pero est\u00e1 prevista una nueva ronda de consultas en un futuro pr\u00f3ximo,...<\/p>","protected":false},"author":2,"featured_media":40720,"comment_status":"open","ping_status":"closed","sticky":false,"template":"","format":"standard","meta":{"_acf_changed":false,"_lmt_disableupdate":"","_lmt_disable":"","footnotes":""},"categories":[3,7,1,580,2973],"tags":[10203,760,10,3019,17,38,146,41],"class_list":["post-40719","post","type-post","status-publish","format-standard","has-post-thumbnail","hentry","category-neprehlednete","category-politika","category-tema","category-vyber-sefredaktora","category-zahranicni","tag-axios","tag-iran-3","tag-news","tag-oman","tag-top","tag-usa","tag-washington","tag-world"],"acf":[],"aioseo_notices":[],"_links":{"self":[{"href":"https:\/\/gnews.cz\/es\/wp-json\/wp\/v2\/posts\/40719","targetHints":{"allow":["GET"]}}],"collection":[{"href":"https:\/\/gnews.cz\/es\/wp-json\/wp\/v2\/posts"}],"about":[{"href":"https:\/\/gnews.cz\/es\/wp-json\/wp\/v2\/types\/post"}],"author":[{"embeddable":true,"href":"https:\/\/gnews.cz\/es\/wp-json\/wp\/v2\/users\/2"}],"replies":[{"embeddable":true,"href":"https:\/\/gnews.cz\/es\/wp-json\/wp\/v2\/comments?post=40719"}],"version-history":[{"count":2,"href":"https:\/\/gnews.cz\/es\/wp-json\/wp\/v2\/posts\/40719\/revisions"}],"predecessor-version":[{"id":40760,"href":"https:\/\/gnews.cz\/es\/wp-json\/wp\/v2\/posts\/40719\/revisions\/40760"}],"wp:featuredmedia":[{"embeddable":true,"href":"https:\/\/gnews.cz\/es\/wp-json\/wp\/v2\/media\/40720"}],"wp:attachment":[{"href":"https:\/\/gnews.cz\/es\/wp-json\/wp\/v2\/media?parent=40719"}],"wp:term":[{"taxonomy":"category","embeddable":true,"href":"https:\/\/gnews.cz\/es\/wp-json\/wp\/v2\/categories?post=40719"},{"taxonomy":"post_tag","embeddable":true,"href":"https:\/\/gnews.cz\/es\/wp-json\/wp\/v2\/tags?post=40719"}],"curies":[{"name":"wp","href":"https:\/\/api.w.org\/{rel}","templated":true}]}}