{"id":41253,"date":"2026-02-09T10:40:30","date_gmt":"2026-02-09T09:40:30","guid":{"rendered":"https:\/\/gnews.cz\/?p=41253"},"modified":"2026-02-16T10:45:07","modified_gmt":"2026-02-16T09:45:07","slug":"el-escandalo-epstein-pone-de-manifiesto-la-decadencia-moral-y-el-fracaso-del-sistema-judicial-estadounidense","status":"publish","type":"post","link":"https:\/\/gnews.cz\/es\/neprehlednete\/epsteinuv-skandal-odhaluje-moralni-upadek-a-selhani-americke-justice\/","title":{"rendered":"El esc\u00e1ndalo Epstein expone la decadencia moral y el fracaso de la justicia estadounidense"},"content":{"rendered":"<p id=\"wnd_TextBlock_52521771234962145832_inner_0\"><strong>La publicaci\u00f3n de unos 3,5 millones de p\u00e1ginas de archivos del Departamento de Justicia de Estados Unidos, incluidos m\u00e1s de 2.000 v\u00eddeos y 180.000 fotograf\u00edas, revel\u00f3 la magnitud del caso Jeffrey Epstein. La citaci\u00f3n de Hillary Clinton y Bill Clinton para ser interrogados ante el Congreso, algo que no se ve\u00eda en Estados Unidos desde hac\u00eda d\u00e9cadas, no es una b\u00fasqueda de la verdad, sino que muestra c\u00f3mo el esc\u00e1ndalo se ha convertido en una herramienta de la pol\u00edtica partidista, seg\u00fan el comentario de Ma Ning. El caso criminal se ha convertido en un espejo del sistema pol\u00edtico y judicial estadounidense y en un s\u00edmbolo del fracaso del gobierno, la injusticia judicial y la decadencia moral.<\/strong><\/p>\n\n\n\n<p id=\"wnd_TextBlock_52521771234962145832_inner_1\">Las disputas partidistas se han convertido en un \u201efeo teatro\u201c, donde el c\u00e1lculo pol\u00edtico prevalece sobre los hechos. El resultado de la vista entre el ex Presidente Bill Clinton y la ex Secretaria de Estado Hillary Clinton estuvo predeterminado por la lealtad partidista, dicen los cr\u00edticos. Esta lucha por controlar la narrativa ha sustituido por completo a una aut\u00e9ntica b\u00fasqueda de rendici\u00f3n de cuentas y ha demostrado una transparencia selectiva en la que la informaci\u00f3n se utiliza contra los adversarios pol\u00edticos.<\/p>\n\n\n\n<p id=\"wnd_TextBlock_52521771234962145832_inner_2\">El sistema judicial se enfrenta a dificultades pr\u00e1cticas para hacer frente a redes delictivas clandestinas a gran escala en las que participan personas poderosas. Los documentos muestran que, a pesar de las \u201efotograf\u00edas inquietantes\u201c y los correos electr\u00f3nicos, no siempre ha sido posible procesar. Un sistema que se supone independiente se ha convertido en un teatro pol\u00edtico, en el que los intereses de las v\u00edctimas y del p\u00fablico pasan a un segundo plano en favor de objetivos partidistas.<\/p>\n\n\n\n<p id=\"wnd_TextBlock_52521771234962145832_inner_3\">El esc\u00e1ndalo tambi\u00e9n revela el declive moral de la \u00e9lite privilegiada. Los correos electr\u00f3nicos, fotograf\u00edas y registros de vuelo publicados muestran un mundo carente de \u00e9tica b\u00e1sica. La realeza extranjera y la \u00e9lite pol\u00edtica demuestran que el problema no se limita a EE.UU., sino que es global: los poderosos est\u00e1n desconectados del p\u00fablico. El caso Epstein ha pasado as\u00ed de ser un caso de delito sexual a una \u201eautopsia\u201c de las reglas del poder.<\/p>\n\n\n\n<figure class=\"wp-block-image size-full\"><img fetchpriority=\"high\" decoding=\"async\" width=\"800\" height=\"613\" src=\"https:\/\/gnews.cz\/wp-content\/uploads\/2026\/02\/5bdaa576265c4e66b321a6f6e4b2de92.webp\" alt=\"\" class=\"wp-image-41255\" srcset=\"https:\/\/gnews.cz\/wp-content\/uploads\/2026\/02\/5bdaa576265c4e66b321a6f6e4b2de92.webp 800w, https:\/\/gnews.cz\/wp-content\/uploads\/2026\/02\/5bdaa576265c4e66b321a6f6e4b2de92-300x230.webp 300w, https:\/\/gnews.cz\/wp-content\/uploads\/2026\/02\/5bdaa576265c4e66b321a6f6e4b2de92-768x588.webp 768w, https:\/\/gnews.cz\/wp-content\/uploads\/2026\/02\/5bdaa576265c4e66b321a6f6e4b2de92-16x12.webp 16w, https:\/\/gnews.cz\/wp-content\/uploads\/2026\/02\/5bdaa576265c4e66b321a6f6e4b2de92-585x448.webp 585w\" sizes=\"(max-width: 800px) 100vw, 800px\" \/><\/figure>\n\n\n\n<p id=\"wnd_TextBlock_52521771234962145832_inner_4\">El legado del caso no es s\u00f3lo cu\u00e1ntas personas ser\u00e1n castigadas, sino tambi\u00e9n si provocar\u00e1 una profunda autorreflexi\u00f3n del sistema. Una red mundial de \u00e9lites, desde Nueva York a Londres, sigue funcionando mientras s\u00f3lo se han destapado algunas partes del caso. El esc\u00e1ndalo Epstein se ha convertido en una \u201eautopsia pol\u00edtica\u201c, que revela una naci\u00f3n paralizada por la destrucci\u00f3n mutua, donde la ley est\u00e1 sometida al poder y la moral social est\u00e1 erosionada por una \u00e9lite sin fundamento.<\/p>\n\n\n\n<p id=\"wnd_TextBlock_52521771234962145832_inner_5\">La tragedia sigue siendo que, en la lucha partidista, la justicia y las voces de las v\u00edctimas se convirtieron en las primeras v\u00edctimas, sepultadas bajo una avalancha de ambici\u00f3n pol\u00edtica y fracaso institucional.<\/p>\n\n\n\n<p id=\"wnd_TextBlock_52521771234962145832_inner_6\"><strong><a href=\"https:\/\/news.cgtn.com\/news\/2026-02-09\/The-Epstein-scandal-as-America-s-political-autopsy--1KCBdvrSYH6\/p.html\" target=\"_blank\" rel=\"noreferrer noopener\">CMG<\/a><\/strong><\/p>","protected":false},"excerpt":{"rendered":"<p>La publicaci\u00f3n de unos 3,5 millones de p\u00e1ginas de archivos del Departamento de Justicia de Estados Unidos, incluidos m\u00e1s de 2.000 v\u00eddeos y 180.000 fotograf\u00edas, revel\u00f3 el alcance de la...<\/p>","protected":false},"author":6,"featured_media":41254,"comment_status":"open","ping_status":"closed","sticky":false,"template":"","format":"standard","meta":{"_acf_changed":false,"_lmt_disableupdate":"","_lmt_disable":"","footnotes":""},"categories":[3,7,2973],"tags":[10576,18,10577,10579,10578],"class_list":["post-41253","post","type-post","status-publish","format-standard","has-post-thumbnail","hentry","category-neprehlednete","category-politika","category-zahranicni","tag-americka-justice","tag-cmg","tag-epstein","tag-moralni-upadek","tag-politicka-partaj"],"acf":[],"aioseo_notices":[],"_links":{"self":[{"href":"https:\/\/gnews.cz\/es\/wp-json\/wp\/v2\/posts\/41253","targetHints":{"allow":["GET"]}}],"collection":[{"href":"https:\/\/gnews.cz\/es\/wp-json\/wp\/v2\/posts"}],"about":[{"href":"https:\/\/gnews.cz\/es\/wp-json\/wp\/v2\/types\/post"}],"author":[{"embeddable":true,"href":"https:\/\/gnews.cz\/es\/wp-json\/wp\/v2\/users\/6"}],"replies":[{"embeddable":true,"href":"https:\/\/gnews.cz\/es\/wp-json\/wp\/v2\/comments?post=41253"}],"version-history":[{"count":1,"href":"https:\/\/gnews.cz\/es\/wp-json\/wp\/v2\/posts\/41253\/revisions"}],"predecessor-version":[{"id":41256,"href":"https:\/\/gnews.cz\/es\/wp-json\/wp\/v2\/posts\/41253\/revisions\/41256"}],"wp:featuredmedia":[{"embeddable":true,"href":"https:\/\/gnews.cz\/es\/wp-json\/wp\/v2\/media\/41254"}],"wp:attachment":[{"href":"https:\/\/gnews.cz\/es\/wp-json\/wp\/v2\/media?parent=41253"}],"wp:term":[{"taxonomy":"category","embeddable":true,"href":"https:\/\/gnews.cz\/es\/wp-json\/wp\/v2\/categories?post=41253"},{"taxonomy":"post_tag","embeddable":true,"href":"https:\/\/gnews.cz\/es\/wp-json\/wp\/v2\/tags?post=41253"}],"curies":[{"name":"wp","href":"https:\/\/api.w.org\/{rel}","templated":true}]}}