{"id":41272,"date":"2026-02-16T12:00:00","date_gmt":"2026-02-16T11:00:00","guid":{"rendered":"https:\/\/gnews.cz\/?p=41272"},"modified":"2026-02-16T14:12:31","modified_gmt":"2026-02-16T13:12:31","slug":"lista-de-300-famosos-en-los-documentos-de-jeffrey-epstein-principe-harry-kardashianova-cobain-i-springsteen","status":"publish","type":"post","link":"https:\/\/gnews.cz\/es\/neprehlednete\/seznam-300-celebrit-v-dokumentech-jeffreye-epsteina-princ-harry-kardashianova-cobain-i-springsteen\/","title":{"rendered":"Lista de 300 famosos en los documentales de Jeffrey Epstein: el pr\u00edncipe Harry, Kardashian, Cobain y Springsteen"},"content":{"rendered":"<p><strong>NUEVA YORK - La fiscal general de EE.UU., Pam Bondi, ha hecho p\u00fablica una lista de m\u00e1s de 300 personas de alto perfil cuyos nombres aparecen en los documentos del financiero estadounidense Jeffrey Epstein, inform\u00f3 Fox News, citando su carta a los miembros del Congreso.<\/strong><\/p>\n\n\n\n<p>Seg\u00fan el canal de televisi\u00f3n, la carta contiene una lista de todos los ex funcionarios y funcionarios actuales o personas pol\u00edticamente prominentes cuyos nombres fueron mencionados al menos una vez en los materiales publicados por el Departamento de Justicia de EE.UU. en relaci\u00f3n con el caso Epstein. Entre ellos figuran el pr\u00edncipe Harry de Gran Breta\u00f1a, la estrella de la televisi\u00f3n y empresaria estadounidense Kim Kardashian, los m\u00fasicos Kurt Cobain y Bruce Springsteen y otras celebridades.<\/p>\n\n\n\n<p>En la carta se afirma que el Departamento ha hecho p\u00fablicos todos los \u201eregistros, documentos, comunicaciones y material de investigaci\u00f3n\u201c que obran en su poder y que se dividen en nueve categor\u00edas, entre las que se incluyen datos sobre trata de seres humanos, retenci\u00f3n de documentos, etc.<\/p>\n\n\n\n<blockquote class=\"wp-block-quote is-layout-flow wp-block-quote-is-layout-flow\">\n<p><em>\u201eNo se retuvo ni censur\u00f3 ning\u00fan registro \u201apor motivos de verg\u00fcenza, da\u00f1o a la reputaci\u00f3n o sensibilidad pol\u00edtica, incluido cualquier funcionario del gobierno, figura p\u00fablica o dignatario extranjero,\u2018\".\u2018<\/em>\u201cFox News cit\u00f3 a Bondi diciendo.<\/p>\n<\/blockquote>\n\n\n\n<p>Epstein fue arrestado por las fuerzas de seguridad de Nueva York el 6 de julio de 2019. Los fiscales dijeron que entre 2002 y 2005, organiz\u00f3 visitas a su casa de Manhattan de docenas de ni\u00f1as menores de edad, la m\u00e1s joven de las cuales ten\u00eda 14 a\u00f1os. El c\u00edrculo de amigos y conocidos de Epstein inclu\u00eda a funcionarios actuales y anteriores de Estados Unidos y muchos otros pa\u00edses, incluidos ex jefes de Estado, as\u00ed como prominentes empresarios y estrellas del mundo del espect\u00e1culo. Los procesos penales contra el financiero en Estados Unidos se archivaron despu\u00e9s de que supuestamente se ahorcara en su celda de la c\u00e1rcel en agosto de 2019.<\/p>\n\n\n\n<p><strong>gnews.cz - GH<\/strong><\/p>","protected":false},"excerpt":{"rendered":"<p>NUEVA YORK - La fiscal general de EE.UU., Pam Bondi, ha hecho p\u00fablica una lista de m\u00e1s de 300 personas de alto nivel cuyos nombres aparecen en documentos de la Fiscal\u00eda de EE.UU. .....<\/p>","protected":false},"author":6,"featured_media":40956,"comment_status":"open","ping_status":"closed","sticky":false,"template":"","format":"standard","meta":{"_acf_changed":false,"_lmt_disableupdate":"","_lmt_disable":"","footnotes":""},"categories":[3,7,2973],"tags":[10593,3575,10594,10592,10591,17,41],"class_list":["post-41272","post","type-post","status-publish","format-standard","has-post-thumbnail","hentry","category-neprehlednete","category-politika","category-zahranicni","tag-bruce-springsteen","tag-jeffrey-epstein","tag-kim-kardashianova","tag-kurt-cobain","tag-prince-harry","tag-top","tag-world"],"acf":[],"aioseo_notices":[],"_links":{"self":[{"href":"https:\/\/gnews.cz\/es\/wp-json\/wp\/v2\/posts\/41272","targetHints":{"allow":["GET"]}}],"collection":[{"href":"https:\/\/gnews.cz\/es\/wp-json\/wp\/v2\/posts"}],"about":[{"href":"https:\/\/gnews.cz\/es\/wp-json\/wp\/v2\/types\/post"}],"author":[{"embeddable":true,"href":"https:\/\/gnews.cz\/es\/wp-json\/wp\/v2\/users\/6"}],"replies":[{"embeddable":true,"href":"https:\/\/gnews.cz\/es\/wp-json\/wp\/v2\/comments?post=41272"}],"version-history":[{"count":1,"href":"https:\/\/gnews.cz\/es\/wp-json\/wp\/v2\/posts\/41272\/revisions"}],"predecessor-version":[{"id":41273,"href":"https:\/\/gnews.cz\/es\/wp-json\/wp\/v2\/posts\/41272\/revisions\/41273"}],"wp:featuredmedia":[{"embeddable":true,"href":"https:\/\/gnews.cz\/es\/wp-json\/wp\/v2\/media\/40956"}],"wp:attachment":[{"href":"https:\/\/gnews.cz\/es\/wp-json\/wp\/v2\/media?parent=41272"}],"wp:term":[{"taxonomy":"category","embeddable":true,"href":"https:\/\/gnews.cz\/es\/wp-json\/wp\/v2\/categories?post=41272"},{"taxonomy":"post_tag","embeddable":true,"href":"https:\/\/gnews.cz\/es\/wp-json\/wp\/v2\/tags?post=41272"}],"curies":[{"name":"wp","href":"https:\/\/api.w.org\/{rel}","templated":true}]}}