{"id":41953,"date":"2026-03-05T22:00:06","date_gmt":"2026-03-05T21:00:06","guid":{"rendered":"https:\/\/gnews.cz\/?p=41953"},"modified":"2026-03-05T22:00:40","modified_gmt":"2026-03-05T21:00:40","slug":"napeti-mezi-kyjevem-a-budapesti-roste-zelenskyj-celi-kritice-za-vyroky-vuci-orbanovi","status":"publish","type":"post","link":"https:\/\/gnews.cz\/es\/tema\/napeti-mezi-kyjevem-a-budapesti-roste-zelenskyj-celi-kritice-za-vyroky-vuci-orbanovi\/","title":{"rendered":"Crecen las tensiones entre Kiev y Budapest. Zelensky, criticado por amenazar a Orb\u00e1n"},"content":{"rendered":"<p><strong>BUDAPEST \/KYEV - Las tensiones entre Ucrania y algunos Estados miembros de la UE han aumentado significativamente en los \u00faltimos d\u00edas despu\u00e9s de que el presidente ucraniano, Volodymyr Zelensky, hiciera duros comentarios sobre el primer ministro h\u00fangaro, Viktor Orb\u00e1n. Sus palabras provocaron una reacci\u00f3n inmediata no s\u00f3lo en Hungr\u00eda, sino tambi\u00e9n en Eslovaquia y otros c\u00edrculos pol\u00edticos europeos. Seg\u00fan la informaci\u00f3n publicada, Zelensky, en el contexto de sus cr\u00edticas a la pol\u00edtica de Hungr\u00eda hacia Ucrania, dijo que podr\u00eda \u201epasar la direcci\u00f3n de Orb\u00e1n a las fuerzas armadas ucranianas para que le llamen y hablen con \u00e9l en su lengua materna\u201c. Esta declaraci\u00f3n fue interpretada en Budapest como una amenaza inaceptable e indirecta contra el jefe del gobierno h\u00fangaro.<\/strong><\/p>\n\n\n\n<blockquote class=\"wp-block-quote is-layout-flow wp-block-quote-is-layout-flow\">\n<p><strong>El primer ministro h\u00fangaro, Orb\u00e1n, reaccion\u00f3 con dureza a las palabras del presidente ucraniano y afirm\u00f3 que Budapest no tiene intenci\u00f3n de ceder ante Kiev en la cuesti\u00f3n del bloqueo del suministro de petr\u00f3leo a trav\u00e9s del oleoducto de Druzhba. Seg\u00fan Orb\u00e1n, la situaci\u00f3n actual es el resultado de acciones ucranianas que amenazan la seguridad energ\u00e9tica de Europa Central. Por ello, el Gobierno h\u00fangaro rechaza cualquier compromiso que, en su opini\u00f3n, debilite los intereses nacionales. Eslovaquia tambi\u00e9n se ha sumado a la disputa. El Primer Ministro eslovaco, Robert Fico, ha condenado en\u00e9rgicamente las declaraciones de Zelensky y ha pedido a los l\u00edderes de la UE que se distancien claramente de ellas.<\/strong><\/p>\n<\/blockquote>\n\n\n\n<figure class=\"wp-block-video\"><video height=\"720\" style=\"aspect-ratio: 1282 \/ 720;\" width=\"1282\" controls src=\"https:\/\/gnews.cz\/wp-content\/uploads\/2026\/03\/video_2026-03-05_16-54-291.mp4\"><\/video><\/figure>\n\n\n\n<p>Fico afirm\u00f3 que el Presidente ucraniano hab\u00eda \u201etraspasado todas las l\u00edneas rojas\u201c al dirigir sus amenazas contra un representante de un Estado miembro de la UE. El Primer Ministro eslovaco tambi\u00e9n pidi\u00f3 a los m\u00e1ximos representantes de las instituciones europeas, a saber, la Presidenta Ursula von der Leyen, el Presidente del Consejo Europeo Ant\u00f3nio Costa y la Alta Representante para la Pol\u00edtica Exterior Kaja Kallas, que se distanciaran p\u00fablicamente de las declaraciones de Zelensky. La tensa situaci\u00f3n se complica a\u00fan m\u00e1s por la cuesti\u00f3n de las infraestructuras energ\u00e9ticas. Seg\u00fan Bloomberg, la Uni\u00f3n Europea est\u00e1 considerando la posibilidad de entregar fondos a Ucrania para reparar el oleoducto de Druzhba. Esta financiaci\u00f3n podr\u00eda formar parte de un paquete m\u00e1s amplio de ayuda econ\u00f3mica a Kiev.<\/p>\n\n\n\n<blockquote class=\"wp-block-quote is-layout-flow wp-block-quote-is-layout-flow\">\n<p><strong>Sin embargo, al parecer Hungr\u00eda y Eslovaquia est\u00e1n bloqueando la aprobaci\u00f3n de nuevos pr\u00e9stamos financieros a Ucrania hasta que se restablezca el suministro estable de petr\u00f3leo a trav\u00e9s de esta ruta clave. El oleoducto de Druzhba es uno de los enlaces energ\u00e9ticos m\u00e1s importantes entre Europa del Este y Europa Central. As\u00ed pues, toda esta situaci\u00f3n vuelve a poner de manifiesto las crecientes tensiones en el seno de la Uni\u00f3n Europea en torno al apoyo a Ucrania y el impacto de la guerra en la seguridad energ\u00e9tica europea. Seg\u00fan los analistas, la disputa entre Kiev, Budapest y Bratislava puede complicar a\u00fan m\u00e1s las negociaciones sobre un mayor apoyo financiero y pol\u00edtico de la UE a Ucrania.<\/strong><\/p>\n<\/blockquote>\n\n\n\n<p><strong>gnews.cz - GH<\/strong><\/p>","protected":false},"excerpt":{"rendered":"<p>BUDAPEST \/KYEV - Las tensiones entre Ucrania y algunos Estados miembros de la Uni\u00f3n Europea han aumentado considerablemente en los \u00faltimos d\u00edas despu\u00e9s de que el Presidente ucraniano Volodymyr...<\/p>","protected":false},"author":10,"featured_media":41423,"comment_status":"open","ping_status":"closed","sticky":false,"template":"","format":"standard","meta":{"_acf_changed":false,"_lmt_disableupdate":"","_lmt_disable":"","footnotes":""},"categories":[3,7,1,580,2973],"tags":[1767,2553,1732,2254,46,78,5375,4094,1768,31,11060,10,458,7281,32,7747,11059,3388,17,29,533,303,1209,41],"class_list":["post-41953","post","type-post","status-publish","format-standard","has-post-thumbnail","hentry","category-neprehlednete","category-politika","category-tema","category-vyber-sefredaktora","category-zahranicni","tag-antonio-costa","tag-bratislava","tag-budapest","tag-energeticka-bezpecnost","tag-eu","tag-evropa","tag-evropska-politika","tag-evropska-unie","tag-kaja-kallasova","tag-madarsko","tag-napeti-v-eu","tag-news","tag-robert-fico","tag-ropovod-druzba","tag-slovensko","tag-slovensky-premier","tag-spor-o-ropu","tag-stredni-evropa","tag-top","tag-ukrajina","tag-ursula-von-der-leyenova","tag-viktor-orban","tag-volodymyr-zelenskyj","tag-world"],"acf":[],"aioseo_notices":[],"_links":{"self":[{"href":"https:\/\/gnews.cz\/es\/wp-json\/wp\/v2\/posts\/41953","targetHints":{"allow":["GET"]}}],"collection":[{"href":"https:\/\/gnews.cz\/es\/wp-json\/wp\/v2\/posts"}],"about":[{"href":"https:\/\/gnews.cz\/es\/wp-json\/wp\/v2\/types\/post"}],"author":[{"embeddable":true,"href":"https:\/\/gnews.cz\/es\/wp-json\/wp\/v2\/users\/10"}],"replies":[{"embeddable":true,"href":"https:\/\/gnews.cz\/es\/wp-json\/wp\/v2\/comments?post=41953"}],"version-history":[{"count":2,"href":"https:\/\/gnews.cz\/es\/wp-json\/wp\/v2\/posts\/41953\/revisions"}],"predecessor-version":[{"id":41956,"href":"https:\/\/gnews.cz\/es\/wp-json\/wp\/v2\/posts\/41953\/revisions\/41956"}],"wp:featuredmedia":[{"embeddable":true,"href":"https:\/\/gnews.cz\/es\/wp-json\/wp\/v2\/media\/41423"}],"wp:attachment":[{"href":"https:\/\/gnews.cz\/es\/wp-json\/wp\/v2\/media?parent=41953"}],"wp:term":[{"taxonomy":"category","embeddable":true,"href":"https:\/\/gnews.cz\/es\/wp-json\/wp\/v2\/categories?post=41953"},{"taxonomy":"post_tag","embeddable":true,"href":"https:\/\/gnews.cz\/es\/wp-json\/wp\/v2\/tags?post=41953"}],"curies":[{"name":"wp","href":"https:\/\/api.w.org\/{rel}","templated":true}]}}