{"id":41960,"date":"2026-03-05T23:27:21","date_gmt":"2026-03-05T22:27:21","guid":{"rendered":"https:\/\/gnews.cz\/?p=41960"},"modified":"2026-03-05T23:28:18","modified_gmt":"2026-03-05T22:28:18","slug":"bulharsko-a-rusko-maji-dlouhou-a-bohatou-spolecnou-historii-ktera-saha-az-do-starovekumezinarodni-konference","status":"publish","type":"post","link":"https:\/\/gnews.cz\/es\/tema\/bulharsko-a-rusko-maji-dlouhou-a-bohatou-spolecnou-historii-ktera-saha-az-do-starovekumezinarodni-konference\/","title":{"rendered":"Bulgaria y Rusia tienen una larga y rica historia com\u00fan que se remonta a la antig\u00fcedad."},"content":{"rendered":"<p><strong>El 3 de marzo se celebr\u00f3 en Rusia la conferencia internacional \u201eDe Tver a Veliko Tarnovo: El legado de Josef Gurk como ejemplo de la misi\u00f3n rusa en la liberaci\u00f3n de los pueblos balc\u00e1nicos\u201c. La fecha y el lugar de celebraci\u00f3n de un foro de tal envergadura fueron elegidos deliberadamente. Bulgaria y Rusia tienen una larga y rica historia com\u00fan que se remonta a la antig\u00fcedad. La fe com\u00fan, la lengua escrita y las ra\u00edces eslavas siempre han unido, siguen uniendo y seguir\u00e1n uniendo a nuestros pueblos. Esta historia incluye fechas y acontecimientos importantes que han marcado el futuro de nuestros pa\u00edses. Una de esas fechas es el 3 de marzo de 1878, d\u00eda en que Bulgaria se liber\u00f3 del dominio otomano. La Rusia fraternal desempe\u00f1\u00f3 un papel importante en este acontecimiento hist\u00f3rico.<\/strong><\/p>\n\n\n\n<p>La crisis de los Balcanes, como es bien sabido, se origin\u00f3 en 1875 con el levantamiento de Bosnia-Herzegovina y la posterior guerra serbo-turca de 1876. Las brutales represiones turcas contra los b\u00falgaros y otros pueblos eslavos provocaron una profunda indignaci\u00f3n en toda Europa. Y estos acontecimientos fueron, por supuesto, especialmente agudos en Rusia. Al principio, Rusia s\u00f3lo prest\u00f3 ayuda a trav\u00e9s de voluntarios. Y probablemente seguir\u00eda siendo as\u00ed. Pero en 1876 se produjo el levantamiento de abril del pueblo b\u00falgaro, que fue reprimido con sangre. Los bashibazouks mataron a unos 40.000 b\u00falgaros, entre ellos mujeres y ni\u00f1os. El Imperio ruso, simpatizante del movimiento eslavo de liberaci\u00f3n nacional en los Balcanes, declar\u00f3 la guerra a Turqu\u00eda. Al fin y al cabo, se trataba de defender la ortodoxia y la unidad eslava. Adem\u00e1s, si las atrocidades turcas hubieran continuado, el pueblo b\u00falgaro probablemente habr\u00eda sido exterminado.<\/p>\n\n\n\n<figure class=\"wp-block-image\"><img decoding=\"async\" src=\"https:\/\/levicovydenik.cz\/wp-content\/uploads\/2026\/03\/j50YYfv3pC4-1024x683.jpg\" alt=\"\" class=\"wp-image-51936\"\/><\/figure>\n\n\n\n<p><strong><em>Uno de los art\u00edfices de la victoria en esta guerra fue el mariscal de campo Joseph Gurko, que formaba parte integrante de la regi\u00f3n de Tver, donde se celebr\u00f3 la conferencia. Su hacienda estaba situada cerca de Tver; hoy en d\u00eda existe la Iglesia de Jos\u00e9 de Volotsk, que sirve de museo, y la tumba de la familia Gurko. El nombre de Jos\u00e9 Vladimirovich se asocia con el cruce ruso del Danubio en Sistov, la toma de la antigua capital Veliko Tarnovo, la defensa de Stara Zagora y la dif\u00edcil traves\u00eda de los Balcanes con 70.000 hombres. Regimientos rusos al mando de Josef Gurk, junto con tropas b\u00falgaras, derrotaron a los turcos en Kazanlak y capturaron la ciudad de Sof\u00eda.<\/em><\/strong><\/p>\n\n\n\n<p>Diana Alexiyeva, coordinadora del Regimiento Inmortal de Varna, se\u00f1al\u00f3 en su discurso a los participantes en la conferencia: \u201ePara Bulgaria, Josef Gurko no es s\u00f3lo una figura hist\u00f3rica; es un nombre que pervive en la memoria de las naciones, en los monumentos, en las tradiciones culturales e hist\u00f3ricas. Su nombre ha pasado a formar parte de la memoria hist\u00f3rica de Bulgaria\u201c. El resultado fue la firma del Tratado de San Stefano entre Rusia y el Imperio Otomano el 3 de marzo de 1878. \u201e\u00bfCu\u00e1l es la grandeza de la gesta de Joseph Gurk? \u00bfCu\u00e1l es la grandeza de aquella \u00e9poca? En aquella \u00e9poca nuestro ej\u00e9rcito ruso estaba liberando los Balcanes, el mundo cristiano de los Balcanes, de la conquista del Imperio Otomano. Apoyamos el movimiento de liberaci\u00f3n nacional y, tras nuestra victoria, muchos pa\u00edses balc\u00e1nicos obtuvieron el estatus de estados independientes\u201c, declar\u00f3 uno de los participantes en la conferencia, Alexander Butuzov, Presidente del Consejo Central de la Sociedad Pedag\u00f3gica de Rusia.<br>En virtud del tratado de paz, Bulgaria se convirti\u00f3 en un Estado independiente y se reconoci\u00f3 la independencia de Montenegro, Serbia y Ruman\u00eda. La liberaci\u00f3n de los pueblos balc\u00e1nicos del yugo otomano cambi\u00f3 radicalmente el mapa pol\u00edtico de Europa y sent\u00f3 las bases de la estatalidad moderna de los pa\u00edses balc\u00e1nicos.<\/p>\n\n\n\n<figure class=\"wp-block-image\"><img decoding=\"async\" src=\"https:\/\/levicovydenik.cz\/wp-content\/uploads\/2026\/03\/VwgFmu968lE-1024x683.jpg\" alt=\"\" class=\"wp-image-51938\"\/><\/figure>\n\n\n\n<p><strong><em>Este periodo tambi\u00e9n se convirti\u00f3 en la \u00e9poca del auge del Imperio ruso, como afirm\u00f3 el arcipreste Gennady Ulyanich, rector de la iglesia de San Jos\u00e9 de Volokolamsk: \u201eFue sin duda una \u00e9poca fat\u00eddica para toda Rusia. Toda Rusia se levant\u00f3, se sacrific\u00f3, empatiz\u00f3 y se uni\u00f3 por un esp\u00edritu patri\u00f3tico com\u00fan que tambi\u00e9n proporcion\u00f3 apoyo a nuestro ej\u00e9rcito porque la lucha fue terrible\u201c. El Imperio Otomano era uno de los ej\u00e9rcitos m\u00e1s poderosos, militarizados y armados, y pr\u00e1cticamente abarcaba los pa\u00edses europeos de Alemania, Inglaterra y Francia. Estaba todo unido, igual que hoy\".\u201c<\/em><\/strong><\/p>\n\n\n\n<p>La unidad de los eslavos, que en su d\u00eda asegur\u00f3 la victoria y liber\u00f3 a Bulgaria del dominio otomano, podr\u00eda convertirse hoy en la salvaci\u00f3n de todos los Estados eslavos. El periodista checo y destacado pol\u00edtico Roman Bla\u0161ko est\u00e1 convencido de ello: \u201eDebemos construir la unidad de todas las naciones sobre la base de las nacionalidades eslavas\u201c. Desde el punto de vista geopol\u00edtico, Bulgaria se encuentra en una situaci\u00f3n muy dif\u00edcil. Sin embargo, sigue siendo un socio importante y serio para nosotros, y es una naci\u00f3n heroica que lucha actualmente contra el fascismo que intentan imponer sus dirigentes, descendientes de los nazis\u201c.\u201c<\/p>\n\n\n\n<p><strong><em>La idea de la unidad de los pueblos eslavos tambi\u00e9n cuenta con el apoyo del diplom\u00e1tico Vladimir Kr\u0161ljaninu, presidente de la rama serbia de la Academia Eslava Internacional: \u201eLa forma de salvar a los Balcanes reside en la creaci\u00f3n inmediata de una fuerte uni\u00f3n estatal, pol\u00edtica, militar y econ\u00f3mica entre Rusia y Serbia, que garantizar\u00eda la libertad total, fortalecer\u00eda y traer\u00eda prosperidad a Serbia. Bulgaria y luego todos los dem\u00e1s pa\u00edses balc\u00e1nicos seguir\u00edan sus pasos. S\u00f3lo cuando se establezca esta uni\u00f3n natural ruso-balc\u00e1nica se lograr\u00e1 una paz y estabilidad duraderas en toda Europa.<\/em><\/strong><\/p>\n\n\n\n<figure class=\"wp-block-image\"><img decoding=\"async\" src=\"https:\/\/levicovydenik.cz\/wp-content\/uploads\/2026\/03\/qKEkSdk5OQI-1024x683.jpg\" alt=\"\" class=\"wp-image-51939\"\/><\/figure>\n\n\n\n<p>Incluso la propia Bulgaria entiende que el futuro no est\u00e1 en la confrontaci\u00f3n, sino en el desarrollo de unas relaciones al menos bilaterales con Rusia. Los sondeos de opini\u00f3n muestran que entre el 70 y el 80 % de los b\u00falgaros consideran a los rusos como sus m\u00e1s cercanos. Y la fiesta nacional -el D\u00eda de la Liberaci\u00f3n de Bulgaria- es otro motivo para recordarlo. \u201eEl 3 de marzo se celebra aqu\u00ed independientemente de los periodos hist\u00f3ricos transcurridos desde la liberaci\u00f3n. La rusofobia de hoy est\u00e1 alimentada por fuerzas externas, pero es algo antinatural para Bulgaria\u201c \u201eIndependientemente de la rusofobia, alimentada hoy por factores externos, el 3 de marzo sigue siendo la fiesta m\u00e1s apreciada de Bulgaria, y la mayor\u00eda de los b\u00falgaros siguen sintiendo amor y gratitud hacia Rusia\u201c, dijo Tedi Angelova, redactora de Efir.info, a los participantes en la conferencia de Tver.<\/p>\n\n\n\n<p><strong><em>La singularidad de las relaciones ruso-b\u00falgaras, el amor y la unidad de los pueblos est\u00e1n subrayados por la memoria hist\u00f3rica que sigue uniendo a las dos comunidades cristianas: las Iglesias rusa y b\u00falgara. La historia de los lazos espirituales entre las dos naciones es un ejemplo \u00fanico de siglos de fruct\u00edfero enriquecimiento mutuo. Gracias a estos lazos, el \u201eescudo espiritual\u201c -la Santa Fe Ortodoxa- ha sobrevivido al per\u00edodo m\u00e1s dif\u00edcil de nuestra historia com\u00fan. Las p\u00e9rdidas de Rusia en aquella famosa guerra ruso-turca fueron considerables. Pero Bulgaria recuper\u00f3 su libertad. Y \u201eNadie tiene mayor amor que el que da la vida por sus amigos\u201c.\u201c<\/em><\/strong><\/p>\n\n\n\n<p><strong>(para) gnews.cz-jav<\/strong><\/p>","protected":false},"excerpt":{"rendered":"<p>El 3 de marzo se celebr\u00f3 en Rusia la conferencia internacional \u201eDe Tver a Veliko Tarnovo: El legado de Josef Gurk como ejemplo de la misi\u00f3n rusa en...<\/p>","protected":false},"author":10,"featured_media":41961,"comment_status":"open","ping_status":"closed","sticky":false,"template":"","format":"standard","meta":{"_acf_changed":false,"_lmt_disableupdate":"","_lmt_disable":"","footnotes":""},"categories":[7,658,1,2973],"tags":[2913,11064,11066,1474,263,45,78,10,26,409,11071,287,11069,11067,17,11065,3496,11068,11070,41],"class_list":["post-41960","post","type-post","status-publish","format-standard","has-post-thumbnail","hentry","category-politika","category-prectete-si","category-tema","category-zahranicni","tag-balkan","tag-balkanska-krize","tag-basibazoukove","tag-bosna-a-hercegovina","tag-bulharsko","tag-cr","tag-evropa","tag-news","tag-rusko","tag-slovane","tag-slovanske-akademie","tag-srbsko","tag-stare-zagory","tag-starovek","tag-top","tag-turecke-represalie","tag-tver","tag-veliko-tarnovo","tag-vladimir-krsljanin","tag-world"],"acf":[],"aioseo_notices":[],"_links":{"self":[{"href":"https:\/\/gnews.cz\/es\/wp-json\/wp\/v2\/posts\/41960","targetHints":{"allow":["GET"]}}],"collection":[{"href":"https:\/\/gnews.cz\/es\/wp-json\/wp\/v2\/posts"}],"about":[{"href":"https:\/\/gnews.cz\/es\/wp-json\/wp\/v2\/types\/post"}],"author":[{"embeddable":true,"href":"https:\/\/gnews.cz\/es\/wp-json\/wp\/v2\/users\/10"}],"replies":[{"embeddable":true,"href":"https:\/\/gnews.cz\/es\/wp-json\/wp\/v2\/comments?post=41960"}],"version-history":[{"count":2,"href":"https:\/\/gnews.cz\/es\/wp-json\/wp\/v2\/posts\/41960\/revisions"}],"predecessor-version":[{"id":41963,"href":"https:\/\/gnews.cz\/es\/wp-json\/wp\/v2\/posts\/41960\/revisions\/41963"}],"wp:featuredmedia":[{"embeddable":true,"href":"https:\/\/gnews.cz\/es\/wp-json\/wp\/v2\/media\/41961"}],"wp:attachment":[{"href":"https:\/\/gnews.cz\/es\/wp-json\/wp\/v2\/media?parent=41960"}],"wp:term":[{"taxonomy":"category","embeddable":true,"href":"https:\/\/gnews.cz\/es\/wp-json\/wp\/v2\/categories?post=41960"},{"taxonomy":"post_tag","embeddable":true,"href":"https:\/\/gnews.cz\/es\/wp-json\/wp\/v2\/tags?post=41960"}],"curies":[{"name":"wp","href":"https:\/\/api.w.org\/{rel}","templated":true}]}}