{"id":42019,"date":"2026-03-06T13:36:21","date_gmt":"2026-03-06T12:36:21","guid":{"rendered":"https:\/\/gnews.cz\/?p=42019"},"modified":"2026-03-06T13:36:45","modified_gmt":"2026-03-06T12:36:45","slug":"velvyslanec-usa-brent-bozell-slibuje-silnejsi-partnerstvi-s-jizni-afrikou","status":"publish","type":"post","link":"https:\/\/gnews.cz\/es\/politika\/velvyslanec-usa-brent-bozell-slibuje-silnejsi-partnerstvi-s-jizni-afrikou\/","title":{"rendered":"El embajador estadounidense Brent Bozell promete una asociaci\u00f3n m\u00e1s estrecha con Sud\u00e1frica"},"content":{"rendered":"<p><strong>El reci\u00e9n nombrado embajador de Estados Unidos en Sud\u00e1frica, Leo Brent Bozell III, ha lanzado su primer mensaje p\u00fablico a los sudafricanos tras entregar una copia de sus credenciales al Departamento de Relaciones Internacionales y Cooperaci\u00f3n (DIRCO).<\/strong><\/p>\n\n\n\n<p>En un v\u00eddeo de bienvenida filmado junto a su esposa Norma, el Embajador Bozell habl\u00f3 de la profundidad de la relaci\u00f3n bilateral, la importancia de los valores democr\u00e1ticos compartidos y su compromiso con el fortalecimiento de la cooperaci\u00f3n entre Estados Unidos y Sud\u00e1frica a nivel pol\u00edtico, econ\u00f3mico y personal.<\/p>\n\n\n\n<p><em>\u201eMi objetivo es construir una asociaci\u00f3n que refuerce nuestros valores compartidos, fortalezca los lazos entre nuestras naciones y convierta la oportunidad en progreso. Estoy deseando trabajar con los l\u00edderes, los innovadores y las comunidades de Sud\u00e1frica para desarrollar conjuntamente lo mejor de nuestros dos pa\u00edses: nuestra resiliencia, creatividad y esp\u00edritu de oportunidad.\u201c <\/em>dijo Bozell.<\/p>\n\n\n\n<blockquote class=\"wp-block-quote is-layout-flow wp-block-quote-is-layout-flow\">\n<p><em>\u201eNuestras relaciones est\u00e1n enraizadas en la historia, los ideales democr\u00e1ticos compartidos y la profundizaci\u00f3n de los lazos econ\u00f3micos y culturales. M\u00e1s de 500 empresas estadounidenses participan con orgullo en el crecimiento de Sud\u00e1frica\u201c.\u201c<\/em><\/p>\n<\/blockquote>\n\n\n\n<p><em>\u201eMiles de estadounidenses viven y trabajan aqu\u00ed, atra\u00eddos por la energ\u00eda y el potencial de este pa\u00eds\u201c.\u201c <\/em>dijo Bozell.<\/p>\n\n\n\n<p><strong>TDS<\/strong><\/p>\n\n\n\n<p><strong><a href=\"https:\/\/www.thediplomaticsociety.co.za\/5540-us-ambassador-brent-bozell-pledges-stronger-partnership-with-south-africa\" title=\"\">Thediplomaticsociety<\/a>\/gnews.cz - GH<\/strong><\/p>","protected":false},"excerpt":{"rendered":"<p>El reci\u00e9n nombrado embajador de Estados Unidos en Sud\u00e1frica, Leo Brent Bozell III, ha lanzado su primer mensaje p\u00fablico a los sudafricanos tras entregar una copia de...<\/p>","protected":false},"author":6,"featured_media":42020,"comment_status":"open","ping_status":"closed","sticky":false,"template":"","format":"standard","meta":{"_acf_changed":false,"_lmt_disableupdate":"","_lmt_disable":"","footnotes":""},"categories":[7],"tags":[11095,11096,255,3903,3158,17,41],"class_list":["post-42019","post","type-post","status-publish","format-standard","has-post-thumbnail","hentry","category-politika","tag-brent-bozell","tag-diplomacie-usa","tag-jizni-afrika","tag-spojene-staty","tag-the-diplomatic-society","tag-top","tag-world"],"acf":[],"aioseo_notices":[],"_links":{"self":[{"href":"https:\/\/gnews.cz\/es\/wp-json\/wp\/v2\/posts\/42019","targetHints":{"allow":["GET"]}}],"collection":[{"href":"https:\/\/gnews.cz\/es\/wp-json\/wp\/v2\/posts"}],"about":[{"href":"https:\/\/gnews.cz\/es\/wp-json\/wp\/v2\/types\/post"}],"author":[{"embeddable":true,"href":"https:\/\/gnews.cz\/es\/wp-json\/wp\/v2\/users\/6"}],"replies":[{"embeddable":true,"href":"https:\/\/gnews.cz\/es\/wp-json\/wp\/v2\/comments?post=42019"}],"version-history":[{"count":2,"href":"https:\/\/gnews.cz\/es\/wp-json\/wp\/v2\/posts\/42019\/revisions"}],"predecessor-version":[{"id":42023,"href":"https:\/\/gnews.cz\/es\/wp-json\/wp\/v2\/posts\/42019\/revisions\/42023"}],"wp:featuredmedia":[{"embeddable":true,"href":"https:\/\/gnews.cz\/es\/wp-json\/wp\/v2\/media\/42020"}],"wp:attachment":[{"href":"https:\/\/gnews.cz\/es\/wp-json\/wp\/v2\/media?parent=42019"}],"wp:term":[{"taxonomy":"category","embeddable":true,"href":"https:\/\/gnews.cz\/es\/wp-json\/wp\/v2\/categories?post=42019"},{"taxonomy":"post_tag","embeddable":true,"href":"https:\/\/gnews.cz\/es\/wp-json\/wp\/v2\/tags?post=42019"}],"curies":[{"name":"wp","href":"https:\/\/api.w.org\/{rel}","templated":true}]}}