{"id":42210,"date":"2026-03-12T04:00:00","date_gmt":"2026-03-12T03:00:00","guid":{"rendered":"https:\/\/gnews.cz\/?p=42210"},"modified":"2026-03-12T08:22:46","modified_gmt":"2026-03-12T07:22:46","slug":"tisice-lidi-v-tokiu-protestovaly-proti-bezpecnostni-politice-vlady-sanae-takaichiove","status":"publish","type":"post","link":"https:\/\/gnews.cz\/es\/politika\/tisice-lidi-v-tokiu-protestovaly-proti-bezpecnostni-politice-vlady-sanae-takaichiove\/","title":{"rendered":"Miles de personas protestaron en Tokio contra la pol\u00edtica de seguridad del gobierno de Sanae Takaichi."},"content":{"rendered":"<p><strong>El martes por la tarde, unas 8.000 personas se congregaron en el centro de Tokio para expresar su desaprobaci\u00f3n por la pol\u00edtica del gobierno de la primera ministra japonesa, Sanae Takaichi. Los manifestantes criticaron en particular el despliegue previsto de misiles y los esfuerzos del gobierno por suavizar las restricciones a la exportaci\u00f3n de armas letales.<\/strong><\/p>\n\n\n\n<p>A pesar del fr\u00edo, los manifestantes llenaron la zona frente al edificio de la Asamblea Nacional japonesa. Portaban pancartas con los lemas \u201e\u00a1No a la guerra!\u201c y \u201e\u00a1No pisoteen la Constituci\u00f3n!\u201c y juntos leyeron en voz alta el art\u00edculo 9 de la Constituci\u00f3n japonesa. Con ello reiteraban su determinaci\u00f3n de defender los principios pacifistas en los que se basa el Jap\u00f3n moderno.<\/p>\n\n\n\n<p>En comparaci\u00f3n con protestas anteriores, esta vez la generaci\u00f3n m\u00e1s joven estaba m\u00e1s representada entre los participantes. Una de las manifestantes, Aya Yasui, llam\u00f3 la atenci\u00f3n sobre el reciente despliegue de lanzacohetes de largo alcance por parte del Ministerio de Defensa japon\u00e9s en la prefectura de Kumamoto. En sus palabras, se trata de una medida que podr\u00eda aumentar significativamente las tensiones en materia de seguridad. \u201eCreo que se trata de una situaci\u00f3n extremadamente peligrosa\u201c, afirm\u00f3.<\/p>\n\n\n\n<p>En las \u00faltimas semanas, el gobierno de Sanae Takaichi ha revisado las directrices operativas sobre los llamados Tres Principios para la Transferencia de Equipamiento y Tecnolog\u00eda de Defensa, relajando a\u00fan m\u00e1s las normas sobre exportaci\u00f3n de armas. Al mismo tiempo, est\u00e1 acelerando los planes para desplegar misiles de largo alcance en varios lugares de Jap\u00f3n y busca apoyos para introducir enmiendas constitucionales. Estas medidas est\u00e1n causando preocupaci\u00f3n y cr\u00edticas en diversos sectores de la sociedad japonesa.<\/p>\n\n\n\n<p><strong><a href=\"https:\/\/czech.cri.cn\/2026\/03\/11\/ARTI1773225892901213\" title=\"\">CMG<\/a><\/strong><\/p>","protected":false},"excerpt":{"rendered":"<p>El martes por la tarde, unas 8.000 personas se reunieron en el centro de Tokio para expresar su desaprobaci\u00f3n por la pol\u00edtica del gobierno de la primera ministra japonesa, Sanae Takaichi. Los manifestantes...<\/p>","protected":false},"author":6,"featured_media":42211,"comment_status":"open","ping_status":"closed","sticky":false,"template":"","format":"standard","meta":{"_acf_changed":false,"_lmt_disableupdate":"","_lmt_disable":"","footnotes":""},"categories":[7,2973],"tags":[18,11309,24,11308,11307],"class_list":["post-42210","post","type-post","status-publish","format-standard","has-post-thumbnail","hentry","category-politika","category-zahranicni","tag-cmg","tag-japonska-ustava","tag-japonsko","tag-protesty-v-tokiu","tag-sanae-takaichiova"],"acf":[],"aioseo_notices":[],"_links":{"self":[{"href":"https:\/\/gnews.cz\/es\/wp-json\/wp\/v2\/posts\/42210","targetHints":{"allow":["GET"]}}],"collection":[{"href":"https:\/\/gnews.cz\/es\/wp-json\/wp\/v2\/posts"}],"about":[{"href":"https:\/\/gnews.cz\/es\/wp-json\/wp\/v2\/types\/post"}],"author":[{"embeddable":true,"href":"https:\/\/gnews.cz\/es\/wp-json\/wp\/v2\/users\/6"}],"replies":[{"embeddable":true,"href":"https:\/\/gnews.cz\/es\/wp-json\/wp\/v2\/comments?post=42210"}],"version-history":[{"count":1,"href":"https:\/\/gnews.cz\/es\/wp-json\/wp\/v2\/posts\/42210\/revisions"}],"predecessor-version":[{"id":42212,"href":"https:\/\/gnews.cz\/es\/wp-json\/wp\/v2\/posts\/42210\/revisions\/42212"}],"wp:featuredmedia":[{"embeddable":true,"href":"https:\/\/gnews.cz\/es\/wp-json\/wp\/v2\/media\/42211"}],"wp:attachment":[{"href":"https:\/\/gnews.cz\/es\/wp-json\/wp\/v2\/media?parent=42210"}],"wp:term":[{"taxonomy":"category","embeddable":true,"href":"https:\/\/gnews.cz\/es\/wp-json\/wp\/v2\/categories?post=42210"},{"taxonomy":"post_tag","embeddable":true,"href":"https:\/\/gnews.cz\/es\/wp-json\/wp\/v2\/tags?post=42210"}],"curies":[{"name":"wp","href":"https:\/\/api.w.org\/{rel}","templated":true}]}}