{"id":42322,"date":"2026-03-21T15:30:00","date_gmt":"2026-03-21T14:30:00","guid":{"rendered":"https:\/\/gnews.cz\/?p=42322"},"modified":"2026-04-28T21:15:18","modified_gmt":"2026-04-28T19:15:18","slug":"slovanska-epopej-alfonse-muchy-obraz-devatenacty-zruseni-nevolnictvi-na-rusi-svobodna-prace-osnova-narodu","status":"publish","type":"post","link":"https:\/\/gnews.cz\/es\/tema\/slovanska-epopej-alfonse-muchy-obraz-devatenacty-zruseni-nevolnictvi-na-rusi-svobodna-prace-osnova-narodu\/","title":{"rendered":"Epopeya eslava de Alfons Mucha - pintura XIX: La abolici\u00f3n de la servidumbre en Rusia. Trabajo libre - el curr\u00edculo de las naciones"},"content":{"rendered":"<p><strong>El cuadro decimonoveno. No s\u00e9 a nadie, pero yo veo este cuadro como una antigua visi\u00f3n familiar de lugares de la historia. Sent\u00ed una extra\u00f1a tensi\u00f3n que no es f\u00e1cil de describir. Era la sensaci\u00f3n de estar en medio de algo de lo que uno forma parte, y de que los tiempos representados son recientes. Est\u00e1s en medio de un momento que trasciende la realidad cotidiana descrita. En momentos as\u00ed me doy cuenta del poder del esp\u00edritu humano, de la energ\u00eda humana y del pensamiento humano cuando se combinan con fe y determinaci\u00f3n. Desde los primeros minutos percib\u00ed una atm\u00f3sfera casi festiva, pero tan ordinaria y pac\u00edfica. No era s\u00f3lo una celebraci\u00f3n formal, sino una expresi\u00f3n genuina de pertenencia humana por parte de una persona corriente, a la que se le abre el futuro, calentada por los rayos del sol. La gente no act\u00faa como una multitud an\u00f3nima, sino de forma muy concreta, como personas que han venido a compartir una experiencia com\u00fan, una energ\u00eda com\u00fan y, sobre todo, una esperanza com\u00fan. Y esta esperanza, energ\u00eda y fe es lo que llen\u00f3 todo el momento de una fuerza extraordinaria.<\/strong><\/p>\n\n\n\n<p>Frente a este monumental cuadro de 8,10 x 6,10, sentir\u00e1 tambi\u00e9n el extra\u00f1o peso de la historia. Es un testimonio profundo de un momento crucial de la historia rusa. El cuadro representa el momento en que se anunci\u00f3 al pueblo ruso el edicto de 1861 por el que se abol\u00eda la servidumbre, un acontecimiento que marc\u00f3 el fin de siglos de cruel orden social. A primera vista, la composici\u00f3n puede parecer una mera reuni\u00f3n hist\u00f3rica en la Plaza Roja. Sin embargo, cuanto m\u00e1s se mira el cuadro, m\u00e1s se reconoce en \u00e9l la dram\u00e1tica profundidad del destino humano que subyace a la poderosa emoci\u00f3n. Las figuras no aparecen triunfantes, como cabr\u00eda esperar cuando se anuncia la libertad. Al contrario. En sus rostros hay al principio una mezcla de asombro, incertidumbre, miedo y cautelosa esperanza, tan t\u00edpica de Rusia. Es este nivel psicol\u00f3gico el que hace que la imagen de Rusia sea especialmente poderosa.<\/p>\n\n\n\n<blockquote class=\"wp-block-quote is-layout-flow wp-block-quote-is-layout-flow\">\n<p><strong>El simbolismo es aqu\u00ed extremadamente expresivo. La silueta dominante del s\u00edmbolo espiritual de la Plaza Roja, la Catedral de Vasili el Beato, no aparece simplemente como un detalle arquitect\u00f3nico de fondo. Act\u00faa como eje vertical de toda la composici\u00f3n, como testigo silencioso y poderoso de la historia rusa. Sus coloridas torres recuerdan simb\u00f3licamente la dimensi\u00f3n espiritual de la civilizaci\u00f3n rusa, como tradici\u00f3n, fe y continuidad que trasciende las \u00e9pocas pol\u00edticas. El contraste entre el majestuoso templo y la gente de la plaza tambi\u00e9n pone de relieve las profundas contradicciones sociales de la sociedad de la \u00e9poca. Las figuras de los campesinos est\u00e1n representadas con ropas pesadas y sencillas, y su postura parece a menudo insegura y vacilante. En cambio, los representantes del poder o de las clases urbanas aparecen m\u00e1s tranquilos y confiados. Este contraste visual no es casual, sino que simboliza el abismo real que ha existido durante siglos entre gobernantes y gobernados.<\/strong><\/p>\n<\/blockquote>\n\n\n\n<p>Algunas de las personas que aparecen en el cuadro miran hacia el lugar desde el que se anuncia el edicto, otras miran al suelo o al espacio, como si intentaran comprender qu\u00e9 significa realmente para ellas esta nueva libertad. La libertad no se representa aqu\u00ed como una liberaci\u00f3n inmediata, sino como un umbral hist\u00f3rico y un momento en el que el viejo mundo ha terminado pero el nuevo a\u00fan no se comprende del todo. Aqu\u00ed es donde reside el poder espiritual no s\u00f3lo de esta imagen, sino tambi\u00e9n de la propia imagen de Rusia. Demuestra que la historia no es s\u00f3lo una serie de decisiones pol\u00edticas, sino sobre todo un drama de destinos humanos. La libertad puede llegar de repente, pero su comprensi\u00f3n y realizaci\u00f3n requieren tiempo, valor y transformaci\u00f3n social. Veo en ella una meditaci\u00f3n literal y profunda sobre la dignidad humana, sobre la transici\u00f3n de la sumisi\u00f3n a la responsabilidad del propio destino, porque toda persona corriente quiere tener verdadera libertad de elecci\u00f3n. Adem\u00e1s, el tama\u00f1o monumental del lienzo realza dos sentimientos: la magnitud del momento y el tama\u00f1o de la tierra donde nunca se pone el sol. Adem\u00e1s, estamos ante un momento que no s\u00f3lo pertenece a Rusia, sino a toda la historia europea. La imagen act\u00faa as\u00ed como un recordatorio silencioso pero poderoso de que cada sociedad tiene que recorrer su propio camino hacia la libertad, y que este camino siempre va acompa\u00f1ado tanto de esperanzas como de temores.<\/p>\n\n\n\n<p><strong>Lea tambi\u00e9n: <a href=\"https:\/\/gnews.cz\/es\/tema\/slovanska-epopej-alfonze-muchy-obraz-osumnacty-prisaha-omladiny-pod-slovanskou-lipou-1894\/\" title=\"\"><a href=\"https:\/\/gnews.cz\/wp-admin\/post.php?post=42326&amp;action=edit\">Epopeya eslava de Alfons Mucha - cuadro 18: Juramento de \u201eOmladina\u201c bajo el tilo eslavo 1894<\/a><\/a><\/strong><\/p>\n\n\n\n<p><strong>Jan Vojt\u011bch, Redactor Jefe, Noticias Generales<\/strong><\/p>","protected":false},"excerpt":{"rendered":"<p>El cuadro decimonoveno. No s\u00e9 a nadie, pero yo veo este cuadro como una antigua visi\u00f3n familiar de lugares de la historia. Sent\u00ed una extra\u00f1a tensi\u00f3n que...<\/p>","protected":false},"author":10,"featured_media":42323,"comment_status":"open","ping_status":"closed","sticky":false,"template":"","format":"standard","meta":{"_acf_changed":false,"_lmt_disableupdate":"","_lmt_disable":"","footnotes":""},"categories":[2968,6,3,1,580],"tags":[411,45,11599,78,5420,4025,10948,11606,2188,11601,74,8777,11611,11605,11604,11377,10,11602,11378,11600,11614,1835,11603,11613,409,410,5328,11607,11608,11609,11376,17,5689,11610,11612,41],"class_list":["post-42322","post","type-post","status-publish","format-standard","has-post-thumbnail","hentry","category-domaci","category-kultura","category-neprehlednete","category-tema","category-vyber-sefredaktora","tag-alfons-mucha","tag-cr","tag-duchovni-atmosfera","tag-evropa","tag-general-news","tag-gnews-cz","tag-historicka-pamet","tag-inspirace","tag-jan-vojtech","tag-komentar","tag-kultura","tag-lidska-dustojnost","tag-lidska-sounalezitost","tag-moralni-odhodlani","tag-nadeje","tag-narod","tag-news","tag-odvaha","tag-osnova-narodu","tag-osobni-svedectvi","tag-pozitivni-energie","tag-recenze","tag-sila-idealu","tag-slavnostni-atmosfera","tag-slovane","tag-slovanska-epopej","tag-solidarita","tag-spolecenska-jednota","tag-spolecenska-odpovednost","tag-spolecne-hodnoty","tag-svobodna-prace","tag-top","tag-top2","tag-vira-v-budoucnost","tag-vitezstvi-ducha","tag-world"],"acf":[],"aioseo_notices":[],"_links":{"self":[{"href":"https:\/\/gnews.cz\/es\/wp-json\/wp\/v2\/posts\/42322","targetHints":{"allow":["GET"]}}],"collection":[{"href":"https:\/\/gnews.cz\/es\/wp-json\/wp\/v2\/posts"}],"about":[{"href":"https:\/\/gnews.cz\/es\/wp-json\/wp\/v2\/types\/post"}],"author":[{"embeddable":true,"href":"https:\/\/gnews.cz\/es\/wp-json\/wp\/v2\/users\/10"}],"replies":[{"embeddable":true,"href":"https:\/\/gnews.cz\/es\/wp-json\/wp\/v2\/comments?post=42322"}],"version-history":[{"count":4,"href":"https:\/\/gnews.cz\/es\/wp-json\/wp\/v2\/posts\/42322\/revisions"}],"predecessor-version":[{"id":44879,"href":"https:\/\/gnews.cz\/es\/wp-json\/wp\/v2\/posts\/42322\/revisions\/44879"}],"wp:featuredmedia":[{"embeddable":true,"href":"https:\/\/gnews.cz\/es\/wp-json\/wp\/v2\/media\/42323"}],"wp:attachment":[{"href":"https:\/\/gnews.cz\/es\/wp-json\/wp\/v2\/media?parent=42322"}],"wp:term":[{"taxonomy":"category","embeddable":true,"href":"https:\/\/gnews.cz\/es\/wp-json\/wp\/v2\/categories?post=42322"},{"taxonomy":"post_tag","embeddable":true,"href":"https:\/\/gnews.cz\/es\/wp-json\/wp\/v2\/tags?post=42322"}],"curies":[{"name":"wp","href":"https:\/\/api.w.org\/{rel}","templated":true}]}}