{"id":42326,"date":"2026-03-14T10:22:42","date_gmt":"2026-03-14T09:22:42","guid":{"rendered":"https:\/\/gnews.cz\/?p=42326"},"modified":"2026-04-28T21:16:31","modified_gmt":"2026-04-28T19:16:31","slug":"slovanska-epopej-alfonze-muchy-obraz-osumnacty-prisaha-omladiny-pod-slovanskou-lipou-1894","status":"publish","type":"post","link":"https:\/\/gnews.cz\/es\/tema\/slovanska-epopej-alfonze-muchy-obraz-osumnacty-prisaha-omladiny-pod-slovanskou-lipou-1894\/","title":{"rendered":"Epopeya eslava de Alfons Mucha - cuadro 18: Juramento de \u201eOmladina\u201c bajo el tilo eslavo 1894"},"content":{"rendered":"<p><strong>Cuadro dieciocho. En la obra de Alfons Mucha, nos encontramos con la sensaci\u00f3n de que se trata o bien de una narraci\u00f3n sobre una persona determinada - v\u00e9ase el ciclo Sarah Bernard - o bien de un conjunto de declaraciones sobre la memoria de una naci\u00f3n, como en este ciclo Epopeya eslava. Y es esta impresi\u00f3n la que nos vuelve con fuerza cuando observamos el lienzo dedicado al movimiento Omladina de 1894. Dentro del ciclo Epopeya eslava, esta escena act\u00faa como un extra\u00f1o hito silencioso y a la vez festivo, un momento en el que la historia a\u00fan no ha avanzado, pero esta tensi\u00f3n hist\u00f3rica ya puede sentirse a su alrededor. La composici\u00f3n act\u00faa como un paisaje simb\u00f3lico de ideas. Los j\u00f3venes que prestan juramento bajo la copa del tilo sagrado no s\u00f3lo act\u00faan como figuras hist\u00f3ricas, sino como met\u00e1fora de una generaci\u00f3n en busca de su propia voz. El tilo, s\u00edmbolo tradicional de la uni\u00f3n eslava, no s\u00f3lo act\u00faa como un \u00e1rbol cuya copa ramificada nos recuerda la b\u00f3veda protectora de la memoria nacional y eslava. El tilo es un testigo silencioso del tiempo, que conecta el pasado con el futuro, del mismo modo que las ra\u00edces conectan el suelo con la copa viva del \u00e1rbol.<\/strong><\/p>\n\n\n\n<blockquote class=\"wp-block-quote is-layout-flow wp-block-quote-is-layout-flow\">\n<p><strong>En su coraz\u00f3n se esconde la figura aleg\u00f3rica de Slavia, la madre de los eslavos. Este motivo me da la impresi\u00f3n de una vieja leyenda que sobrevive a la sombra de la historia. Slavia no es aqu\u00ed una diosa triunfante, sino m\u00e1s bien un manantial oculto del que brota la identidad de toda la naci\u00f3n. De este modo, Mucha crea una imagen festiva que funciona como un mapa simb\u00f3lico de nuestro espacio espiritual como eslavos. Si nos fijamos en las dos figuras de la parte derecha del cuadro, veremos que permanecen inacabadas y que est\u00e1n representadas \u00fanicamente al temple blanco (una t\u00e9cnica que Alfons Mucha utilizaba porque hac\u00eda que la pintura subyacente se secara r\u00e1pidamente). Este detalle puede considerarse casi una met\u00e1fora visual de la historia inacabada. Cuando vi este cuadro por primera vez, me pregunt\u00e9 si no ser\u00eda una especie de manierismo despu\u00e9s de todo, pero llegu\u00e9 a la conclusi\u00f3n de que esto es lo que crea la extra\u00f1a tensi\u00f3n, algo as\u00ed como un cap\u00edtulo inacabado en un libro de historia. En el contexto de toda la epopeya, se plantea la cuesti\u00f3n de si la narraci\u00f3n de la historia nacional puede completarse alguna vez. Y aqu\u00ed creo que el autor deja deliberadamente espacio para que el ciclo contin\u00fae.<\/strong><\/p>\n<\/blockquote>\n\n\n\n<p>Los dos ni\u00f1os sentados en la pared inferior aportan un nivel muy personal. Mucha utiliz\u00f3 a sus propios v\u00e1stagos como modelos: su hijo Ji\u0159\u00ed Mucha y su hija Jaroslav Mucha. La ni\u00f1a que toca el arpa y el ni\u00f1o que est\u00e1 a su lado act\u00faan como el verdadero s\u00edmbolo del futuro, escuchando los ecos del pasado. Aqu\u00ed, el arpa no es s\u00f3lo un instrumento musical, sino que sus cuerdas se asemejan a los tensos hilos del tiempo en los que se desarrolla la dram\u00e1tica melod\u00eda de la historia. Ning\u00fan arte es arte si no tiene m\u00faltiples capas de significado. Y en este ciclo, m\u00faltiples capas de significado se entretejen en cada lienzo. El acontecimiento hist\u00f3rico, la historia personal del artista y el s\u00edmbolo m\u00edtico de los eslavos confluyen en cada cuadro. Aqu\u00ed, Mucha trabaja con el simbolismo visual del mismo modo que un poeta lo hace con las met\u00e1foras; cada figura es portadora de una idea determinada y cada detalle forma parte de una narraci\u00f3n mucho m\u00e1s amplia.<\/p>\n\n\n\n<blockquote class=\"wp-block-quote is-layout-flow wp-block-quote-is-layout-flow\">\n<p><strong>Reflexionando sobre esta obra, me doy cuenta de que el poder de la escena del cuadro no reside \u00fanicamente en el tema hist\u00f3rico. El verdadero valor del cuadro reside en su capacidad para transportar al espectador a un espacio en el que la historia se convierte en leyenda. El juramento que prestan aqu\u00ed los j\u00f3venes patriotas no es s\u00f3lo un momento de desaf\u00edo pol\u00edtico, sino que m\u00e1s bien act\u00faa como un ritual de iniciaci\u00f3n para una generaci\u00f3n que quiere cambiar el curso del tiempo y, por tanto, el destino de s\u00ed mismos y de su naci\u00f3n. En el contexto de toda la epopeya eslava, esta imagen recuerda la calma que precede a la tempestad. Es un momento de concentraci\u00f3n, en el que las ideas toman forma y los nobles ideales eslavos se concretan. De este modo, Mucha crea un poema visual sobre la esperanza, el valor y la b\u00fasqueda de la identidad, al tiempo que nos recuerda silenciosamente que la historia nunca est\u00e1 definitivamente acabada. Por lo tanto, veo todo el cuadro como un puente simb\u00f3lico entre el eslavo como individuo y la historia de la sociedad. En su composici\u00f3n confluyen la memoria familiar del autor, la experiencia hist\u00f3rica de la naci\u00f3n y la imagen m\u00edtica de la civilizaci\u00f3n eslava. Y es en esta s\u00edntesis donde reside el gran poder de la obra de Mucha, capaz de transformar la escena hist\u00f3rica en una par\u00e1bola universal sobre la b\u00fasqueda constante de las ra\u00edces.<\/strong><\/p>\n<\/blockquote>\n\n\n\n<p><strong>Lea tambi\u00e9n: <a href=\"https:\/\/gnews.cz\/es\/tema\/slovanska-epopej-alfonse-muchy-obraz-sedmnacty-mont-athos-vatikan-pravoslavnych\/\" title=\"\">Epopeya eslava de Alfons Mucha - cuadro diecisiete: Mont Athos - Vaticano de los Ortodoxos<\/a><\/strong><\/p>\n\n\n\n<p><strong>Jan Vojt\u011bch,<\/strong> redactor jefe de General News<\/p>\n\n\n\n<p><\/p>","protected":false},"excerpt":{"rendered":"<p>Cuadro dieciocho. En la obra de Alfons Mucha nos encontramos con la sensaci\u00f3n de que se trata de una narraci\u00f3n ya sea sobre una persona determinada - v\u00e9ase la Sarah...<\/p>","protected":false},"author":10,"featured_media":42327,"comment_status":"open","ping_status":"closed","sticky":false,"template":"","format":"standard","meta":{"_acf_changed":false,"_lmt_disableupdate":"","_lmt_disable":"","footnotes":""},"categories":[6,3,1,3104,580,8,2973,5],"tags":[411,11284,11397,45,11401,11406,11395,11403,11404,11402,11393,11400,11399,11396,2929,10,11405,11398,11394,17,41],"class_list":["post-42326","post","type-post","status-publish","format-standard","has-post-thumbnail","hentry","category-kultura","category-neprehlednete","category-tema","category-veda","category-vyber-sefredaktora","category-zabava","category-zahranicni","category-zdravy-styl","tag-alfons-mucha","tag-autor","tag-budouctnost","tag-cr","tag-harfa","tag-hledani-korenu","tag-hnuti-omladina","tag-jaroslava-muchova","tag-jiri-mucha","tag-kniha-dejin","tag-lovanska-epopej","tag-manyrismus","tag-matka-slovanu","tag-metafora","tag-mladi-lide","tag-news","tag-rodinna-pamet","tag-slavia","tag-slovanska-lepa","tag-top","tag-world"],"acf":[],"aioseo_notices":[],"_links":{"self":[{"href":"https:\/\/gnews.cz\/es\/wp-json\/wp\/v2\/posts\/42326","targetHints":{"allow":["GET"]}}],"collection":[{"href":"https:\/\/gnews.cz\/es\/wp-json\/wp\/v2\/posts"}],"about":[{"href":"https:\/\/gnews.cz\/es\/wp-json\/wp\/v2\/types\/post"}],"author":[{"embeddable":true,"href":"https:\/\/gnews.cz\/es\/wp-json\/wp\/v2\/users\/10"}],"replies":[{"embeddable":true,"href":"https:\/\/gnews.cz\/es\/wp-json\/wp\/v2\/comments?post=42326"}],"version-history":[{"count":5,"href":"https:\/\/gnews.cz\/es\/wp-json\/wp\/v2\/posts\/42326\/revisions"}],"predecessor-version":[{"id":44880,"href":"https:\/\/gnews.cz\/es\/wp-json\/wp\/v2\/posts\/42326\/revisions\/44880"}],"wp:featuredmedia":[{"embeddable":true,"href":"https:\/\/gnews.cz\/es\/wp-json\/wp\/v2\/media\/42327"}],"wp:attachment":[{"href":"https:\/\/gnews.cz\/es\/wp-json\/wp\/v2\/media?parent=42326"}],"wp:term":[{"taxonomy":"category","embeddable":true,"href":"https:\/\/gnews.cz\/es\/wp-json\/wp\/v2\/categories?post=42326"},{"taxonomy":"post_tag","embeddable":true,"href":"https:\/\/gnews.cz\/es\/wp-json\/wp\/v2\/tags?post=42326"}],"curies":[{"name":"wp","href":"https:\/\/api.w.org\/{rel}","templated":true}]}}