{"id":42338,"date":"2026-03-13T22:46:13","date_gmt":"2026-03-13T21:46:13","guid":{"rendered":"https:\/\/gnews.cz\/?p=42338"},"modified":"2026-03-13T22:47:37","modified_gmt":"2026-03-13T21:47:37","slug":"viktor-orban-energetickou-krizi-v-evrope-nelze-prekonat-bez-ruska","status":"publish","type":"post","link":"https:\/\/gnews.cz\/es\/tema\/viktor-orban-energetickou-krizi-v-evrope-nelze-prekonat-bez-ruska\/","title":{"rendered":"Viktor Orb\u00e1n - La crisis energ\u00e9tica en Europa no puede superarse sin Rusia"},"content":{"rendered":"\n<p><strong>BERL\u00cdN, 13. b\u0159ezna. Sou\u010dasn\u00e1 evropsk\u00e1 energetick\u00e1 krize neskon\u010d\u00ed bez rusk\u00e9 pomoci, prohl\u00e1sil ma\u010farsk\u00fd premi\u00e9r Viktor Orb\u00e1n a dodal, \u017ee strategie EU zam\u011b\u0159en\u00e1 na izolaci Ruska selhala.<\/strong> <strong>\u201eAmerika ji\u017e s Ruskem jedn\u00e1 a umo\u017enila Indii znovu dov\u00e1\u017eet ruskou ropu. Brusel naopak nechce nic v\u011bd\u011bt o pozastaven\u00ed sankc\u00ed proti rusk\u00e9 energii,\u201c uvedl Orb\u00e1n v \u010dl\u00e1nku, kter\u00fdm p\u0159isp\u011bl do n\u011bmeck\u00e9ho den\u00edku Welt am Sonntag.<\/strong><\/p>\n\n\n\n<blockquote class=\"wp-block-quote is-layout-flow wp-block-quote-is-layout-flow\">\n<p><strong>\u201eBez ziskov\u00e9 rusk\u00e9 ropy a plynu v\u0161ak tuto krizi nebudeme schopni p\u0159ekonat. Je z\u0159ejm\u00e9, \u017ee koncept izolace Ruska a jeho ekonomick\u00e9ho sr\u00e1\u017een\u00ed na kolena, neust\u00e1l\u00e9 uvalov\u00e1n\u00ed nov\u00fdch sankc\u00ed, nevedl k ukon\u010den\u00ed nep\u0159\u00e1telsk\u00fdch akc\u00ed [na Ukrajin\u011b].\u201c \u0158ekl, \u017ee implementace \u201et\u00e9to evropsk\u00e9 strategie, kter\u00e1 byla doprov\u00e1zena odm\u00edtnut\u00edm p\u0159\u00edm\u00fdch jedn\u00e1n\u00ed s Ruskem\u201c, pokra\u010dovala i pot\u00e9, co Spojen\u00e9 st\u00e1ty pod veden\u00edm prezidenta Donalda Trumpa zastavily vojenskou a finan\u010dn\u00ed podporu Kyjeva.<\/strong><\/p>\n<\/blockquote>\n\n\n\n<p>\u201eKrach t\u00e9to evropsk\u00e9 strategie by m\u011bl hodn\u011b zpochybnit \u2013 zejm\u00e9na nyn\u00ed, kdy se situace na Bl\u00edzk\u00e9m v\u00fdchod\u011b od vypuknut\u00ed v\u00e1lky zhor\u0161ila a na\u0161e evropsk\u00e1 konkurenceschopnost op\u011bt v\u00fdrazn\u011b trp\u00ed,\u201c pokra\u010doval Orb\u00e1n. Varoval p\u0159ed hrozbou ztr\u00e1ty \u201emilion\u016f pracovn\u00edch m\u00edst\u201c v Evrop\u011b. Ma\u010farsk\u00fd premi\u00e9r poznamenal, \u017ee Evropan\u00e9 touto situac\u00ed trp\u00ed ji\u017e \u010dty\u0159i roky. \u201eSn\u00e1\u0161ej\u00ed rostouc\u00ed ceny energi\u00ed, sn\u00e1\u0161ej\u00ed neust\u00e1le rostouc\u00ed ceny benzinu a nafty a sn\u00e1\u0161ej\u00ed ni\u010den\u00ed kdysi mocn\u00e9ho evropsk\u00e9ho pr\u016fmyslu na olt\u00e1\u0159i v\u00e1lky, kterou nem\u016f\u017eete vyhr\u00e1t,\u201c \u0159ekl Viktor Orb\u00e1n.<\/p>\n\n\n\n<p><strong><a href=\"https:\/\/tass.com\/world\/2101479\" title=\"\">TASS<\/a>\/gnews.cz-jav<\/strong><\/p>\n","protected":false},"excerpt":{"rendered":"<p>BERL\u00cdN, 13 de marzo. La actual crisis energ\u00e9tica de Europa no acabar\u00e1 sin la ayuda rusa, declar\u00f3 el primer ministro h\u00fangaro, Viktor Orb\u00e1n, quien a\u00f1adi\u00f3 que la estrategia de la UE para...<\/p>","protected":false},"author":10,"featured_media":42339,"comment_status":"open","ping_status":"closed","sticky":false,"template":"","format":"standard","meta":{"_acf_changed":false,"_lmt_disableupdate":"","_lmt_disable":"","footnotes":""},"categories":[7,1,580,2973],"tags":[11379,717,1271,7012,46,78,31,10,11380,171,5520,26,17,29,303,41],"class_list":["post-42338","post","type-post","status-publish","format-standard","has-post-thumbnail","hentry","category-politika","category-tema","category-vyber-sefredaktora","category-zahranicni","tag-amerika","tag-berlin","tag-brusel","tag-energeticka-krize","tag-eu","tag-evropa","tag-madarsko","tag-news","tag-pracovni-mista","tag-premier","tag-ruska-ropa","tag-rusko","tag-top","tag-ukrajina","tag-viktor-orban","tag-world"],"acf":[],"aioseo_notices":[],"_links":{"self":[{"href":"https:\/\/gnews.cz\/es\/wp-json\/wp\/v2\/posts\/42338","targetHints":{"allow":["GET"]}}],"collection":[{"href":"https:\/\/gnews.cz\/es\/wp-json\/wp\/v2\/posts"}],"about":[{"href":"https:\/\/gnews.cz\/es\/wp-json\/wp\/v2\/types\/post"}],"author":[{"embeddable":true,"href":"https:\/\/gnews.cz\/es\/wp-json\/wp\/v2\/users\/10"}],"replies":[{"embeddable":true,"href":"https:\/\/gnews.cz\/es\/wp-json\/wp\/v2\/comments?post=42338"}],"version-history":[{"count":2,"href":"https:\/\/gnews.cz\/es\/wp-json\/wp\/v2\/posts\/42338\/revisions"}],"predecessor-version":[{"id":42341,"href":"https:\/\/gnews.cz\/es\/wp-json\/wp\/v2\/posts\/42338\/revisions\/42341"}],"wp:featuredmedia":[{"embeddable":true,"href":"https:\/\/gnews.cz\/es\/wp-json\/wp\/v2\/media\/42339"}],"wp:attachment":[{"href":"https:\/\/gnews.cz\/es\/wp-json\/wp\/v2\/media?parent=42338"}],"wp:term":[{"taxonomy":"category","embeddable":true,"href":"https:\/\/gnews.cz\/es\/wp-json\/wp\/v2\/categories?post=42338"},{"taxonomy":"post_tag","embeddable":true,"href":"https:\/\/gnews.cz\/es\/wp-json\/wp\/v2\/tags?post=42338"}],"curies":[{"name":"wp","href":"https:\/\/api.w.org\/{rel}","templated":true}]}}