{"id":42487,"date":"2026-03-18T09:48:45","date_gmt":"2026-03-18T08:48:45","guid":{"rendered":"https:\/\/gnews.cz\/?p=42487"},"modified":"2026-04-01T14:54:12","modified_gmt":"2026-04-01T12:54:12","slug":"debata-na-male-strane-cinsky-rozvoj-se-stava-prilezitosti-pro-svet","status":"publish","type":"post","link":"https:\/\/gnews.cz\/es\/neprehlednete\/debata-na-male-strane-cinsky-rozvoj-se-stava-prilezitosti-pro-svet\/","title":{"rendered":"Debate en Mala Strana: \u00a1El desarrollo de China se est\u00e1 convirtiendo en una oportunidad para el mundo!"},"content":{"rendered":"<p><strong>Un an\u00e1lisis detallado de todas las oportunidades que China ofrece al mundo fue el tema principal del seminario celebrado en los hist\u00f3ricos locales del Instituto Checoslovaco de Asuntos Exteriores, en la Ciudad Peque\u00f1a de Praga. El acto, organizado por iportaL24.cz en colaboraci\u00f3n con China Media Group (CMG) y bajo los auspicios de la C\u00e1mara de Comercio e Industria Conjunta Checo-China, estuvo acompa\u00f1ado de un ambiente cordial y un claro llamamiento a la cooperaci\u00f3n, la paz y la estabilidad.<\/strong><\/p>\n\n\n\n<p>El debate respondi\u00f3 a la reuni\u00f3n anual de la Asamblea Popular de China (ACPC) y la Conferencia Consultiva Pol\u00edtica del Pueblo Chino (CCPPC). Durante la doble sesi\u00f3n de este a\u00f1o se aprobaron documentos clave, entre ellos el esbozo del Decimoquinto Plan Quinquenal (2026-2030). <em>\u201eEste plan de acci\u00f3n para el desarrollo de alta calidad de China tambi\u00e9n presenta una nueva \u201alista de oportunidades\u2018 para el mundo\u201c.\u201c <\/em>destac\u00f3 en su discurso de apertura el representante de China Media Group (CMG) <strong>Sr. Zhang<\/strong>.<\/p>\n\n\n\n<p><em>\u201eLa reuni\u00f3n puso de relieve la necesidad de ampliar la apertura de alta calidad a los pa\u00edses extranjeros, desarrollar ampliamente los mercados globales y conectar mejor el ciclo internacional. Esto reafirma la firme resoluci\u00f3n de China de que la apertura de puertas de China no har\u00e1 sino ampliarse\u201c.\u201c <\/em>dijo el Sr. Zhang. <em>\u201eDesde principios de a\u00f1o, la nueva productividad de calidad en China est\u00e1 en pleno apogeo. Desde el \u00e9xito mundial de los grandes modelos chinos, pasando por la asombrosa actuaci\u00f3n de los robots inteligentes en la Gala del Festival de Primavera, hasta la econom\u00eda cinematogr\u00e1fica que activa el mercado de consumo, China, este oasis de estabilidad no deja de engendrar nuevas oportunidades de desarrollo.\u201c <\/em>se uni\u00f3.<\/p>\n\n\n\n<figure class=\"wp-block-embed is-provider-youtube wp-block-embed-youtube\"><div class=\"wp-block-embed__wrapper\">\n<iframe title=\"Debate en Mala Strana: \u00a1El desarrollo de China se est\u00e1 convirtiendo en una oportunidad para el mundo!\" width=\"1170\" height=\"658\" src=\"https:\/\/www.youtube.com\/embed\/GEPfjQAiMww?feature=oembed\" frameborder=\"0\" allow=\"accelerometer; autoplay; clipboard-write; encrypted-media; gyroscope; picture-in-picture; web-share\" referrerpolicy=\"strict-origin-when-cross-origin\" allowfullscreen><\/iframe>\n<\/div><\/figure>\n\n\n\n<p>China prestar\u00e1 m\u00e1s atenci\u00f3n a la construcci\u00f3n de un sistema industrial moderno y har\u00e1 hincapi\u00e9 en el desarrollo de \u00e1reas clave como la inteligencia artificial, afirm\u00f3.<\/p>\n\n\n\n<p>Revel\u00f3 que la econom\u00eda china ya no est\u00e1 en modo \u201ecrecimiento a toda costa\u201c, sino centrada en un desarrollo de alta calidad, con una nueva productividad de alta calidad como n\u00facleo. El esquema del \u201eDecimoquinto Plan Quinquenal\u201c propone aumentar la oferta de tecnolog\u00edas de alta calidad, centrarse en \u00e1reas clave como los circuitos integrados, las m\u00e1quinas-herramienta y la biomanufactura, y realizar avances decisivos en tecnolog\u00edas b\u00e1sicas y fundamentales.<\/p>\n\n\n\n<p>Zhang se\u00f1al\u00f3 que se est\u00e1n desarrollando activamente nuevas industrias de importancia estrat\u00e9gica, como las tecnolog\u00edas cu\u00e1nticas y las interfaces cerebro-ordenador. Tambi\u00e9n habl\u00f3 del desarrollo de la econom\u00eda verde. <em>\u201eDesde este a\u00f1o, China ha pasado oficialmente del doble control del consumo energ\u00e9tico al doble control de las emisiones de carbono, apoyando la transformaci\u00f3n hacia una econom\u00eda verde y baja en carbono. El fondo reci\u00e9n creado proporcionar\u00e1 apoyo financiero estable y a largo plazo a las tecnolog\u00edas verdes. Gracias a estas medidas, la econom\u00eda china no s\u00f3lo es estable, sino que crea continuamente nuevos focos de crecimiento. De los robots inteligentes a los veh\u00edculos de nueva energ\u00eda, de la inteligencia artificial a las tecnolog\u00edas verdes\u201c.\u201c <\/em>describi\u00f3 un representante de China Media Group.<\/p>\n\n\n\n<p>China planea abrir un nuevo espacio para la cooperaci\u00f3n mundial. Es en los asuntos globales donde est\u00e1 desempe\u00f1ando un papel cada vez m\u00e1s importante. <em>\u201eEl desarrollo de China no puede prescindir del mundo y la prosperidad del mundo necesita a China. Esta interdependencia es la base para construir una cooperaci\u00f3n m\u00e1s profunda entre China y Europa, as\u00ed como entre China y la Rep\u00fablica Checa\u201c.\u201c<\/em> mencion\u00f3 el Sr. Zhang.<\/p>\n\n\n\n<p>Seg\u00fan \u00e9l, existe un amplio margen para profundizar la cooperaci\u00f3n en muchos \u00e1mbitos entre ambos pa\u00edses. <em>\u201eLa Rep\u00fablica Checa tiene puntos fuertes en ingenier\u00eda de precisi\u00f3n, automoci\u00f3n y otras industrias tradicionales, mientras que China tiene un mercado enorme y un nuevo sector de productividad de calidad en r\u00e1pido desarrollo. Las dos partes pueden trabajar juntas en alta tecnolog\u00eda, energ\u00eda verde y transformaci\u00f3n digital. China y la Rep\u00fablica Checa pueden reforzar la cooperaci\u00f3n en inteligencia artificial, biotecnolog\u00eda, nuevos materiales y otros campos de vanguardia para promover conjuntamente la innovaci\u00f3n y el desarrollo. El fortalecimiento de los intercambios en educaci\u00f3n, turismo y cultura puede profundizar el entendimiento mutuo y la amistad entre las dos naciones y sentar bases s\u00f3lidas para unas relaciones estables y a largo plazo.\u201c<\/em> a\u00f1adi\u00f3 el representante de CMG.<\/p>\n\n\n\n<figure class=\"wp-block-embed is-provider-youtube wp-block-embed-youtube\"><div class=\"wp-block-embed__wrapper\">\n<iframe title=\"Debate en Mala Strana: \u00a1El desarrollo de China se est\u00e1 convirtiendo en una oportunidad para el mundo!\" width=\"1170\" height=\"658\" src=\"https:\/\/www.youtube.com\/embed\/fFF8ArOlko0?feature=oembed\" frameborder=\"0\" allow=\"accelerometer; autoplay; clipboard-write; encrypted-media; gyroscope; picture-in-picture; web-share\" referrerpolicy=\"strict-origin-when-cross-origin\" allowfullscreen><\/iframe>\n<\/div><\/figure>\n\n\n\n<p>El Presidente de la CMG tambi\u00e9n envi\u00f3 un saludo a los participantes <strong>Shen Haixiong<\/strong>. <em>\u201eComo muestra una encuesta de opini\u00f3n global realizada por CGTN, m\u00e1s del 80% de los encuestados aprecian que el concepto chino de desarrollo econ\u00f3mico de alta calidad marca la tendencia del desarrollo de la econom\u00eda mundial. Aporta una estabilidad m\u00e1s valiosa y una energ\u00eda positiva al vol\u00e1til mundo actual\u201c.\u201c <\/em>dijo, entre otros, el presidente de CMG.<\/p>\n\n\n\n<figure class=\"wp-block-image\"><img decoding=\"async\" src=\"https:\/\/38picres.cgtn.com\/photoAlbum\/page\/performance\/img\/2026\/3\/19\/1773882500615_699.jpg\" alt=\"\"\/><figcaption class=\"wp-element-caption\"><em>&nbsp;Embajador de la RPC Feng Biao<\/em><\/figcaption><\/figure>\n\n\n\n<p>Sus palabras fueron complementadas directamente en el vest\u00edbulo del Instituto Checoslovaco de Asuntos Exteriores por el Embajador de la RPC en la Rep\u00fablica Checa <strong>Feng Biao<\/strong>. Afirm\u00f3 que China abr\u00eda sus brazos a Europa para compartir oportunidades de desarrollo. <em>\u201eSiempre considera a Europa un socio clave en su modernizaci\u00f3n y abre los brazos a todos los pa\u00edses\u201c.\u201c<\/em> dijo el embajador, a\u00f1adiendo que se est\u00e1 trabajando para desarrollar las relaciones checo-chinas. <em>\u201eAhora trabajamos con el nuevo Gobierno checo, as\u00ed que tenemos una perspectiva muy positiva para el futuro de nuestra cooperaci\u00f3n\u201c.\u201c<\/em> Feng Biao elogi\u00f3 al nuevo gabinete de Andrej Babi\u0161 (ANO), cuyo planteamiento contrasta con el anterior gobierno de Petr Fiala (ODS). Tambi\u00e9n record\u00f3 la reciente reuni\u00f3n de los ministros de Asuntos Exteriores de ambos pa\u00edses, Wang Yi y Petr Macinka (Motoristas), en la conferencia de M\u00fanich, que se sald\u00f3 con el compromiso de \u201eampliar la cooperaci\u00f3n amistosa\u201c.<\/p>\n\n\n\n<figure class=\"wp-block-embed is-provider-youtube wp-block-embed-youtube\"><div class=\"wp-block-embed__wrapper\">\n<iframe title=\"Debate en Mala Strana: \u00a1El desarrollo de China se est\u00e1 convirtiendo en una oportunidad para el mundo!\" width=\"1170\" height=\"658\" src=\"https:\/\/www.youtube.com\/embed\/Y5v4baH_oAw?feature=oembed\" frameborder=\"0\" allow=\"accelerometer; autoplay; clipboard-write; encrypted-media; gyroscope; picture-in-picture; web-share\" referrerpolicy=\"strict-origin-when-cross-origin\" allowfullscreen><\/iframe>\n<\/div><\/figure>\n\n\n\n<p>El inter\u00e9s por unas relaciones mutuamente positivas tambi\u00e9n se ha puesto de manifiesto hoy con las contribuciones en v\u00eddeo de los eurodiputados <strong>Ond\u0159ej Dost\u00e1l<\/strong> (\u00a1BASTA!) y <strong>Iv\u00e1n David<\/strong> (SPD). <em>\u201eLa rivalidad no es apropiada. En su lugar, es mejor promover la amistad, la paz, la prosperidad y la asociaci\u00f3n. Para eso deben servir los encuentros empresariales, para ense\u00f1ar a los empresarios chinos y a los nuestros c\u00f3mo aprovechar los beneficios mutuos, las sinergias mutuas. Para lograr la prosperidad com\u00fan, es importante buscar formas de posicionar los productos de la Rep\u00fablica Checa en el mercado chino y aprovechar las innovaciones que han tenido \u00e9xito en la Rep\u00fablica Popular China en la Rep\u00fablica Checa, pero tambi\u00e9n en otros terceros pa\u00edses en los que podemos trabajar, invertir juntos\u201c.\u201c<\/em> inst\u00f3 Dost\u00e1l.<\/p>\n\n\n\n<figure class=\"wp-block-embed is-provider-youtube wp-block-embed-youtube\"><div class=\"wp-block-embed__wrapper\">\nhttps:\/\/www.kscs.cz\/l\/debata-na-male-strane-cinsky-rozvoj-se-stava-prilezitosti-pro-svet\n<\/div><\/figure>\n\n\n\n<p>Seg\u00fan David, en la UE no hay espacio suficiente para una cooperaci\u00f3n a\u00fan m\u00e1s estrecha en comercio y cultura. <em>\u201eY sigue existiendo una actitud recelosa, incluso hostil, hacia China por parte de los dirigentes de varios pa\u00edses. Esto se debe en parte a una persistente mentalidad de superioridad, especialmente en las antiguas potencias coloniales. La visi\u00f3n actual de China no es realista y, a pesar de su creciente dominio t\u00e9cnico, se le sigue atribuyendo la producci\u00f3n de productos baratos y de baja calidad. Es hora de empezar a aprovechar la experiencia china\u201c.\u201c <\/em>dijo David.<\/p>\n\n\n\n<p>Presidente del Consejo de la C\u00e1mara de Comercio e Industria Checo-China <strong>Vojt\u011bch Filip <\/strong>mencion\u00f3 aspectos concretos en los que la Rep\u00fablica Checa puede beneficiar a China. Un ejemplo fue el aire y el agua limpios. <em>\u201eEsto est\u00e1 relacionado con las tecnolog\u00edas que siempre hemos construido aqu\u00ed en el pasado. Despu\u00e9s de 1990 hubo un boom aqu\u00ed en purificaci\u00f3n de aire por desulfuraci\u00f3n de centrales el\u00e9ctricas y dem\u00e1s, pero tenemos patentes mundiales en purificaci\u00f3n de agua y podemos ofrecerlas en t\u00e9rminos de tecnolog\u00eda y cooperaci\u00f3n tecnol\u00f3gica, tanto a nivel de suministro como, sobre todo, creando empresas conjuntas u organizaciones de servicios que ser\u00edan capaces de reparar y dar servicio a los equipos en cualquier minuto en el sistema de tratamiento de aguas residuales. Porque no se trata s\u00f3lo de un mantenimiento regular, sino de no verter esas aguas al medio ambiente\u201c.\u201c <\/em>descrito Filip.<\/p>\n\n\n\n<figure class=\"wp-block-image\"><img decoding=\"async\" src=\"https:\/\/38picres.cgtn.com\/photoAlbum\/page\/performance\/img\/2026\/3\/19\/1773882549839_233.jpg\" alt=\"\"\/><figcaption class=\"wp-element-caption\"><em>&nbsp;Vojt\u011bch Filip<\/em><\/figcaption><\/figure>\n\n\n\n<p><\/p>\n\n\n\n<p>Ex Primer Ministro y Presidente del \u010cSSD <strong>Ji\u0159\u00ed Paroubek<\/strong> Sin embargo, compar\u00f3 que el comercio exterior entre China y la Rep\u00fablica Checa est\u00e1 desequilibrado. <em>\u201eTodos lo sabemos. Si la visi\u00f3n se hubiera hecho realidad tal y como la imaginamos hace 20 a\u00f1os, cuando yo era Primer Ministro, habr\u00eda sido un poco diferente. Por desgracia, el comercio exterior entre nuestros pa\u00edses depende un poco de la evoluci\u00f3n pol\u00edtica. No en China, que es estable y predecible. Depende de la evoluci\u00f3n pol\u00edtica en la Rep\u00fablica Checa. Y aqu\u00ed se mueve en sinusoides\u201c.\u201c<\/em> Paroubek mencion\u00f3 la diferencia de actitud de los distintos gobiernos nacionales hacia la RPC.<\/p>\n\n\n\n<figure class=\"wp-block-image\"><img decoding=\"async\" src=\"https:\/\/38picres.cgtn.com\/photoAlbum\/page\/performance\/img\/2026\/3\/19\/1773882562816_261.jpg\" alt=\"\"\/><figcaption class=\"wp-element-caption\"><em>&nbsp;Ji\u0159\u00ed Paroubek<\/em><\/figcaption><\/figure>\n\n\n\n<p><\/p>\n\n\n\n<p>Esto fue seguido sin problemas por el editor del semanario Our Pravda <strong>Helena Ko\u010dov\u00e1<\/strong>, que acababa de regresar de un viaje a China tres d\u00edas antes del acto, donde hab\u00eda asistido en persona a la doble sesi\u00f3n. <em>\u201eEstamos planeando para un par de a\u00f1os, y puede que con cada gobierno, con cada elecci\u00f3n, la situaci\u00f3n cambie, lo que hace terriblemente dif\u00edcil intentar trabajar juntos\u201c.\u201c<\/em> declar\u00f3 Ko\u010dov\u00e1. Sin embargo, tambi\u00e9n ve un enorme potencial en las relaciones mutuas. <em>\u201eCuando hablamos de cooperaci\u00f3n, conviene comprender el tama\u00f1o del mercado. S\u00f3lo la clase media china cuenta ya con m\u00e1s de 800 millones de personas. Y m\u00e1s de la mitad de la econom\u00eda se basa en el consumo interno, que el Estado quiere seguir reforzando. Y aqu\u00ed es donde veo un enorme margen para la Rep\u00fablica Checa\u201c.\u201c <\/em>dijo un periodista especializado en la RPC.<em> \u201eHoy en d\u00eda existen muchas oportunidades de cooperaci\u00f3n. La cuesti\u00f3n no es si existen. La cuesti\u00f3n es si podemos aprovecharlas\u201c.\u201c<\/em> dijo.<\/p>\n\n\n\n<figure class=\"wp-block-image\"><img decoding=\"async\" src=\"https:\/\/38picres.cgtn.com\/photoAlbum\/page\/performance\/img\/2026\/3\/19\/1773882588970_736.jpg\" alt=\"\"\/><figcaption class=\"wp-element-caption\"><em>Helena Ko\u010dov\u00e1<\/em><\/figcaption><\/figure>\n\n\n\n<p><\/p>\n\n\n\n<p>Diputado al Parlamento de la Rep\u00fablica Checa <strong>Josef Neru\u0161il<\/strong> (SPD), que jurar\u00e1 su cargo la semana que viene, mencion\u00f3 un ejemplo concreto en forma de electromovilidad. Admiti\u00f3 que es un gran partidario de ella. <em>\u201ePero no soy partidario de la forma en que la UE intenta forzar la electromovilidad. Porque ese es nuestro enfoque europeo: hacer normas, reglas y reglamentos, imponer algo a la gente y preguntarnos por qu\u00e9 el sistema capitalista no reacciona mucho a ello, incluso con todas las diversas subvenciones, ayudas y dem\u00e1s\u201c.\u201c<\/em> critic\u00f3, a\u00f1adiendo que habr\u00eda que ir dando pasos graduales, no a saltos. <em>\u201eA veces tendemos a mofarnos de la palabra quinquenio, que es un t\u00e9rmino tan peyorativo, pero al contrario, vemos que es gracias al plan quinquenal que el desarrollo de la electromovilidad est\u00e1 prosperando en China\u201c.\u201c <\/em>Neru\u0161il nivelado.<\/p>\n\n\n\n<figure class=\"wp-block-image\"><img decoding=\"async\" src=\"https:\/\/38picres.cgtn.com\/photoAlbum\/page\/performance\/img\/2026\/3\/19\/1773882608452_459.jpg\" alt=\"\"\/><figcaption class=\"wp-element-caption\"><em>&nbsp;Josef Neru\u0161il<\/em><\/figcaption><\/figure>\n\n\n\n<p><\/p>\n\n\n\n<p>Le sigui\u00f3 sin problemas el Vicepresidente del Partido Comunista de Checoslovaquia <strong>Milan Krajca<\/strong>.<em> \u201eEs bueno recordar que fueron los planes quinquenales los que estuvieron detr\u00e1s del extraordinario desarrollo de la Rep\u00fablica Popular China en las \u00faltimas d\u00e9cadas. Desde 1953, cuando se anunci\u00f3 el primer Plan Quinquenal, China ha experimentado una tremenda transformaci\u00f3n hasta hoy. Tras siglos de humillaci\u00f3n, ha pasado de ser un pa\u00eds pobre y subversivo a ser el segundo, quiz\u00e1 incluso el primero, en muchos aspectos en el mundo. Y estoy convencido de que esto se debe en gran parte a que nuestros amigos chinos est\u00e1n practicando un desarrollo reflexivo bajo el liderazgo del Partido Comunista de China, precisamente pensando en el desarrollo a largo plazo mediante planes quinquenales\u201c.\u201c <\/em>Kraj\u010da dijo.<\/p>\n\n\n\n<figure class=\"wp-block-image\"><img decoding=\"async\" src=\"https:\/\/38picres.cgtn.com\/photoAlbum\/page\/performance\/img\/2026\/3\/19\/1773882627361_830.jpg\" alt=\"\"\/><figcaption class=\"wp-element-caption\"><em>&nbsp;Milan Krajca<\/em><\/figcaption><\/figure>\n\n\n\n<p><\/p>\n\n\n\n<p>Diputado durante muchos a\u00f1os y actual consejero regional de la Regi\u00f3n de Bohemia Central <strong>Jiri Kobza<\/strong> (\u00a1BASTA!) subray\u00f3 que las palabras clave utilizadas eran \u201epaz\u201c y \u201eestabilidad\u201c. <em>\u201eEn el mundo actual, cuando b\u00e1sicamente todo Oriente Pr\u00f3ximo est\u00e1 en llamas, cuando el conflicto de Ucrania no termina de estallar, cuando la guerra entre Afganist\u00e1n y Pakist\u00e1n contin\u00faa, adem\u00e1s de diversas fricciones tribales y dem\u00e1s, la paz y la estabilidad est\u00e1n adquiriendo una importancia terrible\u201c.\u201c<\/em> se\u00f1al\u00f3 Kobza.<\/p>\n\n\n\n<figure class=\"wp-block-image\"><img decoding=\"async\" src=\"https:\/\/38picres.cgtn.com\/photoAlbum\/page\/performance\/img\/2026\/3\/19\/1773882646473_156.jpg\" alt=\"\"\/><figcaption class=\"wp-element-caption\"><em>Jiri Kobza<\/em><\/figcaption><\/figure>\n\n\n\n<p><\/p>\n\n\n\n<p><em>\u201eLas guerras terminar\u00e1n alg\u00fan d\u00eda, dejando tras de s\u00ed pa\u00edses destrozados, saqueados y hambrientos, que, por supuesto, tendr\u00e1n un enorme inter\u00e9s en poder reconstruir y reconstruir. Y estoy convencido de que ser\u00e1 el enorme potencial de China el que desempe\u00f1ar\u00e1 un papel decisivo en el orden de posguerra.\u201c <\/em>a\u00f1adi\u00f3 Kobza.<\/p>\n\n\n\n<figure class=\"wp-block-image\"><img decoding=\"async\" src=\"https:\/\/38picres.cgtn.com\/photoAlbum\/page\/performance\/img\/2026\/3\/19\/1773882664096_498.jpg\" alt=\"\"\/><figcaption class=\"wp-element-caption\"><em>Pavel Havranek<\/em><\/figcaption><\/figure>\n\n\n\n<p><\/p>\n\n\n\n<p>El Presidente de la Asociaci\u00f3n Checo-China tambi\u00e9n habl\u00f3 con esp\u00edritu positivo <strong>Pavel Havranek<\/strong>. <em>\u201eSobre todo, deseo a China que contin\u00fae su camino. Le agradezco su capacidad para compartir su tecnolog\u00eda con el mundo y su voluntad de seguir ayudando a los pa\u00edses en desarrollo\u201c.\u201c<\/em> declar\u00f3 Havr\u00e1nek, a quien acompa\u00f1aban otros miembros de la asociaci\u00f3n en el acto de hoy. <strong>Karel Nedb\u00e1lek<\/strong> a <strong>Ji\u0159\u00ed Nov\u00e1k<\/strong>. Nedb\u00e1lek, experimentado directivo y profesor universitario, mencion\u00f3 que mientras China ha evolucionado en los \u00faltimos 30 a\u00f1os hasta su forma actual, \u201enosotros hemos perdido 30 a\u00f1os\u201c. En este contexto, dijo que se est\u00e1 preparando un libro \u201eChina y nosotros\u201c y se est\u00e1 buscando editor. Se ofreci\u00f3 a cooperar con la parte china en su publicaci\u00f3n.<\/p>\n\n\n\n<figure class=\"wp-block-image\"><img decoding=\"async\" src=\"https:\/\/38picres.cgtn.com\/photoAlbum\/page\/performance\/img\/2026\/3\/19\/1773882686205_201.png\" alt=\"\"\/><\/figure>\n\n\n\n<p>Experto en energ\u00eda <strong>Vladimir Vlk<\/strong> A continuaci\u00f3n, subray\u00f3 que lo que m\u00e1s le hab\u00eda llamado la atenci\u00f3n personalmente del XV Plan Quinquenal era el \u00e9nfasis en el desarrollo sostenible. <em>\u201eEn protecci\u00f3n medioambiental o tecnolog\u00edas bajas en carbono, China est\u00e1 en otro lugar comparada con Europa. China tiene porcentajes que son realistas. Mientras que Europa pone valores poco realistas en el Green Deal\u201c.\u201c <\/em>Vlk afirm\u00f3 que es importante que China establezca condiciones econ\u00f3micas, sociales y medioambientales para el desarrollo.<em> \u201eY estos son los tres pilares que deben respetarse al mismo tiempo. Mientras que la Uni\u00f3n Europea s\u00f3lo tiene el pilar medioambiental. No se preocupa en absoluto de las cuestiones sociales, y ese es el mayor problema\u201c.\u201c <\/em>a\u00f1ade Vlk.<\/p>\n\n\n\n<figure class=\"wp-block-image\"><img decoding=\"async\" src=\"https:\/\/38picres.cgtn.com\/photoAlbum\/page\/performance\/img\/2026\/3\/19\/1773882715325_58.jpg\" alt=\"\"\/><figcaption class=\"wp-element-caption\"><em>Vladimir Vlk<\/em><\/figcaption><\/figure>\n\n\n\n<p><\/p>\n\n\n\n<p>Polit\u00f3loga y columnista, asistente de la eurodiputada Kate\u0159ina Kone\u010dn\u00e1. <strong>Vitek Prokop<\/strong> (\u00a1BASTA!) dijo que la \u00fanica forma real de hacer realidad la autonom\u00eda estrat\u00e9gica de Europa es mediante la cooperaci\u00f3n con China. <em>\u201eDesgraciadamente, esta autonom\u00eda s\u00f3lo ser\u00e1 ilusoria mientras haya decenas de bases militares estadounidenses diseminadas por nuestro continente. Entonces no se puede llevar a cabo una pol\u00edtica exterior soberana\u201c.\u201c<\/em> advertido.<\/p>\n\n\n\n<figure class=\"wp-block-image\"><img decoding=\"async\" src=\"https:\/\/38picres.cgtn.com\/photoAlbum\/page\/performance\/img\/2026\/3\/19\/1773882733120_524.jpg\" alt=\"\"\/><figcaption class=\"wp-element-caption\"><em>Vitek Prokop<\/em><\/figcaption><\/figure>\n\n\n\n<p><\/p>\n\n\n\n<p>Consejero Regional de la Regi\u00f3n de \u00dast\u00ed y candidato al Senado del Parlamento de la Rep\u00fablica Checa <strong>Ivana Turkov\u00e1 <\/strong>no s\u00f3lo desde el punto de vista de su profesi\u00f3n de economista. <em>\u201eChina es la mayor econom\u00eda del mundo, lo que afecta globalmente a todo el mundo. Pero no soy s\u00f3lo una economista que se basa en n\u00fameros concretos, soy mujer y madre. Y lo que odio desde el fondo de mi coraz\u00f3n es cualquier agresi\u00f3n, cualquier guerra, cualquier da\u00f1o a nadie. Y simpatizo mucho con el hecho de que China est\u00e9 poniendo un gran \u00e9nfasis en el desarrollo pac\u00edfico\u201c.\u201c <\/em>subray\u00f3 Turkov\u00e1.<\/p>\n\n\n\n<figure class=\"wp-block-image\"><img decoding=\"async\" src=\"https:\/\/38picres.cgtn.com\/photoAlbum\/page\/performance\/img\/2026\/3\/19\/1773882749952_522.jpg\" alt=\"\"\/><figcaption class=\"wp-element-caption\"><em>Ivana Turkov\u00e1<\/em><\/figcaption><\/figure>\n\n\n\n<p><\/p>\n\n\n\n<p>Presidente del Partido HOME <strong>David Tigre Ploc<\/strong> En su discurso, compar\u00f3 lo que aporta China con lo que aporta Estados Unidos. <em>\u201eChina ofrece brazos abiertos, cooperaci\u00f3n y amistad, mientras que Estados Unidos s\u00f3lo ofrece facturas muy caras por armamento y guerra. Esto es simplemente un hecho. China nunca ha iniciado una guerra. Ahora, tengamos una conversaci\u00f3n inversa sobre si ha habido alguna vez un conflicto militar en el que no haya participado Estados Unidos\u201c.\u201c<\/em> Ploc se hizo una pregunta ret\u00f3rica.<\/p>\n\n\n\n<p>Le sigui\u00f3 tem\u00e1ticamente el Presidente de los Amigos Checos de los BRICS <strong>Martin Teyrovsky<\/strong>. <em>\u201eLa noticia positiva es que estamos entrando en la Era de Acuario, y creo, seg\u00fan las predicciones, que estamos entrando en mil a\u00f1os de paz, aunque ahora no lo parezca. Creo que la situaci\u00f3n militar llegar\u00e1 r\u00e1pidamente a su fin y todo el planeta entrar\u00e1 en una nueva era. Y ah\u00ed se ve que China ha tomado las riendas y lo est\u00e1 llevando a donde todo el mundo necesita\u201c.\u201c<\/em> elogi\u00f3 Teyrovsky.<\/p>\n\n\n\n<figure class=\"wp-block-image\"><img decoding=\"async\" src=\"https:\/\/38picres.cgtn.com\/photoAlbum\/page\/performance\/img\/2026\/3\/19\/1773882767845_856.jpg\" alt=\"\"\/><figcaption class=\"wp-element-caption\"><em>David Tygr Ploc y Martin Teyrovsk\u00fd<\/em><\/figcaption><\/figure>\n\n\n\n<p><\/p>\n\n\n\n<p><strong>Pavel Mr\u0161t\u00edk<\/strong>, asistente del eurodiputado Ond\u0159ej Dost\u00e1l, reiter\u00f3 su disposici\u00f3n a cooperar con la RPC. <em>\u201eEstamos a favor de la cooperaci\u00f3n y haremos todo lo posible para establecer m\u00e1s contactos y poder trabajar en red\u201c.\u201c <\/em>declar\u00f3.<\/p>\n\n\n\n<figure class=\"wp-block-image\"><img decoding=\"async\" src=\"https:\/\/38picres.cgtn.com\/photoAlbum\/page\/performance\/img\/2026\/3\/19\/1773882785519_582.jpg\" alt=\"\"\/><figcaption class=\"wp-element-caption\"><em>Pavel Mr\u0161t\u00edk y Jana Volfov\u00e1<\/em><\/figcaption><\/figure>\n\n\n\n<p><\/p>\n\n\n\n<p>En su discurso final, la vicepresidenta estatutaria del \u010cSSD <strong>Jana Volfov\u00e1<\/strong> resumi\u00f3 la mayor diferencia entre Europa y China: <em>\u201eEn China, esta gente s\u00f3lo trabaja. Y no importa si tienen un alto cargo o si son trabajadores. Para ellos, es un hecho que cuando hay un problema, van a resolverlo. Nuestros pol\u00edticos eluden el problema con tacto y esperan que otro lo resuelva. Y ese es el problema. Estamos en declive porque no resolvemos los problemas, les damos vueltas, mientras que China crece por la raz\u00f3n contraria\u201c.\u201c<\/em><\/p>\n\n\n\n<p><strong><a href=\"https:\/\/czech.cgtn.com\/2026\/03\/19\/ARTI1773882817190788\" title=\"\">CMG<\/a><\/strong><\/p>","protected":false},"excerpt":{"rendered":"<p>Un an\u00e1lisis detallado de todas las oportunidades que China ofrece al mundo fue el tema principal del seminario celebrado en los hist\u00f3ricos locales del Instituto Checoslovaco de Asuntos Exteriores, en la Ciudad Peque\u00f1a de Praga.....<\/p>","protected":false},"author":6,"featured_media":42488,"comment_status":"open","ping_status":"closed","sticky":false,"template":"","format":"standard","meta":{"_acf_changed":false,"_lmt_disableupdate":"","_lmt_disable":"","footnotes":""},"categories":[2968,3,7],"tags":[45,22,18,2421,7044,714,2183,614,11536,8310],"class_list":["post-42487","post","type-post","status-publish","format-standard","has-post-thumbnail","hentry","category-domaci","category-neprehlednete","category-politika","tag-cr","tag-cina","tag-cmg","tag-obchod","tag-petilety-plan","tag-spoluprace","tag-stabilita","tag-umela-inteligence","tag-vysoka-kvalita","tag-zelena-ekonomika"],"acf":[],"aioseo_notices":[],"_links":{"self":[{"href":"https:\/\/gnews.cz\/es\/wp-json\/wp\/v2\/posts\/42487","targetHints":{"allow":["GET"]}}],"collection":[{"href":"https:\/\/gnews.cz\/es\/wp-json\/wp\/v2\/posts"}],"about":[{"href":"https:\/\/gnews.cz\/es\/wp-json\/wp\/v2\/types\/post"}],"author":[{"embeddable":true,"href":"https:\/\/gnews.cz\/es\/wp-json\/wp\/v2\/users\/6"}],"replies":[{"embeddable":true,"href":"https:\/\/gnews.cz\/es\/wp-json\/wp\/v2\/comments?post=42487"}],"version-history":[{"count":4,"href":"https:\/\/gnews.cz\/es\/wp-json\/wp\/v2\/posts\/42487\/revisions"}],"predecessor-version":[{"id":43315,"href":"https:\/\/gnews.cz\/es\/wp-json\/wp\/v2\/posts\/42487\/revisions\/43315"}],"wp:featuredmedia":[{"embeddable":true,"href":"https:\/\/gnews.cz\/es\/wp-json\/wp\/v2\/media\/42488"}],"wp:attachment":[{"href":"https:\/\/gnews.cz\/es\/wp-json\/wp\/v2\/media?parent=42487"}],"wp:term":[{"taxonomy":"category","embeddable":true,"href":"https:\/\/gnews.cz\/es\/wp-json\/wp\/v2\/categories?post=42487"},{"taxonomy":"post_tag","embeddable":true,"href":"https:\/\/gnews.cz\/es\/wp-json\/wp\/v2\/tags?post=42487"}],"curies":[{"name":"wp","href":"https:\/\/api.w.org\/{rel}","templated":true}]}}