{"id":42599,"date":"2026-03-23T12:00:00","date_gmt":"2026-03-23T11:00:00","guid":{"rendered":"https:\/\/gnews.cz\/?p=42599"},"modified":"2026-03-24T21:21:48","modified_gmt":"2026-03-24T20:21:48","slug":"shrnuti-uplynuleho-12-tydne-na-general-news-16-brezna-22-brezna-2026","status":"publish","type":"post","link":"https:\/\/gnews.cz\/es\/tema\/shrnuti-uplynuleho-12-tydne-na-general-news-16-brezna-22-brezna-2026\/","title":{"rendered":"Resumen de las 12 \u00faltimas semanas en las Noticias Generales (16 de marzo - 22 de marzo de 2026)"},"content":{"rendered":"<h2 class=\"wp-block-heading\">17 de marzo de 2026 El enviado especial del gobierno chino para asuntos de Oriente Pr\u00f3ximo, Zhai Jun, se re\u00fane con el ministro de Asuntos Exteriores de Kuwait, Sheikh Jarrah Jaber Al-Ahmad Al-Sabah.<\/h2>\n\n\n\n<blockquote class=\"wp-block-quote is-layout-flow wp-block-quote-is-layout-flow\">\n<p>El enviado especial del gobierno chino para asuntos de Oriente Medio, Zhai Jun, se reuni\u00f3 con el ministro de Asuntos Exteriores de Kuwait, el jeque Jarrah Jaber Al-Ahmad Al-Sabah, el 15 de marzo de 2026.  Zhai Jun dijo que la actual situaci\u00f3n regional sigue desarroll\u00e1ndose de forma inc\u00f3moda y que los pa\u00edses del Golfo, incluido Kuwait, se ven profundamente afectados por ella, algo que la parte china no quiere ver.&nbsp;<strong>Vice <a href=\"https:\/\/gnews.cz\/es\/tema\/zvlastni-vyslanec-cinske-vlady-pro-otazky-blizkeho-vychodu-zhai-jun-se-setkal-s-kuvajtskym-ministrem-zahranicnich-veci-sheikhem-jarrahem-jaberem-al-ahmadem-al-sabahem\/\" title=\"\">aqu\u00ed<\/a><\/strong><\/p>\n<\/blockquote>\n\n\n\n<h2 class=\"wp-block-heading\">17 de marzo de 2026 Hungr\u00eda critica duramente la respuesta de la UE a la interrupci\u00f3n del oleoducto de Druzhba y dice que es teatro<\/h2>\n\n\n\n<blockquote class=\"wp-block-quote is-layout-flow wp-block-quote-is-layout-flow\">\n<p>BUDAPEST - El ministro h\u00fangaro de Asuntos Exteriores y Comercio, P\u00e9ter Szijj\u00e1rt\u00f3, critic\u00f3 el martes la respuesta de la Comisi\u00f3n Europea a la interrupci\u00f3n del suministro de petr\u00f3leo a trav\u00e9s del oleoducto de Druzhba y reclam\u00f3 la reanudaci\u00f3n inmediata de los suministros. Szijj\u00e1rt\u00f3 record\u00f3 que Hungr\u00eda y Eslovaquia se enfrentan desde hace casi 50 d\u00edas a lo que describi\u00f3 como un \u201ebloqueo petrolero\u201c por parte de Ucrania, y rechaz\u00f3 las afirmaciones de que se trata de un mero problema t\u00e9cnico. <strong>Seguir leyendo <a href=\"https:\/\/gnews.cz\/es\/economia\/madarsko-tvrde-kritizuje-reakci-eu-na-preruseni-ropovodu-druzba-jedna-se-pry-o-divadlo\/\" title=\"\">aqu\u00ed<\/a><\/strong><\/p>\n<\/blockquote>\n\n\n\n<h2 class=\"wp-block-heading\">18 de marzo de 2026 El Presidente Pavel amenaza al PM Babi\u0161 con vetar el pr\u00f3ximo presupuesto.<\/h2>\n\n\n\n<blockquote class=\"wp-block-quote is-layout-flow wp-block-quote-is-layout-flow\">\n<p>PRAGA - El Presidente ha advertido de que, al incumplir sus obligaciones con la Organizaci\u00f3n del Tratado del Atl\u00e1ntico Norte y sus aliados, la Rep\u00fablica Checa est\u00e1 poniendo en peligro su propia seguridad, que no puede garantizar eficazmente si no es colaborando en la defensa colectiva. \u201eLas amenazas internacionales aumentan mientras nuestro gasto se estanca. Si el pr\u00f3ximo presupuesto no est\u00e1 a la altura de nuestros compromisos, no evitaremos un debate sobre el rechazo del proyecto por parte del Presidente\u201c, declar\u00f3 Castle. <strong>Seguir leyendo <a href=\"https:\/\/gnews.cz\/es\/tema\/prezident-pavel-pohrozil-premieru-babisovi-ze-bude-vetovat-pristi-rozpocet\/\" title=\"\">aqu\u00ed<\/a><\/strong><\/p>\n<\/blockquote>\n\n\n\n<h2 class=\"wp-block-heading\">19 de marzo de 2026 Funeral de Ali Larijani en Teher\u00e1n acompa\u00f1ado de promesas de represalias.<\/h2>\n\n\n\n<blockquote class=\"wp-block-quote is-layout-flow wp-block-quote-is-layout-flow\">\n<p>El 18 de marzo, hora local, tuvo lugar en Teher\u00e1n el funeral de uno de los m\u00e1s altos responsables de seguridad de Ir\u00e1n, Ali Larijani. Seg\u00fan fuentes iran\u00edes, Ali Larijani fue asesinado junto con su hijo Morteza Larijani en un atentado perpetrado en casa de su hija. El incidente se produjo en el contexto del reciente atentado terrorista que ha sacudido el ambiente pol\u00edtico iran\u00ed. <strong>Seguir leyendo <a href=\"https:\/\/gnews.cz\/es\/politica\/pohreb-aliho-larijaniho-v-teheranu-provazely-sliby-odvety\/\" title=\"\">aqu\u00ed<\/a><\/strong><\/p>\n<\/blockquote>\n\n\n\n<h2 class=\"wp-block-heading\">20 de marzo de 2026 Resumen diario de la econom\u00eda checa: el CNB, Liontrust, UniCredit, HCB, Nexstar Media Group, ABB y los metales preciosos (20 de marzo de 2026)<\/h2>\n\n\n\n<blockquote class=\"wp-block-quote is-layout-flow wp-block-quote-is-layout-flow\">\n<p>La econom\u00eda checa reflej\u00f3 sobre todo la evoluci\u00f3n de los mercados mundiales y la pol\u00edtica monetaria. Bolsa de PragaLa Bolsa de Praga se debilit\u00f3 tras tres subidas, y el \u00edndice PX cay\u00f3 un 1,67 % hasta los 2552,78 puntos. Las ventas afectaron sobre todo al sector bancario, con Erste Group Bank, Komer\u010dn\u00ed banka y Moneta Money Bank perdiendo t\u00edtulos. Las empresas industriales, entre ellas CSG Group, tambi\u00e9n se vieron afectadas por la evoluci\u00f3n negativa. <strong>Seguir leyendo <a href=\"https:\/\/gnews.cz\/es\/comentarios\/denni-shrnuti-ekonomiky-v-cr-cnb-liontrust-unicredit-hcb-nexstar-media-group-abb-a-drahe-kovy-20-brezna-2026\/\" title=\"\">aqu\u00ed<\/a><\/strong><\/p>\n<\/blockquote>\n\n\n\n<h2 class=\"wp-block-heading\">21 de marzo de 2026 Epopeya eslava de Alfons Mucha - pintura decimon\u00f3nica: La abolici\u00f3n de la servidumbre en Rusia, el trabajo libre - El esbozo de las naciones<\/h2>\n\n\n\n<blockquote class=\"wp-block-quote is-layout-flow wp-block-quote-is-layout-flow\">\n<p>El cuadro decimonoveno. No s\u00e9 a nadie, pero yo veo este cuadro como una antigua visi\u00f3n familiar de lugares de la historia. Sent\u00ed una extra\u00f1a tensi\u00f3n que no es tan f\u00e1cil de describir. Era la sensaci\u00f3n de estar en medio de algo de lo que uno forma parte y de que los tiempos representados son recientes. Est\u00e1s en medio de un momento que trasciende lo cotidiano. En momentos as\u00ed me doy cuenta del poder del esp\u00edritu humano, de la energ\u00eda humana y del pensamiento humano cuando se combinan con fe y determinaci\u00f3n.<strong>&nbsp;Seguir leyendo <a href=\"https:\/\/gnews.cz\/es\/tema\/slovanska-epopej-alfonse-muchy-obraz-devatenacty-zruseni-nevolnictvi-na-rusi-svobodna-prace-osnova-narodu\/\" title=\"\">aqu\u00ed<\/a><\/strong><\/p>\n<\/blockquote>\n\n\n\n<h2 class=\"wp-block-heading\">22 de marzo de 2026 El factor chi\u00ed y las tensiones geopol\u00edticas en el C\u00e1ucaso Meridional: el papel de Azerbaiy\u00e1n en el contexto de las relaciones con Ir\u00e1n<\/h2>\n\n\n\n<blockquote class=\"wp-block-quote is-layout-flow wp-block-quote-is-layout-flow\">\n<p>La actual situaci\u00f3n geopol\u00edtica del C\u00e1ucaso Sur se caracteriza por las crecientes tensiones entre los actores regionales y mundiales. Uno de los factores importantes que influyen en la din\u00e1mica de las relaciones entre los Estados es el aspecto religioso, especialmente el llamado factor chi\u00ed. Ir\u00e1n ha sido considerado durante mucho tiempo el principal centro del islam chi\u00ed en Oriente Medio. Al mismo tiempo, hay que recordar que una parte importante de la poblaci\u00f3n de Azerbaiy\u00e1n, incluidos muchos miembros de las fuerzas armadas del pa\u00eds, se adhieren a la rama chi\u00ed del Islam. <strong>Seguir leyendo<a href=\"https:\/\/gnews.cz\/es\/tema\/siitsky-faktor-a-geopoliticke-napeti-na-jiznim-kavkaze-role-azerbajdzanu-v-kontextu-vztahu-s-iranem\/\" title=\"\"> aqu\u00ed<\/a> <\/strong><\/p>\n<\/blockquote>\n\n\n\n<p><strong>Jan Vojt\u011bch, <\/strong>redactor jefe de General News<\/p>","protected":false},"excerpt":{"rendered":"<p>17 de marzo de 2026 El enviado especial del gobierno chino para asuntos de Oriente Pr\u00f3ximo, Zhai Jun, se reuni\u00f3 con el ministro de Asuntos Exteriores de Kuwait, Sheikh Jarrah...<\/p>","protected":false},"author":10,"featured_media":42600,"comment_status":"open","ping_status":"closed","sticky":false,"template":"","format":"standard","meta":{"_acf_changed":false,"_lmt_disableupdate":"","_lmt_disable":"","footnotes":""},"categories":[7,1,1376,580,2973],"tags":[6388,411,11517,5754,87,1264,1732,22,311,3793,3762,27,11701,11698,760,661,11558,31,11700,10,11557,1226,11699,269,2030,71,11697,11696,11702,410,17,10953,41,11488],"class_list":["post-42599","post","type-post","status-publish","format-standard","has-post-thumbnail","hentry","category-politika","category-tema","category-tyden-na-general-news","category-vyber-sefredaktora","category-zahranicni","tag-abb","tag-alfons-mucha","tag-ali-larijani","tag-andrej-babis","tag-azerbajdzan","tag-blizkay-vychod","tag-budapest","tag-cina","tag-cnb","tag-denni-shrnuti-ekonomiky-v-cr","tag-druzba","tag-ekonomika","tag-hcb","tag-hrozby","tag-iran-3","tag-kuvajt","tag-liontrust","tag-madarsko","tag-mortez-larijany","tag-news","tag-nexstar-media-group","tag-peter-szijarto","tag-pohreb","tag-praha","tag-prazska-burza","tag-prezident","tag-severoatlanticky-nato","tag-sheikh-jarrahe-jaber-al-ahmad-al-sabah","tag-siitsky-faktor","tag-slovanska-epopej","tag-top","tag-unicredit","tag-world","tag-zhai-jun"],"acf":[],"aioseo_notices":[],"_links":{"self":[{"href":"https:\/\/gnews.cz\/es\/wp-json\/wp\/v2\/posts\/42599","targetHints":{"allow":["GET"]}}],"collection":[{"href":"https:\/\/gnews.cz\/es\/wp-json\/wp\/v2\/posts"}],"about":[{"href":"https:\/\/gnews.cz\/es\/wp-json\/wp\/v2\/types\/post"}],"author":[{"embeddable":true,"href":"https:\/\/gnews.cz\/es\/wp-json\/wp\/v2\/users\/10"}],"replies":[{"embeddable":true,"href":"https:\/\/gnews.cz\/es\/wp-json\/wp\/v2\/comments?post=42599"}],"version-history":[{"count":4,"href":"https:\/\/gnews.cz\/es\/wp-json\/wp\/v2\/posts\/42599\/revisions"}],"predecessor-version":[{"id":42721,"href":"https:\/\/gnews.cz\/es\/wp-json\/wp\/v2\/posts\/42599\/revisions\/42721"}],"wp:featuredmedia":[{"embeddable":true,"href":"https:\/\/gnews.cz\/es\/wp-json\/wp\/v2\/media\/42600"}],"wp:attachment":[{"href":"https:\/\/gnews.cz\/es\/wp-json\/wp\/v2\/media?parent=42599"}],"wp:term":[{"taxonomy":"category","embeddable":true,"href":"https:\/\/gnews.cz\/es\/wp-json\/wp\/v2\/categories?post=42599"},{"taxonomy":"post_tag","embeddable":true,"href":"https:\/\/gnews.cz\/es\/wp-json\/wp\/v2\/tags?post=42599"}],"curies":[{"name":"wp","href":"https:\/\/api.w.org\/{rel}","templated":true}]}}