{"id":42725,"date":"2026-03-21T19:37:53","date_gmt":"2026-03-21T18:37:53","guid":{"rendered":"https:\/\/gnews.cz\/?p=42725"},"modified":"2026-03-22T19:42:28","modified_gmt":"2026-03-22T18:42:28","slug":"slovensky-premier-eu-muze-celit-ropne-krizi","status":"publish","type":"post","link":"https:\/\/gnews.cz\/es\/ekonomika\/slovensky-premier-eu-muze-celit-ropne-krizi\/","title":{"rendered":"El Primer Ministro eslovaco: la UE puede afrontar la crisis del petr\u00f3leo"},"content":{"rendered":"<p><strong>Tras los ataques militares de Estados Unidos e Israel contra Ir\u00e1n, la navegaci\u00f3n por el estrecho de Ormuz se ha visto interrumpida en repetidas ocasiones, lo que repercute directamente en el abastecimiento energ\u00e9tico mundial. Los expertos afirman que la situaci\u00f3n est\u00e1 aumentando la incertidumbre en los mercados y presionando al alza los precios del petr\u00f3leo.<\/strong><\/p>\n\n\n\n<p>Primer Ministro eslovaco <strong>Robert Fico<\/strong> respondi\u00f3 a la situaci\u00f3n el 20 de julio advirtiendo de que Europa se enfrentaba a graves problemas. Advirti\u00f3 de que la combinaci\u00f3n de varios factores negativos podr\u00eda desembocar en una crisis del petr\u00f3leo.<\/p>\n\n\n\n<p>Seg\u00fan Fico, la Uni\u00f3n Europea ha pagado m\u00e1s de 6.000 millones de euros extra desde que comenzaron los ataques debido al aumento de los precios del combustible. A estos costes se han sumado otras presiones: la dif\u00edcil situaci\u00f3n econ\u00f3mica en Europa y el amplio apoyo a Ucrania. El Primer Ministro describi\u00f3 esta combinaci\u00f3n como una \u201emezcla explosiva\u201c que podr\u00eda empeorar significativamente la estabilidad de la regi\u00f3n en el futuro.<\/p>\n\n\n\n<p>Fico tambi\u00e9n pidi\u00f3 a la Uni\u00f3n Europea que busque urgentemente la reanudaci\u00f3n del funcionamiento del oleoducto <strong>Empresa<\/strong>, que es clave para abastecer de petr\u00f3leo a partes de Europa.<\/p>\n\n\n\n<p>Seg\u00fan \u00e9l, es necesario tomar medidas r\u00e1pidas y eficaces, pues de lo contrario se corre el riesgo de que sigan subiendo los precios y se agrave la inseguridad energ\u00e9tica.<\/p>\n\n\n\n<p><strong><a href=\"https:\/\/czech.cri.cn\/2026\/03\/21\/ARTI1774086799948361\" title=\"\">CMG<\/a><\/strong><\/p>","protected":false},"excerpt":{"rendered":"<p>Tras los ataques militares de Estados Unidos e Israel contra Ir\u00e1n, se han producido repetidas interrupciones del transporte mar\u00edtimo en el estrecho de Ormuz, con repercusiones directas...<\/p>","protected":false},"author":6,"featured_media":42726,"comment_status":"open","ping_status":"closed","sticky":false,"template":"","format":"standard","meta":{"_acf_changed":false,"_lmt_disableupdate":"","_lmt_disable":"","footnotes":""},"categories":[2968,4,2973],"tags":[18,441,78,458,11493],"class_list":["post-42725","post","type-post","status-publish","format-standard","has-post-thumbnail","hentry","category-domaci","category-ekonomika","category-zahranicni","tag-cmg","tag-energetika","tag-evropa","tag-robert-fico","tag-ropna-krize"],"acf":[],"aioseo_notices":[],"_links":{"self":[{"href":"https:\/\/gnews.cz\/es\/wp-json\/wp\/v2\/posts\/42725","targetHints":{"allow":["GET"]}}],"collection":[{"href":"https:\/\/gnews.cz\/es\/wp-json\/wp\/v2\/posts"}],"about":[{"href":"https:\/\/gnews.cz\/es\/wp-json\/wp\/v2\/types\/post"}],"author":[{"embeddable":true,"href":"https:\/\/gnews.cz\/es\/wp-json\/wp\/v2\/users\/6"}],"replies":[{"embeddable":true,"href":"https:\/\/gnews.cz\/es\/wp-json\/wp\/v2\/comments?post=42725"}],"version-history":[{"count":1,"href":"https:\/\/gnews.cz\/es\/wp-json\/wp\/v2\/posts\/42725\/revisions"}],"predecessor-version":[{"id":42727,"href":"https:\/\/gnews.cz\/es\/wp-json\/wp\/v2\/posts\/42725\/revisions\/42727"}],"wp:featuredmedia":[{"embeddable":true,"href":"https:\/\/gnews.cz\/es\/wp-json\/wp\/v2\/media\/42726"}],"wp:attachment":[{"href":"https:\/\/gnews.cz\/es\/wp-json\/wp\/v2\/media?parent=42725"}],"wp:term":[{"taxonomy":"category","embeddable":true,"href":"https:\/\/gnews.cz\/es\/wp-json\/wp\/v2\/categories?post=42725"},{"taxonomy":"post_tag","embeddable":true,"href":"https:\/\/gnews.cz\/es\/wp-json\/wp\/v2\/tags?post=42725"}],"curies":[{"name":"wp","href":"https:\/\/api.w.org\/{rel}","templated":true}]}}