{"id":42728,"date":"2026-03-18T19:42:41","date_gmt":"2026-03-18T18:42:41","guid":{"rendered":"https:\/\/gnews.cz\/?p=42728"},"modified":"2026-03-22T19:45:43","modified_gmt":"2026-03-22T18:45:43","slug":"madarsko-a-slovensko-planuji-novy-ropovod-reaguji-na-vypadky-dodavek-ropy","status":"publish","type":"post","link":"https:\/\/gnews.cz\/es\/neprehlednete\/madarsko-a-slovensko-planuji-novy-ropovod-reaguji-na-vypadky-dodavek-ropy\/","title":{"rendered":"Hungr\u00eda y Eslovaquia proyectan un nuevo oleoducto. Respuesta a la escasez de petr\u00f3leo"},"content":{"rendered":"<p><strong>El 16 de marzo, Hungr\u00eda y Eslovaquia firmaron un acuerdo para construir un nuevo oleoducto que transportar\u00e1 gasolina y gas\u00f3leo entre ambos pa\u00edses. El proyecto llega en un momento de creciente incertidumbre sobre el abastecimiento energ\u00e9tico en Europa Central.<\/strong><\/p>\n\n\n\n<p>Primer Ministro eslovaco <strong>Robert Fico<\/strong> critic\u00f3 duramente en esta ocasi\u00f3n la decisi\u00f3n de Ucrania de interrumpir el suministro de petr\u00f3leo ruso. La calific\u00f3 de unilateral y perjudicial y subray\u00f3 que el gobierno eslovaco no pod\u00eda estar de acuerdo con tal medida.<\/p>\n\n\n\n<p>El oleoducto previsto conectar\u00e1 Bratislava con una refiner\u00eda de la ciudad h\u00fangara <strong>Sz\u00e1zhalombatta<\/strong>. Tendr\u00e1 una longitud aproximada de 127 kil\u00f3metros y una capacidad anual de hasta 1,5 millones de toneladas. Se utilizar\u00e1 principalmente para transportar productos refinados como combustible. Su finalizaci\u00f3n est\u00e1 prevista para el primer semestre de 2027.<\/p>\n\n\n\n<p>Al mismo tiempo, durante una llamada telef\u00f3nica con el Presidente <strong>Consejo Europeo<\/strong> <strong>Ant\u00f3nio Costa<\/strong> reiter\u00f3 que Eslovaquia no pod\u00eda aceptar la interrupci\u00f3n del suministro de petr\u00f3leo a trav\u00e9s del oleoducto <strong>Empresa<\/strong>. Expres\u00f3 su esperanza de que la Uni\u00f3n Europea presione a Ucrania para que restablezca el flujo de petr\u00f3leo.<\/p>\n\n\n\n<p>Seg\u00fan el Primer Ministro eslovaco, la Uni\u00f3n Europea no debe dar prioridad a los intereses de Ucrania sobre las necesidades de sus Estados miembros, entre ellos Eslovaquia y Hungr\u00eda.<\/p>\n\n\n\n<p><strong><a href=\"https:\/\/czech.cri.cn\/2026\/03\/18\/ARTI1773804897053543\" title=\"\">CMG<\/a><\/strong><\/p>","protected":false},"excerpt":{"rendered":"<p>El 16 de marzo, Hungr\u00eda y Eslovaquia firmaron un acuerdo para construir un nuevo oleoducto que transportar\u00e1 gasolina y gas\u00f3leo entre ambos pa\u00edses. El proyecto...<\/p>","protected":false},"author":6,"featured_media":42729,"comment_status":"open","ping_status":"closed","sticky":false,"template":"","format":"standard","meta":{"_acf_changed":false,"_lmt_disableupdate":"","_lmt_disable":"","footnotes":""},"categories":[4,3,2973],"tags":[18,31,458,2578,32],"class_list":["post-42728","post","type-post","status-publish","format-standard","has-post-thumbnail","hentry","category-ekonomika","category-neprehlednete","category-zahranicni","tag-cmg","tag-madarsko","tag-robert-fico","tag-ropovod","tag-slovensko"],"acf":[],"aioseo_notices":[],"_links":{"self":[{"href":"https:\/\/gnews.cz\/es\/wp-json\/wp\/v2\/posts\/42728","targetHints":{"allow":["GET"]}}],"collection":[{"href":"https:\/\/gnews.cz\/es\/wp-json\/wp\/v2\/posts"}],"about":[{"href":"https:\/\/gnews.cz\/es\/wp-json\/wp\/v2\/types\/post"}],"author":[{"embeddable":true,"href":"https:\/\/gnews.cz\/es\/wp-json\/wp\/v2\/users\/6"}],"replies":[{"embeddable":true,"href":"https:\/\/gnews.cz\/es\/wp-json\/wp\/v2\/comments?post=42728"}],"version-history":[{"count":1,"href":"https:\/\/gnews.cz\/es\/wp-json\/wp\/v2\/posts\/42728\/revisions"}],"predecessor-version":[{"id":42730,"href":"https:\/\/gnews.cz\/es\/wp-json\/wp\/v2\/posts\/42728\/revisions\/42730"}],"wp:featuredmedia":[{"embeddable":true,"href":"https:\/\/gnews.cz\/es\/wp-json\/wp\/v2\/media\/42729"}],"wp:attachment":[{"href":"https:\/\/gnews.cz\/es\/wp-json\/wp\/v2\/media?parent=42728"}],"wp:term":[{"taxonomy":"category","embeddable":true,"href":"https:\/\/gnews.cz\/es\/wp-json\/wp\/v2\/categories?post=42728"},{"taxonomy":"post_tag","embeddable":true,"href":"https:\/\/gnews.cz\/es\/wp-json\/wp\/v2\/tags?post=42728"}],"curies":[{"name":"wp","href":"https:\/\/api.w.org\/{rel}","templated":true}]}}