{"id":42737,"date":"2026-03-24T04:00:00","date_gmt":"2026-03-24T03:00:00","guid":{"rendered":"https:\/\/gnews.cz\/?p=42737"},"modified":"2026-03-23T12:28:16","modified_gmt":"2026-03-23T11:28:16","slug":"zhai-jun-informoval-o-situaci-na-blizkem-vychode-a-sve-ceste-po-regionu","status":"publish","type":"post","link":"https:\/\/gnews.cz\/es\/neprehlednete\/zhai-jun-informoval-o-situaci-na-blizkem-vychode-a-sve-ceste-po-regionu\/","title":{"rendered":"Zhai Jun inform\u00f3 sobre la situaci\u00f3n en Oriente Medio y su viaje a la regi\u00f3n"},"content":{"rendered":"<p><strong>El enviado especial del gobierno chino para Oriente Medio, Zhai Jun, <strong>organizado por<\/strong><\/strong> <strong>en Pek\u00edn, donde resumi\u00f3 la actualidad de la regi\u00f3n y comparti\u00f3 las experiencias de su reciente viaje.<\/strong><\/p>\n\n\n\n<p>Durante sus visitas a varios pa\u00edses de Oriente Pr\u00f3ximo, se reuni\u00f3 con los ministros de Asuntos Exteriores de Arabia Saud\u00ed, Emiratos \u00c1rabes Unidos, Bahr\u00e9in, Kuwait y Egipto. Tambi\u00e9n se entrevist\u00f3 con los secretarios generales del Consejo de Cooperaci\u00f3n del Golfo (CCG) y de la Liga \u00c1rabe (LEA) y habl\u00f3 por tel\u00e9fono con el secretario de Estado del Ministerio de Asuntos Exteriores qatar\u00ed. Las conversaciones se centraron en calmar las tensiones, promover la reconciliaci\u00f3n e intentar detener la guerra.<\/p>\n\n\n\n<p>Zhai Jun subray\u00f3 la necesidad de evitar que el conflicto siga extendi\u00e9ndose y escalando. Los combates actuales amenazan la seguridad y estabilidad de Oriente Medio y afectan a la econom\u00eda mundial, la seguridad energ\u00e9tica y el transporte mar\u00edtimo. China condena los ataques contra civiles y objetivos no militares.<\/p>\n\n\n\n<p>Seg\u00fan Zhai Jun, la poblaci\u00f3n de la regi\u00f3n anhela la paz y la tranquilidad y todas las partes deben detener inmediatamente las operaciones militares, impedir la escalada de tensiones y evitar el caos. Tambi\u00e9n pidi\u00f3 que se rechazara el unilateralismo: la fuerza no significa la verdad. La comunidad internacional debe permanecer unida para defender el derecho internacional e impedir que se vuelva al principio de \u201ela fuerza hace el derecho\u201c.<\/p>\n\n\n\n<p><strong><a href=\"https:\/\/czech.cri.cn\/2026\/03\/23\/ARTI1774261754765135\" title=\"\">CMG<\/a><\/strong><\/p>","protected":false},"excerpt":{"rendered":"<p>El enviado especial del gobierno chino para Oriente Medio, Zhai Jun, celebr\u00f3 una reuni\u00f3n informativa en Pek\u00edn para resumir la actualidad de la regi\u00f3n y compartir...<\/p>","protected":false},"author":6,"featured_media":42754,"comment_status":"open","ping_status":"closed","sticky":false,"template":"","format":"standard","meta":{"_acf_changed":false,"_lmt_disableupdate":"","_lmt_disable":"","footnotes":""},"categories":[3,7,2973],"tags":[1264,18,1523,755,11488],"class_list":["post-42737","post","type-post","status-publish","format-standard","has-post-thumbnail","hentry","category-neprehlednete","category-politika","category-zahranicni","tag-blizkay-vychod","tag-cmg","tag-diplomacie","tag-mir","tag-zhai-jun"],"acf":[],"aioseo_notices":[],"_links":{"self":[{"href":"https:\/\/gnews.cz\/es\/wp-json\/wp\/v2\/posts\/42737","targetHints":{"allow":["GET"]}}],"collection":[{"href":"https:\/\/gnews.cz\/es\/wp-json\/wp\/v2\/posts"}],"about":[{"href":"https:\/\/gnews.cz\/es\/wp-json\/wp\/v2\/types\/post"}],"author":[{"embeddable":true,"href":"https:\/\/gnews.cz\/es\/wp-json\/wp\/v2\/users\/6"}],"replies":[{"embeddable":true,"href":"https:\/\/gnews.cz\/es\/wp-json\/wp\/v2\/comments?post=42737"}],"version-history":[{"count":1,"href":"https:\/\/gnews.cz\/es\/wp-json\/wp\/v2\/posts\/42737\/revisions"}],"predecessor-version":[{"id":42755,"href":"https:\/\/gnews.cz\/es\/wp-json\/wp\/v2\/posts\/42737\/revisions\/42755"}],"wp:featuredmedia":[{"embeddable":true,"href":"https:\/\/gnews.cz\/es\/wp-json\/wp\/v2\/media\/42754"}],"wp:attachment":[{"href":"https:\/\/gnews.cz\/es\/wp-json\/wp\/v2\/media?parent=42737"}],"wp:term":[{"taxonomy":"category","embeddable":true,"href":"https:\/\/gnews.cz\/es\/wp-json\/wp\/v2\/categories?post=42737"},{"taxonomy":"post_tag","embeddable":true,"href":"https:\/\/gnews.cz\/es\/wp-json\/wp\/v2\/tags?post=42737"}],"curies":[{"name":"wp","href":"https:\/\/api.w.org\/{rel}","templated":true}]}}