{"id":42750,"date":"2026-03-23T15:00:00","date_gmt":"2026-03-23T14:00:00","guid":{"rendered":"https:\/\/gnews.cz\/?p=42750"},"modified":"2026-03-23T12:18:44","modified_gmt":"2026-03-23T11:18:44","slug":"ceska-vladni-koalice-navrhuje-castecne-zruseni-poplatku-za-televizi-a-rozhlas-pro-seniory-mlade-a-zdravotne-postizene","status":"publish","type":"post","link":"https:\/\/gnews.cz\/es\/neprehlednete\/ceska-vladni-koalice-navrhuje-castecne-zruseni-poplatku-za-televizi-a-rozhlas-pro-seniory-mlade-a-zdravotne-postizene\/","title":{"rendered":"La coalici\u00f3n gubernamental checa propone la supresi\u00f3n parcial de las tarifas de televisi\u00f3n y radio para ancianos, j\u00f3venes y discapacitados"},"content":{"rendered":"<p><strong>La coalici\u00f3n gobernante en la Rep\u00fablica Checa ha anunciado hoy que presentar\u00e1 a la C\u00e1mara de Diputados el martes 24 de marzo de 2026 un proyecto de ley que suprimir\u00eda parcialmente los c\u00e1nones de licencia para los medios de comunicaci\u00f3n p\u00fablicos. La propuesta fue presentada por los l\u00edderes de los partidos gobernantes ANO, SPD y Motoristas tras la reuni\u00f3n de hoy del consejo de coalici\u00f3n, dijo Tomio Okamura, presidente de la C\u00e1mara de Diputados y l\u00edder del SPD.<\/strong><\/p>\n\n\n\n<p>Seg\u00fan Okamura, la propuesta debe centrarse en <strong>supresi\u00f3n de tasas para determinados grupos de residentes y empresas<\/strong>, que incluyen <strong>Mayores, empresas, j\u00f3venes dependientes de hasta 26 a\u00f1os y personas con discapacidad<\/strong>. Adem\u00e1s, indicaba que los ingresos por tasas deb\u00edan ser <strong>volver a la situaci\u00f3n de 2024<\/strong>, es decir, como estaban antes de parte de los cambios que entraron en vigor el a\u00f1o pasado.<\/p>\n\n\n\n<p>Seg\u00fan los informes disponibles, por ejemplo, podr\u00edan ser para algunos <strong>mayores de cierta edad<\/strong> suprimir totalmente el pago de tasas, lo que supondr\u00eda un alivio para miles de hogares.<\/p>\n\n\n\n<blockquote class=\"wp-block-quote is-layout-flow wp-block-quote-is-layout-flow\">\n<p>Los c\u00e1nones de concesi\u00f3n en la Rep\u00fablica Checa funcionan seg\u00fan la legislaci\u00f3n vigente de tal manera que <strong>cualquier persona que posea un equipo capaz de recibir emisiones de televisi\u00f3n o radio debe pagar una cuota mensual<\/strong>. Ahora es <strong>150 CZK para la televisi\u00f3n y 55 CZK para la radio<\/strong>, y las tendencias pand\u00e9micas y digitales de los \u00faltimos a\u00f1os han llevado a ampliar la obligaci\u00f3n a los dispositivos con acceso a Internet.<\/p>\n<\/blockquote>\n\n\n\n<p>Funcionarios de la coalici\u00f3n dijeron a principios de enero que <strong>la supresi\u00f3n total de estas tasas no est\u00e1 prevista hasta 2027<\/strong>, donde los medios de comunicaci\u00f3n p\u00fablicos -Televisi\u00f3n Checa y Radio Checa- deber\u00edan financiarse directamente con cargo a los presupuestos del Estado en lugar de a trav\u00e9s de c\u00e1nones.<\/p>\n\n\n\n<p>Las reacciones p\u00fablicas y profesionales a la medida de hoy son contradictorias. Algunos comentarios pol\u00edticos en las redes sociales y en el debate p\u00fablico apuntan a que <strong>la cuesti\u00f3n de las tasas es delicada<\/strong>, porque es una fuente de financiaci\u00f3n para garantizar el funcionamiento de los medios de comunicaci\u00f3n de servicio p\u00fablico sin intervenci\u00f3n directa del gobierno.<\/p>\n\n\n\n<blockquote class=\"wp-block-quote is-layout-flow wp-block-quote-is-layout-flow\">\n<p>Recientemente han surgido otros debates sobre los medios de comunicaci\u00f3n de servicio p\u00fablico: por ejemplo, se ha especulado sobre el efecto que los cambios en la financiaci\u00f3n podr\u00edan tener en la independencia de la radiodifusi\u00f3n y sobre si los cambios en la financiaci\u00f3n podr\u00edan tener en la independencia de la radiodifusi\u00f3n. <strong>cambios en la autonom\u00eda editorial<\/strong> podr\u00eda haber sido m\u00e1s pronunciada.<\/p>\n<\/blockquote>\n\n\n\n<p>Pero los partidos gobernantes de la coalici\u00f3n han subrayado hoy repetidamente que la propuesta es <strong>s\u00f3lo el primer paso hacia una reforma a largo plazo de la financiaci\u00f3n de los medios de comunicaci\u00f3n p\u00fablicos<\/strong> y que las medidas actuales tienen por objeto <strong>ayuda inmediata para determinados grupos y empresas<\/strong>.\u202f<\/p>\n\n\n\n<p><strong>gnews.cz - GH<\/strong><\/p>","protected":false},"excerpt":{"rendered":"<p>La coalici\u00f3n gobernante en la Rep\u00fablica Checa ha anunciado hoy que el martes 24 de marzo de 2026 presentar\u00e1 en la C\u00e1mara de Diputados un proyecto de ley que suprimir\u00eda parcialmente los c\u00e1nones...<\/p>","protected":false},"author":6,"featured_media":42751,"comment_status":"open","ping_status":"closed","sticky":false,"template":"","format":"standard","meta":{"_acf_changed":false,"_lmt_disableupdate":"","_lmt_disable":"","footnotes":""},"categories":[2968,3,7],"tags":[6807,3953,11706,11709,11707,8977,574,17,6784,336,41,11708],"class_list":["post-42750","post","type-post","status-publish","format-standard","has-post-thumbnail","hentry","category-domaci","category-neprehlednete","category-politika","tag-ceska-televize","tag-cesky-rozhlas","tag-koncesionarske-poplatky","tag-mladi-lide-do-26-let","tag-reforma-medii","tag-seniori","tag-tomio-okamura","tag-top","tag-verejnopravni-media","tag-vladni-koalice","tag-world","tag-zdravotne-postizene"],"acf":[],"aioseo_notices":[],"_links":{"self":[{"href":"https:\/\/gnews.cz\/es\/wp-json\/wp\/v2\/posts\/42750","targetHints":{"allow":["GET"]}}],"collection":[{"href":"https:\/\/gnews.cz\/es\/wp-json\/wp\/v2\/posts"}],"about":[{"href":"https:\/\/gnews.cz\/es\/wp-json\/wp\/v2\/types\/post"}],"author":[{"embeddable":true,"href":"https:\/\/gnews.cz\/es\/wp-json\/wp\/v2\/users\/6"}],"replies":[{"embeddable":true,"href":"https:\/\/gnews.cz\/es\/wp-json\/wp\/v2\/comments?post=42750"}],"version-history":[{"count":1,"href":"https:\/\/gnews.cz\/es\/wp-json\/wp\/v2\/posts\/42750\/revisions"}],"predecessor-version":[{"id":42752,"href":"https:\/\/gnews.cz\/es\/wp-json\/wp\/v2\/posts\/42750\/revisions\/42752"}],"wp:featuredmedia":[{"embeddable":true,"href":"https:\/\/gnews.cz\/es\/wp-json\/wp\/v2\/media\/42751"}],"wp:attachment":[{"href":"https:\/\/gnews.cz\/es\/wp-json\/wp\/v2\/media?parent=42750"}],"wp:term":[{"taxonomy":"category","embeddable":true,"href":"https:\/\/gnews.cz\/es\/wp-json\/wp\/v2\/categories?post=42750"},{"taxonomy":"post_tag","embeddable":true,"href":"https:\/\/gnews.cz\/es\/wp-json\/wp\/v2\/tags?post=42750"}],"curies":[{"name":"wp","href":"https:\/\/api.w.org\/{rel}","templated":true}]}}