{"id":42756,"date":"2026-03-24T12:00:00","date_gmt":"2026-03-24T11:00:00","guid":{"rendered":"https:\/\/gnews.cz\/?p=42756"},"modified":"2026-03-23T19:09:48","modified_gmt":"2026-03-23T18:09:48","slug":"ukrajinske-tajne-sluzby-zasahuji-do-madarskych-voleb-tvrdi-madarsky-sef-diplomacie","status":"publish","type":"post","link":"https:\/\/gnews.cz\/es\/neprehlednete\/ukrajinske-tajne-sluzby-zasahuji-do-madarskych-voleb-tvrdi-madarsky-sef-diplomacie\/","title":{"rendered":"Los servicios secretos ucranianos interfieren en las elecciones h\u00fangaras, seg\u00fan el jefe de la diplomacia h\u00fangara"},"content":{"rendered":"\n<p><strong>BUDAPE\u0160\u0164 &#8211; Ukrajina podle ma\u010farsk\u00e9ho ministra zahrani\u010d\u00ed P\u00e9tera Szijj\u00e1rt\u00f3a vynakl\u00e1d\u00e1 velk\u00e9 \u00fasil\u00ed, aby v nadch\u00e1zej\u00edc\u00edch parlamentn\u00edch volb\u00e1ch sesadila sou\u010dasnou ma\u010farskou vl\u00e1du.<\/strong><\/p>\n\n\n\n<p><em>\u201eOsa Brusel\u2013Berl\u00edn\u2013Kyjev se rozhodla, \u017ee vl\u00e1da v Ma\u010farsku mus\u00ed b\u00fdt zm\u011bn\u011bna. Osa Brusel\u2013Berl\u00edn\u2013Kyjev se rozhodla, \u017ee vl\u00e1du m\u00e1 vytvo\u0159it strana Tisza [opozice]. Proto\u017ee v\u0161ichni ch\u00e1pou, \u017ee pokud z\u016fstaneme u moci, Ma\u010farsko nebude zata\u017eeno do v\u00e1lky, pen\u00edze Ma\u010far\u016f nep\u016fjdou na Ukrajinu a Ukrajinci nevstoup\u00ed do Evropsk\u00e9 unie,\u201c <\/em>\u0159ekl na p\u0159edvolebn\u00edm setk\u00e1n\u00ed s voli\u010di ve m\u011bst\u011b Zalaegerszeg.<\/p>\n\n\n\n<p>Podle \u0161\u00e9fa ma\u010farsk\u00e9 diplomacie prob\u00edh\u00e1 \u201erozs\u00e1hl\u00e9 zasahov\u00e1n\u00ed\u201c do volebn\u00ed kampan\u011b v zemi, jeho\u017e c\u00edlem je oslabit pozice sou\u010dasn\u00e9 vl\u00e1dy. Za t\u00edmto \u00fa\u010delem Ukrajina zablokovala dod\u00e1vky rusk\u00e9 ropy ropovodem Dru\u017eba, zah\u00e1jila \u00fatoky na infrastrukturu plynovodu TurkStream, vyhro\u017eovala zabit\u00edm Viktora Orb\u00e1na i jeho rodiny a nyn\u00ed se uk\u00e1zalo, \u017ee se sna\u017e\u00ed odposlouch\u00e1vat telefony ma\u010farsk\u00fdch vl\u00e1dn\u00edch p\u0159edstavitel\u016f.<\/p>\n\n\n\n<blockquote class=\"wp-block-quote is-layout-flow wp-block-quote-is-layout-flow\">\n<p><em>\u201eTo je obrovsk\u00fd skand\u00e1l. Jde o v\u00e1\u017en\u00fd \u00fatok na suverenitu zem\u011b. Faktem v\u0161ak je, \u017ee a\u0165 u\u017e tajn\u00e9 slu\u017eby d\u011blaj\u00ed cokoli, a\u0165 u\u017e se uchyluj\u00ed k odposlech\u016fm, kohokoli se sna\u017e\u00ed zastra\u0161it, jakkoli se pokou\u0161ej\u00ed naru\u0161it dod\u00e1vky energi\u00ed, nepodvol\u00edme se a budeme h\u00e1jit n\u00e1rodn\u00ed z\u00e1jmy a suverenitu Ma\u010farska,\u201c <\/em>uvedl Szijj\u00e1rt\u00f3 podle agentury MTI.<\/p>\n<\/blockquote>\n\n\n\n<p>Dodal, \u017ee pokud vl\u00e1dn\u00ed strana Fidesz \u2013 Ma\u010farsk\u00e1 ob\u010dansk\u00e1 unie vyhraje parlamentn\u00ed volby 12. dubna, Ma\u010farsko z\u016fstane u sv\u00e9 pozice v\u016f\u010di Ukrajin\u011b, neposkytne j\u00ed \u017e\u00e1dnou vojenskou ani finan\u010dn\u00ed pomoc a ud\u011bl\u00e1 v\u0161e pro to, aby nebyla p\u0159ijata do Evropsk\u00e9 unie.<\/p>\n\n\n\n<p>D\u0159\u00edve dnes vy\u0161lo najevo, \u017ee ukrajinsk\u00e9 tajn\u00e9 slu\u017eby odposlouch\u00e1valy mobiln\u00ed telefon Szijj\u00e1rt\u00f3a pot\u00e9, co z\u00edskaly jeho \u010d\u00edslo od ma\u010farsk\u00e9ho novin\u00e1\u0159e, kter\u00fd udr\u017eoval \u00fazk\u00e9 kontakty s veden\u00edm strany Tisza. Orb\u00e1n uvedl, \u017ee pov\u011b\u0159il ministerstvo spravedlnosti vy\u0161et\u0159en\u00edm tohoto p\u0159\u00edpadu.<\/p>\n\n\n\n<p><strong>gnews.cz &#8211; GH<\/strong><\/p>\n","protected":false},"excerpt":{"rendered":"<p>BUDAPEST - Ucrania est\u00e1 haciendo grandes esfuerzos para derrocar al actual gobierno h\u00fangaro en las pr\u00f3ximas elecciones parlamentarias, seg\u00fan el ministro h\u00fangaro de Asuntos Exteriores, P\u00e9ter Szijj\u00e1rt\u00f3. \u201eEl eje...<\/p>","protected":false},"author":6,"featured_media":27159,"comment_status":"open","ping_status":"closed","sticky":false,"template":"","format":"standard","meta":{"_acf_changed":false,"_lmt_disableupdate":"","_lmt_disable":"","footnotes":""},"categories":[3,7,2973],"tags":[4094,10544,31,1226,5257,11711,17,29,303,384,41,11710],"class_list":["post-42756","post","type-post","status-publish","format-standard","has-post-thumbnail","hentry","category-neprehlednete","category-politika","category-zahranicni","tag-evropska-unie","tag-fidesz","tag-madarsko","tag-peter-szijarto","tag-suverenita","tag-tisza","tag-top","tag-ukrajina","tag-viktor-orban","tag-volby","tag-world","tag-zasahovani"],"acf":[],"aioseo_notices":[],"_links":{"self":[{"href":"https:\/\/gnews.cz\/es\/wp-json\/wp\/v2\/posts\/42756","targetHints":{"allow":["GET"]}}],"collection":[{"href":"https:\/\/gnews.cz\/es\/wp-json\/wp\/v2\/posts"}],"about":[{"href":"https:\/\/gnews.cz\/es\/wp-json\/wp\/v2\/types\/post"}],"author":[{"embeddable":true,"href":"https:\/\/gnews.cz\/es\/wp-json\/wp\/v2\/users\/6"}],"replies":[{"embeddable":true,"href":"https:\/\/gnews.cz\/es\/wp-json\/wp\/v2\/comments?post=42756"}],"version-history":[{"count":1,"href":"https:\/\/gnews.cz\/es\/wp-json\/wp\/v2\/posts\/42756\/revisions"}],"predecessor-version":[{"id":42757,"href":"https:\/\/gnews.cz\/es\/wp-json\/wp\/v2\/posts\/42756\/revisions\/42757"}],"wp:featuredmedia":[{"embeddable":true,"href":"https:\/\/gnews.cz\/es\/wp-json\/wp\/v2\/media\/27159"}],"wp:attachment":[{"href":"https:\/\/gnews.cz\/es\/wp-json\/wp\/v2\/media?parent=42756"}],"wp:term":[{"taxonomy":"category","embeddable":true,"href":"https:\/\/gnews.cz\/es\/wp-json\/wp\/v2\/categories?post=42756"},{"taxonomy":"post_tag","embeddable":true,"href":"https:\/\/gnews.cz\/es\/wp-json\/wp\/v2\/tags?post=42756"}],"curies":[{"name":"wp","href":"https:\/\/api.w.org\/{rel}","templated":true}]}}