{"id":42777,"date":"2026-03-24T18:00:00","date_gmt":"2026-03-24T17:00:00","guid":{"rendered":"https:\/\/gnews.cz\/?p=42777"},"modified":"2026-03-24T14:45:27","modified_gmt":"2026-03-24T13:45:27","slug":"mezinarodni-unie-novinaru-durazne-odsuzuje-utoky-na-novinare-a-medialni-organizace","status":"publish","type":"post","link":"https:\/\/gnews.cz\/es\/tema\/mezinarodni-unie-novinaru-durazne-odsuzuje-utoky-na-novinare-a-medialni-organizace\/","title":{"rendered":"La Uni\u00f3n Internacional de Periodistas condena en\u00e9rgicamente los ataques contra periodistas y organizaciones de medios de comunicaci\u00f3n"},"content":{"rendered":"<p><strong>La Uni\u00f3n Internacional de Periodistas (UIP) expresa su profunda preocupaci\u00f3n y <a href=\"https:\/\/www.intuj.com\/uncategorized\/iuj-strongly-condemns-attacks-on-journalists-and-media-organizations\/\" title=\"\">condena en\u00e9rgicamente el creciente n\u00famero de atentados<\/a> sobre periodistas y organizaciones de medios de comunicaci\u00f3n de todo el mundo.<\/strong><\/p>\n\n\n\n<p><em>\u201eEl deber primordial de los periodistas en activo es proporcionar al p\u00fablico una informaci\u00f3n exacta, objetiva y equilibrada. Nuestro trabajo es estrictamente profesional, libre de prejuicios pol\u00edticos y segundas intenciones. Sin embargo, los periodistas se convierten cada vez m\u00e1s en los primeros objetivos en zonas de guerra y conflicto. La UIP subraya que un ataque contra un medio de comunicaci\u00f3n no es s\u00f3lo la destrucci\u00f3n de un edificio; es un ataque directo contra la libertad de expresi\u00f3n, el derecho del p\u00fablico a la informaci\u00f3n y los valores democr\u00e1ticos fundamentales\u201c.\u201c<\/em> escribi\u00f3 la UIP en un comunicado.<\/p>\n\n\n\n<p>La UIP advirti\u00f3 que los periodistas que trabajan en zonas de conflicto se enfrentan a un peligro extremo y arriesgan sus vidas cada d\u00eda para hacer su trabajo. <em>\u201eSu papel es crucial para documentar la realidad sobre el terreno, denunciar las violaciones de derechos humanos e informar a la opini\u00f3n p\u00fablica mundial. Cualquier ataque o da\u00f1o dirigido contra ellos o sus organizaciones es totalmente inaceptable\u201c.\u201c<\/em><\/p>\n\n\n\n<blockquote class=\"wp-block-quote is-layout-flow wp-block-quote-is-layout-flow\">\n<p><em>\u201eEl Ejecutivo pide a todas las partes implicadas en los conflictos que respeten el derecho internacional y los acuerdos que garantizan la seguridad de los periodistas. Los medios de comunicaci\u00f3n deben ser considerados espacios civiles y en ning\u00fan caso objetivos militares\u201c.\u201c<\/em> dijo el sindicato.<\/p>\n<\/blockquote>\n\n\n\n<p><em>\u201ePedimos a las organizaciones internacionales, instituciones de derechos humanos y gobiernos que tomen medidas inmediatas para garantizar la seguridad de los periodistas y las instalaciones de los medios de comunicaci\u00f3n en las zonas de conflicto. Exigimos que los responsables de ataques contra trabajadores de los medios de comunicaci\u00f3n rindan cuentas y se enfrenten a severas sanciones legales.\u201c<\/em><\/p>\n\n\n\n<p>Seg\u00fan su declaraci\u00f3n, la UIP se solidariza firmemente con todos los profesionales e instituciones de los medios de comunicaci\u00f3n afectados. <em>\u201eReafirmamos nuestro compromiso con la libertad de prensa y exigimos un entorno seguro en el que los periodistas puedan hacer su trabajo sin miedo, amenazas ni intimidaciones\u201c.\u201c<\/em><\/p>\n\n\n\n<p><strong><a href=\"https:\/\/www.intuj.com\/uncategorized\/iuj-strongly-condemns-attacks-on-journalists-and-media-organizations\/\" title=\"\">IUJ<\/a>\/gnews.cz - GH<\/strong><\/p>","protected":false},"excerpt":{"rendered":"<p>La Uni\u00f3n Internacional de Periodistas (UIP) expresa su profunda preocupaci\u00f3n y condena en\u00e9rgicamente el creciente n\u00famero de ataques contra periodistas y organizaciones de medios de comunicaci\u00f3n en todo el mundo. \u201eLos principales...<\/p>","protected":false},"author":6,"featured_media":42778,"comment_status":"open","ping_status":"closed","sticky":false,"template":"","format":"standard","meta":{"_acf_changed":false,"_lmt_disableupdate":"","_lmt_disable":"","footnotes":""},"categories":[2968,3,7,1,2973],"tags":[11728,3480,11730,11726,351,11729,3632,318,9945,17,11727,41],"class_list":["post-42777","post","type-post","status-publish","format-standard","has-post-thumbnail","hentry","category-domaci","category-neprehlednete","category-politika","category-tema","category-zahranicni","tag-bezpecnost-novinaru","tag-demokracie","tag-iuj","tag-konfliktni-zony","tag-lidska-prava","tag-medialni-organizace","tag-mezinarodni-pravo","tag-novinari","tag-svoboda-tisku","tag-top","tag-utoky-na-media","tag-world"],"acf":[],"aioseo_notices":[],"_links":{"self":[{"href":"https:\/\/gnews.cz\/es\/wp-json\/wp\/v2\/posts\/42777","targetHints":{"allow":["GET"]}}],"collection":[{"href":"https:\/\/gnews.cz\/es\/wp-json\/wp\/v2\/posts"}],"about":[{"href":"https:\/\/gnews.cz\/es\/wp-json\/wp\/v2\/types\/post"}],"author":[{"embeddable":true,"href":"https:\/\/gnews.cz\/es\/wp-json\/wp\/v2\/users\/6"}],"replies":[{"embeddable":true,"href":"https:\/\/gnews.cz\/es\/wp-json\/wp\/v2\/comments?post=42777"}],"version-history":[{"count":1,"href":"https:\/\/gnews.cz\/es\/wp-json\/wp\/v2\/posts\/42777\/revisions"}],"predecessor-version":[{"id":42779,"href":"https:\/\/gnews.cz\/es\/wp-json\/wp\/v2\/posts\/42777\/revisions\/42779"}],"wp:featuredmedia":[{"embeddable":true,"href":"https:\/\/gnews.cz\/es\/wp-json\/wp\/v2\/media\/42778"}],"wp:attachment":[{"href":"https:\/\/gnews.cz\/es\/wp-json\/wp\/v2\/media?parent=42777"}],"wp:term":[{"taxonomy":"category","embeddable":true,"href":"https:\/\/gnews.cz\/es\/wp-json\/wp\/v2\/categories?post=42777"},{"taxonomy":"post_tag","embeddable":true,"href":"https:\/\/gnews.cz\/es\/wp-json\/wp\/v2\/tags?post=42777"}],"curies":[{"name":"wp","href":"https:\/\/api.w.org\/{rel}","templated":true}]}}