{"id":42818,"date":"2026-03-25T18:00:00","date_gmt":"2026-03-25T17:00:00","guid":{"rendered":"https:\/\/gnews.cz\/?p=42818"},"modified":"2026-03-25T14:10:51","modified_gmt":"2026-03-25T13:10:51","slug":"fico-varoval-zapad-pred-podcenovanim-podpory-putina-a-zkritizoval-postoj-eu-k-rusku-i-ukrajine","status":"publish","type":"post","link":"https:\/\/gnews.cz\/es\/neprehlednete\/fico-varoval-zapad-pred-podcenovanim-podpory-putina-a-zkritizoval-postoj-eu-k-rusku-i-ukrajine\/","title":{"rendered":"Fico advirti\u00f3 a Occidente de que no subestime su apoyo a Putin y critic\u00f3 la actitud de la UE hacia Rusia y Ucrania"},"content":{"rendered":"<p><strong>El primer ministro eslovaco, Robert Fico, ha advertido tajantemente a Occidente de que no subestime el apoyo del presidente ruso, Vladimir Putin, en la sociedad rusa. Dijo que la idea de que Putin no ten\u00eda una base fuerte entre la poblaci\u00f3n, <em>\u201ecompletamente equivocado hasta el punto de la estupidez\u201c<\/em>.<\/strong><\/p>\n\n\n\n<p>Fico subray\u00f3 que en pocos pa\u00edses del mundo un jefe de Estado cuenta con un apoyo tan amplio en toda la sociedad, incluidas las \u00e9lites pol\u00edticas, como el que tiene Putin en Rusia. Tambi\u00e9n se\u00f1al\u00f3 que si en Eslovaquia se expresan opiniones contrarias, las considera falsas.<\/p>\n\n\n\n<p>Durante un encuentro con estudiantes de escuelas secundarias y t\u00e9cnicas eslovacas, el primer ministro tambi\u00e9n afirm\u00f3 que Eslovaquia est\u00e1 interesada en mantener relaciones normales con Rusia. Seg\u00fan sus palabras, la guerra en Ucrania terminar\u00e1 alg\u00fan d\u00eda y Europa no debe aspirar a crear un nuevo <em>\u201eTel\u00f3n de Acero\u201c<\/em>. <em>\u201eNuestro deber es cooperar con quien quiera cooperar\u201c.\u201c <\/em>Dijo.<\/p>\n\n\n\n<blockquote class=\"wp-block-quote is-layout-flow wp-block-quote-is-layout-flow\">\n<p>Fico tambi\u00e9n reflexion\u00f3 sobre lo que describi\u00f3 como la creciente hostilidad de Europa hacia Rusia. Admiti\u00f3 que entend\u00eda muchos de los movimientos dentro de la Uni\u00f3n Europea, pero <em>\u201eobsesi\u00f3n y odio hacia Rusia\u201c<\/em> dice que no puede explicarlo.<\/p>\n<\/blockquote>\n\n\n\n<p>El Primer Ministro critic\u00f3 el doble rasero de la UE a la hora de evaluar los conflictos internacionales. Se\u00f1al\u00f3 la situaci\u00f3n en la Franja de Gaza, donde, seg\u00fan \u00e9l, las p\u00e9rdidas civiles superan a las del conflicto en Ucrania, y sin embargo la UE, seg\u00fan \u00e9l, act\u00faa de otra manera. Seg\u00fan Fico, la UE ya no act\u00faa como un proyecto de paz, como lo hac\u00eda en el pasado.<\/p>\n\n\n\n<p>Tambi\u00e9n se mostr\u00f3 cr\u00edtico con la ayuda financiera a Ucrania. Afirm\u00f3 que la Uni\u00f3n Europea tiene previsto otro pr\u00e9stamo de 90.000 millones de euros, mientras que, seg\u00fan \u00e9l, ya se han gastado unos 300.000 millones de euros en apoyar a Ucrania, lo que calific\u00f3 de \u201edespilfarro\u201c.<\/p>\n\n\n\n<blockquote class=\"wp-block-quote is-layout-flow wp-block-quote-is-layout-flow\">\n<p>En el contexto de la interrupci\u00f3n del suministro de petr\u00f3leo a trav\u00e9s del oleoducto de Druzhba, Fico rechaz\u00f3 las afirmaciones de que Eslovaquia financia la maquinaria b\u00e9lica rusa comprando petr\u00f3leo ruso. Seg\u00fan \u00e9l, los ingresos procedentes de estos suministros s\u00f3lo representan alrededor del 0,2 % de los ingresos de Rusia por exportaciones de recursos naturales.<\/p>\n<\/blockquote>\n\n\n\n<p>Al mismo tiempo, Fico dijo que cree que Rusia <em>\u201enunca abandonar\u00e1 el Donb\u00e1s\u201c<\/em> y otras regiones en disputa. Subray\u00f3 la necesidad de concluir cuanto antes un acuerdo de paz, que, seg\u00fan dijo, deber\u00eda incluir compromisos territoriales por parte de Ucrania. <em>\u201eSi Ucrania no est\u00e1 de acuerdo, la guerra continuar\u00e1\u201c.\u201c<\/em> Concluy\u00f3.<\/p>\n\n\n\n<p><strong>gnews.cz - GH<\/strong><\/p>","protected":false},"excerpt":{"rendered":"<p>El primer ministro eslovaco, Robert Fico, ha advertido tajantemente a Occidente de que no subestime el apoyo del presidente ruso, Vladimir Putin, en la sociedad rusa. Seg\u00fan \u00e9l, la idea de que...<\/p>","protected":false},"author":6,"featured_media":20399,"comment_status":"open","ping_status":"closed","sticky":false,"template":"","format":"standard","meta":{"_acf_changed":false,"_lmt_disableupdate":"","_lmt_disable":"","footnotes":""},"categories":[3,7,2973],"tags":[4756,3762,4094,389,4416,458,26,32,17,29,693,41],"class_list":["post-42818","post","type-post","status-publish","format-standard","has-post-thumbnail","hentry","category-neprehlednete","category-politika","category-zahranicni","tag-donbas","tag-druzba","tag-evropska-unie","tag-mirova-jednani","tag-pasmo-gazy","tag-robert-fico","tag-rusko","tag-slovensko","tag-top","tag-ukrajina","tag-vladimir-putin","tag-world"],"acf":[],"aioseo_notices":[],"_links":{"self":[{"href":"https:\/\/gnews.cz\/es\/wp-json\/wp\/v2\/posts\/42818","targetHints":{"allow":["GET"]}}],"collection":[{"href":"https:\/\/gnews.cz\/es\/wp-json\/wp\/v2\/posts"}],"about":[{"href":"https:\/\/gnews.cz\/es\/wp-json\/wp\/v2\/types\/post"}],"author":[{"embeddable":true,"href":"https:\/\/gnews.cz\/es\/wp-json\/wp\/v2\/users\/6"}],"replies":[{"embeddable":true,"href":"https:\/\/gnews.cz\/es\/wp-json\/wp\/v2\/comments?post=42818"}],"version-history":[{"count":1,"href":"https:\/\/gnews.cz\/es\/wp-json\/wp\/v2\/posts\/42818\/revisions"}],"predecessor-version":[{"id":42819,"href":"https:\/\/gnews.cz\/es\/wp-json\/wp\/v2\/posts\/42818\/revisions\/42819"}],"wp:featuredmedia":[{"embeddable":true,"href":"https:\/\/gnews.cz\/es\/wp-json\/wp\/v2\/media\/20399"}],"wp:attachment":[{"href":"https:\/\/gnews.cz\/es\/wp-json\/wp\/v2\/media?parent=42818"}],"wp:term":[{"taxonomy":"category","embeddable":true,"href":"https:\/\/gnews.cz\/es\/wp-json\/wp\/v2\/categories?post=42818"},{"taxonomy":"post_tag","embeddable":true,"href":"https:\/\/gnews.cz\/es\/wp-json\/wp\/v2\/tags?post=42818"}],"curies":[{"name":"wp","href":"https:\/\/api.w.org\/{rel}","templated":true}]}}