{"id":42868,"date":"2026-03-26T21:00:00","date_gmt":"2026-03-26T20:00:00","guid":{"rendered":"https:\/\/gnews.cz\/?p=42868"},"modified":"2026-04-01T06:26:14","modified_gmt":"2026-04-01T04:26:14","slug":"gnews-rozhovor-s-poslancem-janem-hrncirem-spd-dil-iii-bez-ciny-pry-evropa-nezvladne-technologie-ani-elektromobily","status":"publish","type":"post","link":"https:\/\/gnews.cz\/es\/tema\/gnews-rozhovor-s-poslancem-janem-hrncirem-spd-dil-iii-bez-ciny-pry-evropa-nezvladne-technologie-ani-elektromobily\/","title":{"rendered":"GNEWS Entrevista con el eurodiputado Jan Hrn\u010d\u00ed\u0159 (SPD), parte III: Sin China, Europa no podr\u00e1 con la tecnolog\u00eda y los coches el\u00e9ctricos"},"content":{"rendered":"<p><strong>El diputado Jan Hrn\u010d\u00ed\u0159, del movimiento Libertad y Democracia Directa (SPD), no escatim\u00f3 palabras contundentes en su entrevista abierta.<strong>. En la siguiente parte de la entrevista para&nbsp;<a href=\"https:\/\/gnews.cz\/es\/\">Gnews.cz<\/a>&nbsp;<\/strong>. Seg\u00fan \u00e9l, en los \u00faltimos treinta a\u00f1os la Rep\u00fablica Popular China ha pasado de ser una econom\u00eda insignificante a convertirse en un l\u00edder global del que el mundo actual no puede prescindir.<\/strong><\/p>\n\n\n\n<figure class=\"wp-block-embed is-provider-youtube wp-block-embed-youtube\"><div class=\"wp-block-embed__wrapper\">\n<iframe title=\"Jan Hrn\u010d\u00ed\u0159 (SPD) sobre la Rep\u00fablica Popular China\" width=\"1170\" height=\"658\" src=\"https:\/\/www.youtube.com\/embed\/_H6TAGFwnDk?feature=oembed\" frameborder=\"0\" allow=\"accelerometer; autoplay; clipboard-write; encrypted-media; gyroscope; picture-in-picture; web-share\" referrerpolicy=\"strict-origin-when-cross-origin\" allowfullscreen><\/iframe>\n<\/div><\/figure>\n\n\n\n<p><em>Puede escuchar la tercera parte de nuestra entrevista con Jan Hrn\u010d\u00ed\u0159<\/em> <strong><a href=\"https:\/\/youtu.be\/_H6TAGFwnDk\" title=\"\">aqu\u00ed<\/a><\/strong><\/p>\n\n\n\n<blockquote class=\"wp-block-quote is-layout-flow wp-block-quote-is-layout-flow\">\n<p><strong>\u201eHace treinta a\u00f1os era un pa\u00eds relativamente insignificante econ\u00f3micamente. Hoy es la segunda econom\u00eda del mundo despu\u00e9s de Estados Unidos\u201c, afirm\u00f3 Hrn\u010d\u00ed\u0159. En su opini\u00f3n, no s\u00f3lo es crucial el tama\u00f1o de la econom\u00eda, sino tambi\u00e9n el ritmo del progreso tecnol\u00f3gico, en el que China va a la cabeza.<\/strong><\/p>\n<\/blockquote>\n\n\n\n<p>Seg\u00fan el diputado, la clave del \u00e9xito es el control de las materias primas estrat\u00e9gicas. China se ha asegurado el acceso a los minerales necesarios para la producci\u00f3n de chips, bater\u00edas y el desarrollo de la movilidad el\u00e9ctrica. Por el contrario, Europa se encuentra en una situaci\u00f3n dif\u00edcil. La Uni\u00f3n Europea depende casi al 100% de las importaciones de estas materias primas y componentes procedentes de China. Esto, dijo, limita fundamentalmente su capacidad para competir en tecnolog\u00edas modernas.<\/p>\n\n\n\n<blockquote class=\"wp-block-quote is-layout-flow wp-block-quote-is-layout-flow\">\n<p><strong>\u201eSin China, ni la electromovilidad ni el cambio tecnol\u00f3gico son posibles hoy en d\u00eda\u201c, afirma Hrn\u010d\u00ed\u0159, quien a\u00f1ade que, si bien esta dependencia es evidente en Europa, la situaci\u00f3n es solo ligeramente mejor en Estados Unidos.<\/strong><\/p>\n<\/blockquote>\n\n\n\n<p>La declaraci\u00f3n reabre as\u00ed una cuesti\u00f3n fundamental: \u00bftiene hoy China la llave del futuro de la tecnolog\u00eda mundial?<\/p>\n\n\n\n<p><em>Puede ver la parte anterior de la entrevista<\/em>: <strong><a href=\"https:\/\/gnews.cz\/es\/comentarios\/gnews-rozhovor-s-poslancem-janem-hrncirem-spd-dil-ii-obavy-z-nove-migracni-vlny\/\" target=\"_blank\" rel=\"noopener\" title=\"\">aqu\u00ed<\/a><\/strong><\/p>\n\n\n\n<p><strong>Noticias generales<\/strong><\/p>","protected":false},"excerpt":{"rendered":"<p>El diputado checo Jan Hrn\u010d\u00ed\u0159, del movimiento Libertad y Democracia Directa (SPD), no ahorr\u00f3 palabras fuertes en su entrevista abierta. En la siguiente parte de la entrevista...<\/p>","protected":false},"author":9,"featured_media":42785,"comment_status":"open","ping_status":"closed","sticky":false,"template":"","format":"standard","meta":{"_acf_changed":false,"_lmt_disableupdate":"","_lmt_disable":"","footnotes":""},"categories":[2968,7,2,1,580,2973],"tags":[45,22,6802,27,968,78,11732,11793,10,573,11792,11755,11791,11794,17,38,41],"class_list":["post-42868","post","type-post","status-publish","format-standard","has-post-thumbnail","hentry","category-domaci","category-politika","category-rozhovory","category-tema","category-vyber-sefredaktora","category-zahranicni","tag-cr","tag-cina","tag-cinska-lidova-republika","tag-ekonomika","tag-elektromobilita","tag-evropa","tag-jan-hrncir","tag-moderni-technologie","tag-news","tag-spd","tag-strategickei-suroviny","tag-svoboda-a-prima-demokracie-spd","tag-technologicky-pokrok","tag-technologicky-posun","tag-top","tag-usa","tag-world"],"acf":[],"aioseo_notices":[],"_links":{"self":[{"href":"https:\/\/gnews.cz\/es\/wp-json\/wp\/v2\/posts\/42868","targetHints":{"allow":["GET"]}}],"collection":[{"href":"https:\/\/gnews.cz\/es\/wp-json\/wp\/v2\/posts"}],"about":[{"href":"https:\/\/gnews.cz\/es\/wp-json\/wp\/v2\/types\/post"}],"author":[{"embeddable":true,"href":"https:\/\/gnews.cz\/es\/wp-json\/wp\/v2\/users\/9"}],"replies":[{"embeddable":true,"href":"https:\/\/gnews.cz\/es\/wp-json\/wp\/v2\/comments?post=42868"}],"version-history":[{"count":5,"href":"https:\/\/gnews.cz\/es\/wp-json\/wp\/v2\/posts\/42868\/revisions"}],"predecessor-version":[{"id":43283,"href":"https:\/\/gnews.cz\/es\/wp-json\/wp\/v2\/posts\/42868\/revisions\/43283"}],"wp:featuredmedia":[{"embeddable":true,"href":"https:\/\/gnews.cz\/es\/wp-json\/wp\/v2\/media\/42785"}],"wp:attachment":[{"href":"https:\/\/gnews.cz\/es\/wp-json\/wp\/v2\/media?parent=42868"}],"wp:term":[{"taxonomy":"category","embeddable":true,"href":"https:\/\/gnews.cz\/es\/wp-json\/wp\/v2\/categories?post=42868"},{"taxonomy":"post_tag","embeddable":true,"href":"https:\/\/gnews.cz\/es\/wp-json\/wp\/v2\/tags?post=42868"}],"curies":[{"name":"wp","href":"https:\/\/api.w.org\/{rel}","templated":true}]}}