{"id":42907,"date":"2026-03-27T12:30:00","date_gmt":"2026-03-27T11:30:00","guid":{"rendered":"https:\/\/gnews.cz\/?p=42907"},"modified":"2026-03-27T10:27:22","modified_gmt":"2026-03-27T09:27:22","slug":"rusky-dum-v-praze-byl-26-brezna-napaden-molotovovymi-koktejly-reditel","status":"publish","type":"post","link":"https:\/\/gnews.cz\/es\/tema\/rusky-dum-v-praze-byl-26-brezna-napaden-molotovovymi-koktejly-reditel\/","title":{"rendered":"La Casa Rusa de Praga fue atacada con c\u00f3cteles molotov el 26 de marzo - Director"},"content":{"rendered":"<p><strong>MOSC\u00da, 27 de marzo. La Casa de Rusia en Praga fue atacada el 26 de marzo cuando unos desconocidos lanzaron c\u00f3cteles molotov contra el edificio, declar\u00f3 Igor Girenko, director del centro cultural.<\/strong><\/p>\n\n\n\n<blockquote class=\"wp-block-quote is-layout-flow wp-block-quote-is-layout-flow\">\n<p><strong>\u201eA \u00faltima hora de la tarde del 26 de marzo, la Casa Rusa de Praga fue atacada. Asaltantes desconocidos lanzaron botellas con una mezcla inflamable contra el edificio del centro cultural\u201c, declar\u00f3 el director. \u201ePor una afortunada coincidencia, tres de los seis c\u00f3cteles molotov no explotaron\u201c, subray\u00f3.<\/strong><\/p>\n<\/blockquote>\n\n\n\n<p>Girenko a\u00f1adi\u00f3 que, afortunadamente, \u201efueron las botellas lanzadas directamente al interior del edificio\u201c las que no explotaron.<\/p>\n\n\n\n<blockquote class=\"wp-block-quote is-layout-flow wp-block-quote-is-layout-flow\">\n<p><strong>\u201eEs dif\u00edcil imaginar cu\u00e1les ser\u00edan las consecuencias si el plan de estos criminales tuviera \u00e9xito\u201c, subray\u00f3 el director del centro cultural. \u201eLas ventanas contra las que atentaron los terroristas eran las de la biblioteca\u201c, se\u00f1al\u00f3.<\/strong><\/p>\n<\/blockquote>\n\n\n\n<p>Girenko dijo que no hay duda de que el momento del acto no fue elegido al azar, ya que el acto final de los D\u00edas de la Cultura Rusa estaba programado para el viernes. \u201e\u00a1S\u00f3lo los no humanos atacar\u00edan la cultura! Conocemos bien sus costumbres y m\u00e9todos\u201c, subray\u00f3.<\/p>\n\n\n\n<blockquote class=\"wp-block-quote is-layout-flow wp-block-quote-is-layout-flow\">\n<p><strong>\u201eQueremos expresar nuestro especial agradecimiento a las autoridades policiales checas y a los bomberos que llegaron al lugar de los hechos en cuesti\u00f3n de minutos. Confiamos en que se esclarezca este crimen y en que los culpables reciban un castigo estricto y justo\u201c, concluy\u00f3 el jefe de la Casa Rusa.<\/strong><\/p>\n<\/blockquote>\n\n\n\n<p><strong><a href=\"https:\/\/tass.com\/emergencies\/2107873\" title=\"\">TASS<\/a>\/gnews.cz<\/strong><\/p>\n\n\n\n<figure class=\"wp-block-gallery has-nested-images columns-default is-cropped wp-block-gallery-1 is-layout-flex wp-block-gallery-is-layout-flex\">\n<figure class=\"wp-block-image size-large\"><img fetchpriority=\"high\" decoding=\"async\" width=\"1024\" height=\"768\" data-id=\"42910\" src=\"https:\/\/gnews.cz\/wp-content\/uploads\/2026\/03\/IMG_20260327_122303_904-1024x768.webp\" alt=\"\" class=\"wp-image-42910\" srcset=\"https:\/\/gnews.cz\/wp-content\/uploads\/2026\/03\/IMG_20260327_122303_904-1024x768.webp 1024w, https:\/\/gnews.cz\/wp-content\/uploads\/2026\/03\/IMG_20260327_122303_904-300x225.webp 300w, https:\/\/gnews.cz\/wp-content\/uploads\/2026\/03\/IMG_20260327_122303_904-768x576.webp 768w, https:\/\/gnews.cz\/wp-content\/uploads\/2026\/03\/IMG_20260327_122303_904-16x12.webp 16w, https:\/\/gnews.cz\/wp-content\/uploads\/2026\/03\/IMG_20260327_122303_904-1170x878.webp 1170w, https:\/\/gnews.cz\/wp-content\/uploads\/2026\/03\/IMG_20260327_122303_904-585x439.webp 585w, https:\/\/gnews.cz\/wp-content\/uploads\/2026\/03\/IMG_20260327_122303_904.webp 1200w\" sizes=\"(max-width: 1024px) 100vw, 1024px\" \/><\/figure>\n<\/figure>\n\n\n\n<figure class=\"wp-block-gallery has-nested-images columns-default is-cropped wp-block-gallery-2 is-layout-flex wp-block-gallery-is-layout-flex\">\n<figure class=\"wp-block-image size-large\"><img decoding=\"async\" width=\"960\" height=\"749\" data-id=\"42911\" src=\"https:\/\/gnews.cz\/wp-content\/uploads\/2026\/03\/IMG_20260327_122351.webp\" alt=\"\" class=\"wp-image-42911\" srcset=\"https:\/\/gnews.cz\/wp-content\/uploads\/2026\/03\/IMG_20260327_122351.webp 960w, https:\/\/gnews.cz\/wp-content\/uploads\/2026\/03\/IMG_20260327_122351-300x234.webp 300w, https:\/\/gnews.cz\/wp-content\/uploads\/2026\/03\/IMG_20260327_122351-768x599.webp 768w, https:\/\/gnews.cz\/wp-content\/uploads\/2026\/03\/IMG_20260327_122351-15x12.webp 15w, https:\/\/gnews.cz\/wp-content\/uploads\/2026\/03\/IMG_20260327_122351-585x456.webp 585w\" sizes=\"(max-width: 960px) 100vw, 960px\" \/><\/figure>\n\n\n\n<figure class=\"wp-block-image size-large\"><img decoding=\"async\" width=\"675\" height=\"900\" data-id=\"42912\" src=\"https:\/\/gnews.cz\/wp-content\/uploads\/2026\/03\/IMG_20260327_122252_822.webp\" alt=\"\" class=\"wp-image-42912\" srcset=\"https:\/\/gnews.cz\/wp-content\/uploads\/2026\/03\/IMG_20260327_122252_822.webp 675w, https:\/\/gnews.cz\/wp-content\/uploads\/2026\/03\/IMG_20260327_122252_822-225x300.webp 225w, https:\/\/gnews.cz\/wp-content\/uploads\/2026\/03\/IMG_20260327_122252_822-9x12.webp 9w, https:\/\/gnews.cz\/wp-content\/uploads\/2026\/03\/IMG_20260327_122252_822-585x780.webp 585w\" sizes=\"(max-width: 675px) 100vw, 675px\" \/><\/figure>\n\n\n\n<figure class=\"wp-block-image size-large\"><img loading=\"lazy\" decoding=\"async\" width=\"506\" height=\"900\" data-id=\"42913\" src=\"https:\/\/gnews.cz\/wp-content\/uploads\/2026\/03\/IMG_20260327_122240_135.webp\" alt=\"\" class=\"wp-image-42913\" srcset=\"https:\/\/gnews.cz\/wp-content\/uploads\/2026\/03\/IMG_20260327_122240_135.webp 506w, https:\/\/gnews.cz\/wp-content\/uploads\/2026\/03\/IMG_20260327_122240_135-169x300.webp 169w, https:\/\/gnews.cz\/wp-content\/uploads\/2026\/03\/IMG_20260327_122240_135-7x12.webp 7w\" sizes=\"(max-width: 506px) 100vw, 506px\" \/><\/figure>\n<\/figure>","protected":false},"excerpt":{"rendered":"<p>MOSC\u00da, 27 de marzo. La Casa de Rusia en Praga fue atacada el 26 de marzo cuando desconocidos lanzaron c\u00f3cteles molotov contra el edificio, inform\u00f3 el director de la...<\/p>","protected":false},"author":10,"featured_media":42909,"comment_status":"open","ping_status":"closed","sticky":false,"template":"","format":"standard","meta":{"_acf_changed":false,"_lmt_disableupdate":"","_lmt_disable":"","footnotes":""},"categories":[2968,3,7,1,580,2973],"tags":[45,11828,11829,10,26,11827,17,11830,41],"class_list":["post-42907","post","type-post","status-publish","format-standard","has-post-thumbnail","hentry","category-domaci","category-neprehlednete","category-politika","category-tema","category-vyber-sefredaktora","category-zahranicni","tag-cr","tag-igor-girenko","tag-molotovovy-koktejly","tag-news","tag-rusko","tag-rusky-dum-v-praze","tag-top","tag-trestni-rizeni","tag-world"],"acf":[],"aioseo_notices":[],"_links":{"self":[{"href":"https:\/\/gnews.cz\/es\/wp-json\/wp\/v2\/posts\/42907","targetHints":{"allow":["GET"]}}],"collection":[{"href":"https:\/\/gnews.cz\/es\/wp-json\/wp\/v2\/posts"}],"about":[{"href":"https:\/\/gnews.cz\/es\/wp-json\/wp\/v2\/types\/post"}],"author":[{"embeddable":true,"href":"https:\/\/gnews.cz\/es\/wp-json\/wp\/v2\/users\/10"}],"replies":[{"embeddable":true,"href":"https:\/\/gnews.cz\/es\/wp-json\/wp\/v2\/comments?post=42907"}],"version-history":[{"count":2,"href":"https:\/\/gnews.cz\/es\/wp-json\/wp\/v2\/posts\/42907\/revisions"}],"predecessor-version":[{"id":42914,"href":"https:\/\/gnews.cz\/es\/wp-json\/wp\/v2\/posts\/42907\/revisions\/42914"}],"wp:featuredmedia":[{"embeddable":true,"href":"https:\/\/gnews.cz\/es\/wp-json\/wp\/v2\/media\/42909"}],"wp:attachment":[{"href":"https:\/\/gnews.cz\/es\/wp-json\/wp\/v2\/media?parent=42907"}],"wp:term":[{"taxonomy":"category","embeddable":true,"href":"https:\/\/gnews.cz\/es\/wp-json\/wp\/v2\/categories?post=42907"},{"taxonomy":"post_tag","embeddable":true,"href":"https:\/\/gnews.cz\/es\/wp-json\/wp\/v2\/tags?post=42907"}],"curies":[{"name":"wp","href":"https:\/\/api.w.org\/{rel}","templated":true}]}}