{"id":42915,"date":"2026-03-27T18:30:00","date_gmt":"2026-03-27T17:30:00","guid":{"rendered":"https:\/\/gnews.cz\/?p=42915"},"modified":"2026-03-27T10:41:29","modified_gmt":"2026-03-27T09:41:29","slug":"divadla-slavi-svetovy-den-ktery-odstartoval-na-pocatku-v-helsinkach","status":"publish","type":"post","link":"https:\/\/gnews.cz\/es\/tema\/divadla-slavi-svetovy-den-ktery-odstartoval-na-pocatku-v-helsinkach\/","title":{"rendered":"Los teatros celebran el D\u00eda Mundial que arranc\u00f3 en Helsinki"},"content":{"rendered":"<p><strong>El D\u00eda Internacional del Teatro fue establecido en 1961 por el Instituto Internacional del Teatro (ITI). Todos los Centros Nacionales del ITI celebran anualmente este d\u00eda el 27 de marzo y, con ellos, toda la comunidad teatral internacional. Con este motivo se organizan diversos actos teatrales.<\/strong><\/p>\n\n\n\n<blockquote class=\"wp-block-quote is-layout-flow wp-block-quote-is-layout-flow\">\n<p><strong>El D\u00eda Mundial del Teatro fue propuesto primero en Helsinki y despu\u00e9s en Viena, en el 9\u00ba Congreso Mundial del Instituto Internacional del Teatro, en junio de 1961, por el Presidente Arvi Kivimaa en nombre del Centro Finland\u00e9s del Instituto Internacional del Teatro. Los Centros Nacionales del IIT, que en la actualidad son casi 100 en todo el mundo, celebran el D\u00eda Mundial del Teatro de muchas y variadas formas.<\/strong><\/p>\n<\/blockquote>\n\n\n\n<p>Cada a\u00f1o se invita a una personalidad destacada del teatro o a una persona de coraz\u00f3n y esp\u00edritu de un \u00e1mbito diferente a compartir sus ideas sobre el teatro y la armon\u00eda entre los pueblos. Lo que se conoce como Mensaje Internacional se traduce a m\u00e1s de 20 idiomas, se lee a decenas de miles de espectadores antes de las representaciones en teatros de todo el mundo y se publica en cientos de peri\u00f3dicos. <\/p>\n\n\n\n<h2 class=\"wp-block-heading\"><strong>En la Rep\u00fablica Checa, el D\u00eda Mundial del Teatro se celebra con la Noche de los Teatros, que tiene lugar el pr\u00f3ximo s\u00e1bado en torno al 27 de marzo.<\/strong><\/h2>\n\n\n\n<p><strong><a href=\"https:\/\/www.kudyznudy.cz\/aktuality\/divadla-zitra-oslavi-svetovy-den-divadla\" title=\"\">kudyznudy.cz<\/a>\/gnews.cz<\/strong><\/p>\n\n\n\n<figure class=\"wp-block-gallery has-nested-images columns-default is-cropped wp-block-gallery-1 is-layout-flex wp-block-gallery-is-layout-flex\">\n<figure class=\"wp-block-image size-large\"><img fetchpriority=\"high\" decoding=\"async\" width=\"889\" height=\"577\" data-id=\"42919\" src=\"https:\/\/gnews.cz\/wp-content\/uploads\/2026\/03\/Screenshot_20260327_124049.webp\" alt=\"\" class=\"wp-image-42919\" srcset=\"https:\/\/gnews.cz\/wp-content\/uploads\/2026\/03\/Screenshot_20260327_124049.webp 889w, https:\/\/gnews.cz\/wp-content\/uploads\/2026\/03\/Screenshot_20260327_124049-300x195.webp 300w, https:\/\/gnews.cz\/wp-content\/uploads\/2026\/03\/Screenshot_20260327_124049-768x498.webp 768w, https:\/\/gnews.cz\/wp-content\/uploads\/2026\/03\/Screenshot_20260327_124049-18x12.webp 18w, https:\/\/gnews.cz\/wp-content\/uploads\/2026\/03\/Screenshot_20260327_124049-585x380.webp 585w\" sizes=\"(max-width: 889px) 100vw, 889px\" \/><\/figure>\n\n\n\n<figure class=\"wp-block-image size-large\"><img decoding=\"async\" width=\"1024\" height=\"650\" data-id=\"42920\" src=\"https:\/\/gnews.cz\/wp-content\/uploads\/2026\/03\/Screenshot_20260327_124106-1024x650.webp\" alt=\"\" class=\"wp-image-42920\" srcset=\"https:\/\/gnews.cz\/wp-content\/uploads\/2026\/03\/Screenshot_20260327_124106-1024x650.webp 1024w, https:\/\/gnews.cz\/wp-content\/uploads\/2026\/03\/Screenshot_20260327_124106-300x190.webp 300w, https:\/\/gnews.cz\/wp-content\/uploads\/2026\/03\/Screenshot_20260327_124106-768x487.webp 768w, https:\/\/gnews.cz\/wp-content\/uploads\/2026\/03\/Screenshot_20260327_124106-18x12.webp 18w, https:\/\/gnews.cz\/wp-content\/uploads\/2026\/03\/Screenshot_20260327_124106-1170x743.webp 1170w, https:\/\/gnews.cz\/wp-content\/uploads\/2026\/03\/Screenshot_20260327_124106-585x371.webp 585w, https:\/\/gnews.cz\/wp-content\/uploads\/2026\/03\/Screenshot_20260327_124106.webp 1221w\" sizes=\"(max-width: 1024px) 100vw, 1024px\" \/><\/figure>\n<\/figure>","protected":false},"excerpt":{"rendered":"<p>El D\u00eda Internacional del Teatro fue establecido en 1961 por el Instituto Internacional del Teatro (ITI). Este d\u00eda se celebra anualmente el 27 de marzo...<\/p>","protected":false},"author":10,"featured_media":42917,"comment_status":"open","ping_status":"closed","sticky":false,"template":"","format":"standard","meta":{"_acf_changed":false,"_lmt_disableupdate":"","_lmt_disable":"","footnotes":""},"categories":[2968,6,3,1,3104,580,8,5],"tags":[11835,45,11834,11833,11832,11831,10,11837,11836,17,987,41],"class_list":["post-42915","post","type-post","status-publish","format-standard","has-post-thumbnail","hentry","category-domaci","category-kultura","category-neprehlednete","category-tema","category-veda","category-vyber-sefredaktora","category-zabava","category-zdravy-styl","tag-arvi-kivimaa","tag-cr","tag-finsky-stredisko-mezinarodni-divadelni-ustav","tag-helsinky","tag-international-theatre-institute-iti","tag-mezinarodni-den-divadla","tag-news","tag-noc-divadel","tag-poselstvi","tag-top","tag-viden","tag-world"],"acf":[],"aioseo_notices":[],"_links":{"self":[{"href":"https:\/\/gnews.cz\/es\/wp-json\/wp\/v2\/posts\/42915","targetHints":{"allow":["GET"]}}],"collection":[{"href":"https:\/\/gnews.cz\/es\/wp-json\/wp\/v2\/posts"}],"about":[{"href":"https:\/\/gnews.cz\/es\/wp-json\/wp\/v2\/types\/post"}],"author":[{"embeddable":true,"href":"https:\/\/gnews.cz\/es\/wp-json\/wp\/v2\/users\/10"}],"replies":[{"embeddable":true,"href":"https:\/\/gnews.cz\/es\/wp-json\/wp\/v2\/comments?post=42915"}],"version-history":[{"count":2,"href":"https:\/\/gnews.cz\/es\/wp-json\/wp\/v2\/posts\/42915\/revisions"}],"predecessor-version":[{"id":42921,"href":"https:\/\/gnews.cz\/es\/wp-json\/wp\/v2\/posts\/42915\/revisions\/42921"}],"wp:featuredmedia":[{"embeddable":true,"href":"https:\/\/gnews.cz\/es\/wp-json\/wp\/v2\/media\/42917"}],"wp:attachment":[{"href":"https:\/\/gnews.cz\/es\/wp-json\/wp\/v2\/media?parent=42915"}],"wp:term":[{"taxonomy":"category","embeddable":true,"href":"https:\/\/gnews.cz\/es\/wp-json\/wp\/v2\/categories?post=42915"},{"taxonomy":"post_tag","embeddable":true,"href":"https:\/\/gnews.cz\/es\/wp-json\/wp\/v2\/tags?post=42915"}],"curies":[{"name":"wp","href":"https:\/\/api.w.org\/{rel}","templated":true}]}}